

{"id":5504,"date":"2024-05-15T15:39:54","date_gmt":"2024-05-15T18:39:54","guid":{"rendered":"https:\/\/goias.gov.br\/vicegovernadoria\/?p=5504"},"modified":"2024-05-17T14:22:08","modified_gmt":"2024-05-17T17:22:08","slug":"daniel-vilela-reafirma-apoio-as-industrias-que-se-instalam-em-goias","status":"publish","type":"post","link":"https:\/\/goias.gov.br\/vicegovernadoria\/daniel-vilela-reafirma-apoio-as-industrias-que-se-instalam-em-goias\/","title":{"rendered":"Daniel Vilela reafirma apoio \u00e0s ind\u00fastrias que se instalam em Goi\u00e1s"},"content":{"rendered":"\n<p><em>Governador em exerc\u00edcio participou do lan\u00e7amento do novo terminal da Granel Qu\u00edmica, em Santa Helena de Goi\u00e1s. Investimentos s\u00e3o de R$ 170 milh\u00f5es, com gera\u00e7\u00e3o de 350 empregos<\/em><\/p>\n\n\n\n<p>O governador em exerc\u00edcio Daniel Vilela reafirmou, nesta quarta-feira (15\/05), o compromisso do Governo do Estado em apoiar empresas e ind\u00fastrias que querem se instalar em Goi\u00e1s, durante lan\u00e7amento da pedra fundamental do novo terminal da Granel Qu\u00edmica, em Santa Helena de Goi\u00e1s, na regi\u00e3o Sudoeste do estado. A empresa anunciou investimentos da ordem de R$ 170 milh\u00f5es, com gera\u00e7\u00e3o de 350 empregos diretos e indiretos.<\/p>\n\n\n\n<p>Na ocasi\u00e3o, Daniel Vilela tamb\u00e9m destacou os investimentos estaduais em rodovias que d\u00e3o acesso ao novo terminal para armazenagem de l\u00edquidos, que ser\u00e1 constru\u00eddo em um terreno pr\u00f3ximo ao km 3 da GO-210 &#8211; que liga a cidade a Turvel\u00e2ndia -, \u00e0s margens da ferrovia Norte-Sul. \u201cN\u00f3s queremos facilitar o trabalho daqueles que querem investir em Goi\u00e1s e gerar mais oportunidades aos goianos\u201d, destacou.<\/p>\n\n\n\n<p>O presidente da Granel Qu\u00edmica, Edson Souki, agradeceu ao governador Ronaldo Caiado pelo apoio recebido ao longo dos dois anos de estudos t\u00e9cnicos que resultaram na elabora\u00e7\u00e3o do projeto final, que inclui a implanta\u00e7\u00e3o de um ramal ferrovi\u00e1rio para conectar o terminal \u00e0 ferrovia Norte-Sul e \u00e0s plataformas rodovi\u00e1rias. \u201cO escoamento da produ\u00e7\u00e3o de etanol, biodiesel e de \u00f3leos vegetais, al\u00e9m de outras commodities produzidas nesta regi\u00e3o, ser\u00e1 feita por vag\u00f5es, o que vai aumentar consideravelmente nosso potencial log\u00edstico\u201d, detalhou o presidente. A previs\u00e3o \u00e9 de que as obras durem 18 meses.<\/p>\n\n\n\n<p>\u201cVoc\u00eas n\u00e3o poderiam ter escolhido local mais adequado para esta instala\u00e7\u00e3o. Estamos no chamado \u2018cintur\u00e3o verde\u2019 ou \u2018cintur\u00e3o da cana-de-a\u00e7\u00facar\u2019\u201d, completou Daniel, referindo-se ao conjunto de munic\u00edpios, liderado por Santa Helena, que ocupam a segunda posi\u00e7\u00e3o nacional na produ\u00e7\u00e3o de a\u00e7\u00facar e etanol.<\/p>\n\n\n\n<p>Tamb\u00e9m presente \u00e0 solenidade, o prefeito Jo\u00e3o Alberto Rodrigues celebrou, em discurso, os investimentos que ser\u00e3o, ao longo dos pr\u00f3ximos meses, aportados na obra do novo terminal. \u201cTemos aqui o in\u00edcio de uma nova realidade. Os moradores de Santa Helena esperavam por esta iniciativa que vai abrir ainda mais as portas do desenvolvimento e do progresso da nossa cidade\u201d, afirmou.<\/p>\n\n\n\n<p>Granel Qu\u00edmica<br>O terminal em Santa Helena \u00e9 o oitavo da Granel Qu\u00edmica no pa\u00eds. A empresa, h\u00e1 50 anos no Brasil, \u00e9 associada ao grupo noruegu\u00eas Odfjell. As obras preveem a constru\u00e7\u00e3o de seis grandes tanques com capacidade de armazenamento de seis milh\u00f5es de litros cada. T\u00e3o logo o terminal seja conclu\u00eddo, ele movimentar\u00e1 anualmente 1 milh\u00e3o de toneladas de produtos a granel. Mas h\u00e1 um projeto-executivo pronto para expans\u00f5es futuras, o que o permitir\u00e1 chegar a 7 milh\u00f5es de toneladas\/ano.<\/p>\n\n\n\n<p>\u201cTenho absoluta certeza de que os investimentos da Granel Qu\u00edmica, t\u00e3o logo se concretizem, servir\u00e3o para atrair outras empresas para c\u00e1. Vislumbro aqui, nesta regi\u00e3o, um grande parque industrial a contribuir com o desenvolvimento de Goi\u00e1s\u201d, arrematou Daniel.<\/p>\n\n\n\n<figure class=\"wp-block-gallery has-nested-images columns-default is-cropped wp-block-gallery-1 is-layout-flex wp-block-gallery-is-layout-flex\">\n<figure class=\"wp-block-image size-large\"><img fetchpriority=\"high\" decoding=\"async\" width=\"875\" height=\"583\" data-id=\"5506\" src=\"https:\/\/goias.gov.br\/vicegovernadoria\/wp-content\/uploads\/sites\/38\/2024\/05\/santa2.png\" alt=\"\" class=\"wp-image-5506\"\/><\/figure>\n\n\n\n<figure class=\"wp-block-image size-large\"><img decoding=\"async\" width=\"874\" height=\"576\" data-id=\"5507\" src=\"https:\/\/goias.gov.br\/vicegovernadoria\/wp-content\/uploads\/sites\/38\/2024\/05\/santa3.png\" alt=\"\" class=\"wp-image-5507\"\/><\/figure>\n<\/figure>\n\n\n\n<p><strong>Foto: Jota Eur\u00edpedes<\/strong><br><strong>Vice-Governadoria &#8211; Governo de Goi\u00e1s<\/strong><\/p>\n","protected":false},"excerpt":{"rendered":"<p>Governador em exerc\u00edcio participou do lan\u00e7amento do novo terminal da Granel Qu\u00edmica, em Santa Helena de Goi\u00e1s. Investimentos s\u00e3o de R$ 170 milh\u00f5es, com gera\u00e7\u00e3o de 350 empregos O governador em exerc\u00edcio Daniel Vilela reafirmou, nesta quarta-feira (15\/05), o compromisso do Governo do Estado em apoiar empresas e ind\u00fastrias que querem se instalar em Goi\u00e1s, [&hellip;]<\/p>\n","protected":false},"author":404,"featured_media":5505,"comment_status":"closed","ping_status":"open","sticky":false,"template":"","format":"standard","meta":{"footnotes":"","_links_to":"","_links_to_target":""},"categories":[36],"tags":[],"class_list":["post-5504","post","type-post","status-publish","format-standard","has-post-thumbnail","hentry","category-noticias"],"rttpg_featured_image_url":{"full":["https:\/\/goias.gov.br\/vicegovernadoria\/wp-content\/uploads\/sites\/38\/2024\/05\/santa.png",874,580,false],"landscape":["https:\/\/goias.gov.br\/vicegovernadoria\/wp-content\/uploads\/sites\/38\/2024\/05\/santa.png",874,580,false],"portraits":["https:\/\/goias.gov.br\/vicegovernadoria\/wp-content\/uploads\/sites\/38\/2024\/05\/santa.png",874,580,false],"thumbnail":["https:\/\/goias.gov.br\/vicegovernadoria\/wp-content\/uploads\/sites\/38\/2024\/05\/santa.png",150,100,false],"medium":["https:\/\/goias.gov.br\/vicegovernadoria\/wp-content\/uploads\/sites\/38\/2024\/05\/santa.png",300,199,false],"large":["https:\/\/goias.gov.br\/vicegovernadoria\/wp-content\/uploads\/sites\/38\/2024\/05\/santa.png",874,580,false],"1536x1536":["https:\/\/goias.gov.br\/vicegovernadoria\/wp-content\/uploads\/sites\/38\/2024\/05\/santa.png",874,580,false],"2048x2048":["https:\/\/goias.gov.br\/vicegovernadoria\/wp-content\/uploads\/sites\/38\/2024\/05\/santa.png",874,580,false]},"rttpg_author":{"display_name":"ruireis","author_link":"https:\/\/goias.gov.br\/vicegovernadoria\/author\/ruireis\/"},"rttpg_comment":0,"rttpg_category":"<a href=\"https:\/\/goias.gov.br\/vicegovernadoria\/categoria\/noticias\/\" rel=\"category tag\">Not\u00edcias<\/a>","rttpg_excerpt":"Governador em exerc\u00edcio participou do lan\u00e7amento do novo terminal da Granel Qu\u00edmica, em Santa Helena de Goi\u00e1s. Investimentos s\u00e3o de R$ 170 milh\u00f5es, com gera\u00e7\u00e3o de 350 empregos O governador em exerc\u00edcio Daniel Vilela reafirmou, nesta quarta-feira (15\/05), o compromisso do Governo do Estado em apoiar empresas e ind\u00fastrias que querem se instalar em Goi\u00e1s,&hellip;","_links":{"self":[{"href":"https:\/\/goias.gov.br\/vicegovernadoria\/wp-json\/wp\/v2\/posts\/5504","targetHints":{"allow":["GET"]}}],"collection":[{"href":"https:\/\/goias.gov.br\/vicegovernadoria\/wp-json\/wp\/v2\/posts"}],"about":[{"href":"https:\/\/goias.gov.br\/vicegovernadoria\/wp-json\/wp\/v2\/types\/post"}],"author":[{"embeddable":true,"href":"https:\/\/goias.gov.br\/vicegovernadoria\/wp-json\/wp\/v2\/users\/404"}],"replies":[{"embeddable":true,"href":"https:\/\/goias.gov.br\/vicegovernadoria\/wp-json\/wp\/v2\/comments?post=5504"}],"version-history":[{"count":2,"href":"https:\/\/goias.gov.br\/vicegovernadoria\/wp-json\/wp\/v2\/posts\/5504\/revisions"}],"predecessor-version":[{"id":5533,"href":"https:\/\/goias.gov.br\/vicegovernadoria\/wp-json\/wp\/v2\/posts\/5504\/revisions\/5533"}],"wp:featuredmedia":[{"embeddable":true,"href":"https:\/\/goias.gov.br\/vicegovernadoria\/wp-json\/wp\/v2\/media\/5505"}],"wp:attachment":[{"href":"https:\/\/goias.gov.br\/vicegovernadoria\/wp-json\/wp\/v2\/media?parent=5504"}],"wp:term":[{"taxonomy":"category","embeddable":true,"href":"https:\/\/goias.gov.br\/vicegovernadoria\/wp-json\/wp\/v2\/categories?post=5504"},{"taxonomy":"post_tag","embeddable":true,"href":"https:\/\/goias.gov.br\/vicegovernadoria\/wp-json\/wp\/v2\/tags?post=5504"}],"curies":[{"name":"wp","href":"https:\/\/api.w.org\/{rel}","templated":true}]}}