

{"id":5312,"date":"2024-04-02T15:08:46","date_gmt":"2024-04-02T18:08:46","guid":{"rendered":"https:\/\/goias.gov.br\/vicegovernadoria\/?p=5312"},"modified":"2024-04-02T15:11:23","modified_gmt":"2024-04-02T18:11:23","slug":"daniel-vilela-afirma-que-tem-como-missao-de-vida-apoiar-produtores-de-leite-em-goias","status":"publish","type":"post","link":"https:\/\/goias.gov.br\/vicegovernadoria\/daniel-vilela-afirma-que-tem-como-missao-de-vida-apoiar-produtores-de-leite-em-goias\/","title":{"rendered":"Daniel Vilela afirma que tem como \u201cmiss\u00e3o de vida\u201d apoiar produtores de leite em Goi\u00e1s"},"content":{"rendered":"\n<p>Vice-governador esteve na Federa\u00e7\u00e3o da Agricultura e Pecu\u00e1ria de Goi\u00e1s (Faeg), ao lado do governador Ronaldo Caiado, para an\u00fancio de medidas que v\u00e3o valorizar e dar mais seguran\u00e7a \u00e0 cadeira produtiva de l\u00e1cteos no estado<\/p>\n\n\n\n<p>O vice-governador Daniel Vilela afirmou, nesta segunda-feira (25\/03), que tem como uma de suas principais miss\u00f5es de vida \u201ctransformar a realidade\u201d em que hoje vivem os produtores de leite no estado. Ele e o governador Ronaldo Caiado, al\u00e9m de parlamentares e presidentes de entidades de classe, se reuniram com a categoria na sede da Federa\u00e7\u00e3o da Agricultura e Pecu\u00e1ria de Goi\u00e1s (Faeg).<\/p>\n\n\n\n<p>A declara\u00e7\u00e3o do vice-governador tem como contexto as atuais dificuldades enfrentadas pelo setor, causadas principalmente pela forte importa\u00e7\u00e3o de leite pelas ind\u00fastrias e empresas do ramo &#8211; iniciativa que, por tabela, reduz o pre\u00e7o de venda da mat\u00e9ria prima no mercado interno. Na Faeg, Caiado sancionou o projeto de lei 4.332\/24, de autoria do Poder Executivo, que traz medidas para proteger a cadeia leiteira goiana, como o fim dos incentivos fiscais concedidos pelo governo goiano \u00e0s empresas que importam leite de outros pa\u00edses.<\/p>\n\n\n\n<figure class=\"wp-block-image size-full\"><img fetchpriority=\"high\" decoding=\"async\" width=\"726\" height=\"574\" src=\"https:\/\/goias.gov.br\/vicegovernadoria\/wp-content\/uploads\/sites\/38\/2024\/04\/da.png\" alt=\"\" class=\"wp-image-5315\"\/><\/figure>\n\n\n\n<p>\u201cVoc\u00eas representam um segmento que mais emprega pessoas no Brasil. Goi\u00e1s \u00e9 o sexto maior produtor do pa\u00eds\u201d, enfatizou o vice-governador. \u201cO que est\u00e1 sendo proposto aqui pelo Governo do Estado pode n\u00e3o resolver todos os problemas de voc\u00eas, mas com certeza \u00e9 uma demonstra\u00e7\u00e3o de for\u00e7a e de uni\u00e3o. E tamb\u00e9m sinaliza que n\u00e3o vamos aceitar imposi\u00e7\u00e3o de nenhuma ordem, por parte de quem quer que seja, na produ\u00e7\u00e3o de leite em Goi\u00e1s\u201d, destacou Daniel. \u201cContem comigo. Vamos juntos mudar a hist\u00f3ria desta atividade t\u00e3o importante e essencial para os goianos e brasileiros\u201d.<\/p>\n\n\n\n<p>Ele ainda relembrou que, por determina\u00e7\u00e3o do governador, participou, em novembro de 2023, do in\u00edcio das articula\u00e7\u00f5es com produtores de leite e com o deputado estadual Amauri Ribeiro \u2013 representante do segmento na Assembleia Legislativa &#8211; at\u00e9 que, depois de v\u00e1rias rodadas de conversas, as partes interessadas chegassem ao projeto de lei em quest\u00e3o. \u00c0quela \u00e9poca Daniel estava como governador em exerc\u00edcio.<\/p>\n\n\n\n<p>Por \u00faltimo, o vice-governador afirmou que o governador Ronaldo Caiado consegue \u201cdecidir corretamente\u201d a favor daqueles que mais precisam [do poder p\u00fablico] porque tem \u201cindepend\u00eancia moral e intelectual\u201d, o que o credencia a agir \u201ccom coragem e intelig\u00eancia\u201d. A fala do vice-governador faz alus\u00e3o \u00e0 possibilidade, agora prevista em lei, da suspens\u00e3o dos incentivos fiscais para quem importar leite \u2013 fato que deve provocar relativa contrariedade junto aos empres\u00e1rios do setor.<\/p>\n\n\n\n<p><strong>Fotos: Andr\u00e9 Costa<\/strong> <br><strong>Vice-Governadoria &#8211; Governo de Goi\u00e1s<\/strong><\/p>\n","protected":false},"excerpt":{"rendered":"<p>Vice-governador esteve na Federa\u00e7\u00e3o da Agricultura e Pecu\u00e1ria de Goi\u00e1s (Faeg), ao lado do governador Ronaldo Caiado, para an\u00fancio de medidas que v\u00e3o valorizar e dar mais seguran\u00e7a \u00e0 cadeira produtiva de l\u00e1cteos no estado O vice-governador Daniel Vilela afirmou, nesta segunda-feira (25\/03), que tem como uma de suas principais miss\u00f5es de vida \u201ctransformar a [&hellip;]<\/p>\n","protected":false},"author":404,"featured_media":5314,"comment_status":"closed","ping_status":"open","sticky":false,"template":"","format":"standard","meta":{"footnotes":"","_links_to":"","_links_to_target":""},"categories":[36],"tags":[],"class_list":["post-5312","post","type-post","status-publish","format-standard","has-post-thumbnail","hentry","category-noticias"],"rttpg_featured_image_url":{"full":["https:\/\/goias.gov.br\/vicegovernadoria\/wp-content\/uploads\/sites\/38\/2024\/04\/Capturar.png",632,575,false],"landscape":["https:\/\/goias.gov.br\/vicegovernadoria\/wp-content\/uploads\/sites\/38\/2024\/04\/Capturar.png",632,575,false],"portraits":["https:\/\/goias.gov.br\/vicegovernadoria\/wp-content\/uploads\/sites\/38\/2024\/04\/Capturar.png",632,575,false],"thumbnail":["https:\/\/goias.gov.br\/vicegovernadoria\/wp-content\/uploads\/sites\/38\/2024\/04\/Capturar.png",150,136,false],"medium":["https:\/\/goias.gov.br\/vicegovernadoria\/wp-content\/uploads\/sites\/38\/2024\/04\/Capturar.png",300,273,false],"large":["https:\/\/goias.gov.br\/vicegovernadoria\/wp-content\/uploads\/sites\/38\/2024\/04\/Capturar.png",632,575,false],"1536x1536":["https:\/\/goias.gov.br\/vicegovernadoria\/wp-content\/uploads\/sites\/38\/2024\/04\/Capturar.png",632,575,false],"2048x2048":["https:\/\/goias.gov.br\/vicegovernadoria\/wp-content\/uploads\/sites\/38\/2024\/04\/Capturar.png",632,575,false]},"rttpg_author":{"display_name":"ruireis","author_link":"https:\/\/goias.gov.br\/vicegovernadoria\/author\/ruireis\/"},"rttpg_comment":0,"rttpg_category":"<a href=\"https:\/\/goias.gov.br\/vicegovernadoria\/categoria\/noticias\/\" rel=\"category tag\">Not\u00edcias<\/a>","rttpg_excerpt":"Vice-governador esteve na Federa\u00e7\u00e3o da Agricultura e Pecu\u00e1ria de Goi\u00e1s (Faeg), ao lado do governador Ronaldo Caiado, para an\u00fancio de medidas que v\u00e3o valorizar e dar mais seguran\u00e7a \u00e0 cadeira produtiva de l\u00e1cteos no estado O vice-governador Daniel Vilela afirmou, nesta segunda-feira (25\/03), que tem como uma de suas principais miss\u00f5es de vida \u201ctransformar a&hellip;","_links":{"self":[{"href":"https:\/\/goias.gov.br\/vicegovernadoria\/wp-json\/wp\/v2\/posts\/5312","targetHints":{"allow":["GET"]}}],"collection":[{"href":"https:\/\/goias.gov.br\/vicegovernadoria\/wp-json\/wp\/v2\/posts"}],"about":[{"href":"https:\/\/goias.gov.br\/vicegovernadoria\/wp-json\/wp\/v2\/types\/post"}],"author":[{"embeddable":true,"href":"https:\/\/goias.gov.br\/vicegovernadoria\/wp-json\/wp\/v2\/users\/404"}],"replies":[{"embeddable":true,"href":"https:\/\/goias.gov.br\/vicegovernadoria\/wp-json\/wp\/v2\/comments?post=5312"}],"version-history":[{"count":2,"href":"https:\/\/goias.gov.br\/vicegovernadoria\/wp-json\/wp\/v2\/posts\/5312\/revisions"}],"predecessor-version":[{"id":5317,"href":"https:\/\/goias.gov.br\/vicegovernadoria\/wp-json\/wp\/v2\/posts\/5312\/revisions\/5317"}],"wp:featuredmedia":[{"embeddable":true,"href":"https:\/\/goias.gov.br\/vicegovernadoria\/wp-json\/wp\/v2\/media\/5314"}],"wp:attachment":[{"href":"https:\/\/goias.gov.br\/vicegovernadoria\/wp-json\/wp\/v2\/media?parent=5312"}],"wp:term":[{"taxonomy":"category","embeddable":true,"href":"https:\/\/goias.gov.br\/vicegovernadoria\/wp-json\/wp\/v2\/categories?post=5312"},{"taxonomy":"post_tag","embeddable":true,"href":"https:\/\/goias.gov.br\/vicegovernadoria\/wp-json\/wp\/v2\/tags?post=5312"}],"curies":[{"name":"wp","href":"https:\/\/api.w.org\/{rel}","templated":true}]}}