

{"id":4782,"date":"2023-05-15T15:59:14","date_gmt":"2023-05-15T18:59:14","guid":{"rendered":"https:\/\/siteshom.goias.gov.br\/vicegovernadoria\/daniel-vilela-formata-missao-internacional-a-china-durante-reuniao-com-executivos-chineses\/"},"modified":"2023-05-15T15:59:14","modified_gmt":"2023-05-15T18:59:14","slug":"daniel-vilela-formata-missao-internacional-a-china-durante-reuniao-com-executivos-chineses","status":"publish","type":"post","link":"https:\/\/goias.gov.br\/vicegovernadoria\/daniel-vilela-formata-missao-internacional-a-china-durante-reuniao-com-executivos-chineses\/","title":{"rendered":"Daniel Vilela formata miss\u00e3o internacional \u00e0 China durante reuni\u00e3o com executivos chineses"},"content":{"rendered":"<p><img fetchpriority=\"high\" decoding=\"async\" class=\" size-full wp-image-4781\" src=\"https:\/\/goias.gov.br\/vicegovernadoria\/wp-content\/uploads\/sites\/38\/2023\/05\/df-a7e.jpeg\" alt=\"\" width=\"1024\" height=\"682\" srcset=\"https:\/\/goias.gov.br\/vicegovernadoria\/wp-content\/uploads\/sites\/38\/2023\/05\/df-a7e.jpeg 1024w, https:\/\/goias.gov.br\/vicegovernadoria\/wp-content\/uploads\/sites\/38\/2023\/05\/df-a7e-300x200.jpeg 300w, https:\/\/goias.gov.br\/vicegovernadoria\/wp-content\/uploads\/sites\/38\/2023\/05\/df-a7e-768x512.jpeg 768w\" sizes=\"(max-width: 1024px) 100vw, 1024px\" \/><\/p>\n<p><strong>Viagem est&aacute; confirmada para a primeira quinzena de junho e tem o objetivo de atrair parcerias e investimentos para o Estado. Grupo chin&ecirc;s chegou &agrave; Goi&acirc;nia com respaldo de 20 grandes empresas daquele pa&iacute;s<\/strong><\/p>\n<p>Uma comitiva goiana liderada pelo vice-governador Daniel Vilela vai desembarcar na China na primeira quinzena de junho com o objetivo de atrair parcerias e investimentos para o Estado de Goi&aacute;s. O assunto foi discutido, nesta quinta-feira (11\/05), durante reuni&atilde;o do vice-governador Daniel Vilela com representantes do F&oacute;rum das Entidades Empresariais e cinco integrantes de uma delega&ccedil;&atilde;o chinesa denominada &ldquo;BRICS PartNIR&rdquo;.<\/p>\n<p>&ldquo;Trabalhamos para ampliar e aproveitar esse &oacute;timo momento que Goi&aacute;s vive para buscar mais empresas e ind&uacute;strias para c&aacute; e, assim, fomentar ainda mais a economia do nosso estado. De tudo que exportamos, metade vai para a China, nosso principal parceiro comercial. Da&iacute; a import&acirc;ncia de intensificarmos as rela&ccedil;&otilde;es com este pa&iacute;s&rdquo;, disse Daniel durante o encontro realizado na sede da Associa&ccedil;&atilde;o Comercial e Industrial do Estado de Goi&aacute;s (Acieg).<\/p>\n<p>A delega&ccedil;&atilde;o chinesa que desembarcou na capital &ndash; e que est&aacute; no pa&iacute;s h&aacute; dois dias &#8211; representa 20 grandes empresas que integram a lista das 300 maiores da China. &ldquo;O Brasil foi o primeiro a nos visitar depois do per&iacute;odo pand&ecirc;mico [de Covid-19; em refer&ecirc;ncia &agrave; ida do presidente Lula]. Estamos com boas expectativas para neg&oacute;cios e relacionamentos&rdquo;, destacou Hong Liang, diretor-geral adjunto do Grupo L&iacute;der de Xiamen. &ldquo;Estamos aqui para reafirmar as potencialidades do nosso estado para esse mercado consumidor e pujante que &eacute; a China&rdquo;, devolveu Rubens Fileti, presidente da Acieg.<\/p>\n<p>O Governo de Goi&aacute;s busca, com esta miss&atilde;o internacional, acordos comerciais e investimentos a serem feitos pela China em solo goiano em &aacute;reas como infraestrutura, mobilidade, ind&uacute;stria, agricultura e energia renov&aacute;vel. O roteiro prev&ecirc; compromissos como visitas t&eacute;cnicas a ind&uacute;strias farmac&ecirc;uticas, f&aacute;brica de tratores e &agrave;s usinas que transforma res&iacute;duos s&oacute;lidos em energia, al&eacute;m de reuni&otilde;es com empres&aacute;rios e representantes do BRICS (grupo de pa&iacute;ses de economias emergentes formado por Brasil, R&uacute;ssia, &Iacute;ndia, China e &Aacute;frica do Sul) e participa&ccedil;&atilde;o em uma feira de neg&oacute;cios.<\/p>\n<p>A miss&atilde;o ser&aacute; dividida em duas etapas: al&eacute;m da ida de Daniel, empres&aacute;rios, industriais e agentes pol&iacute;ticos ao territ&oacute;rio chin&ecirc;s no pr&oacute;ximo m&ecirc;s, o governador Ronaldo Caiado tamb&eacute;m embarcar&aacute; com uma segunda comitiva no segundo semestre deste ano, quando deve arrematar os di&aacute;logos j&aacute; iniciados pelo vice-governador. &ldquo;Ser&aacute; uma agenda intensa, para a qual contamos com o apoio da Ag&ecirc;ncia Brasileira de Promo&ccedil;&atilde;o de Exporta&ccedil;&otilde;es e Investimentos (Apex). Nosso objetivo &eacute; transformar esta &oacute;tima rela&ccedil;&atilde;o com a China em resultados pr&aacute;ticos que incluem, inclusive, a gera&ccedil;&atilde;o de mais empregos para os goianos&rdquo;, disse Daniel.<\/p>\n<p>A reuni&atilde;o na Acieg ainda relembrou os 30 anos dos primeiros acordos comerciais firmados entre Goi&aacute;s e China pelo ent&atilde;o vice-governador Maguito Vilela, pai de Daniel, no segundo governo de Iris Rezende (1991-1994). &ldquo;O in&iacute;cio desta rela&ccedil;&atilde;o trouxe &oacute;timos resultados para o estado. Como a instala&ccedil;&atilde;o da Mitsubishi, montadora japonesa que fabrica carros e caminh&otilde;es&rdquo;, exemplificou Fileti. &ldquo;Esta viagem &eacute; ainda mais especial pra mim&rdquo;, disse, em tom de saudosismo, o vice-governador.<\/p>\n<p>Ind&uacute;stria de tratores<br \/>\nAp&oacute;s o evento na Acieg, o vice-governador seguiu para o Pal&aacute;cio das Esmeraldas, onde almo&ccedil;ou com o governador Ronaldo Caiado e empres&aacute;rios do YTO Group Corporation, empresa chinesa fabricante de tratores, colheitadeiras e maquin&aacute;rio de constru&ccedil;&atilde;o. Ap&oacute;s tratativas de Daniel, sob orienta&ccedil;&atilde;o do governador, iniciadas no dia 24 de abril, o grupo avalia a possibilidade de instala&ccedil;&atilde;o de uma planta industrial em Aparecida de Goi&acirc;nia.<\/p>\n<p>Fotos: Andr&eacute; Costa e Jota Eur&iacute;pedes<\/p>\n<p>Legenda: Vice-governador Daniel Vilela durante reuni&atilde;o com representantes do F&oacute;rum das Entidades Empresariais e executivos chineses na Acieg<\/p>\n<p>Vice-Governadoria &ndash; Governo de Goi&aacute;s<\/p>\n","protected":false},"excerpt":{"rendered":"<p>Viagem est&aacute; confirmada para a primeira quinzena de junho e tem o objetivo de atrair parcerias e investimentos para o Estado. Grupo chin&ecirc;s chegou &agrave; Goi&acirc;nia com respaldo de 20 grandes empresas daquele pa&iacute;s Uma comitiva goiana liderada pelo vice-governador Daniel Vilela vai desembarcar na China na primeira quinzena de junho com o objetivo de [&hellip;]<\/p>\n","protected":false},"author":763,"featured_media":4781,"comment_status":"closed","ping_status":"open","sticky":false,"template":"","format":"standard","meta":{"footnotes":"","_links_to":"","_links_to_target":""},"categories":[36],"tags":[],"class_list":["post-4782","post","type-post","status-publish","format-standard","has-post-thumbnail","hentry","category-noticias"],"rttpg_featured_image_url":{"full":["https:\/\/goias.gov.br\/vicegovernadoria\/wp-content\/uploads\/sites\/38\/2023\/05\/df-a7e.jpeg",1024,682,false],"landscape":["https:\/\/goias.gov.br\/vicegovernadoria\/wp-content\/uploads\/sites\/38\/2023\/05\/df-a7e.jpeg",1024,682,false],"portraits":["https:\/\/goias.gov.br\/vicegovernadoria\/wp-content\/uploads\/sites\/38\/2023\/05\/df-a7e.jpeg",1024,682,false],"thumbnail":["https:\/\/goias.gov.br\/vicegovernadoria\/wp-content\/uploads\/sites\/38\/2023\/05\/df-a7e-150x150.jpeg",150,150,true],"medium":["https:\/\/goias.gov.br\/vicegovernadoria\/wp-content\/uploads\/sites\/38\/2023\/05\/df-a7e-300x200.jpeg",300,200,true],"large":["https:\/\/goias.gov.br\/vicegovernadoria\/wp-content\/uploads\/sites\/38\/2023\/05\/df-a7e.jpeg",1024,682,false],"1536x1536":["https:\/\/goias.gov.br\/vicegovernadoria\/wp-content\/uploads\/sites\/38\/2023\/05\/df-a7e.jpeg",1024,682,false],"2048x2048":["https:\/\/goias.gov.br\/vicegovernadoria\/wp-content\/uploads\/sites\/38\/2023\/05\/df-a7e.jpeg",1024,682,false]},"rttpg_author":{"display_name":"thiagopancieri","author_link":"https:\/\/goias.gov.br\/vicegovernadoria\/author\/thiagopancieri\/"},"rttpg_comment":0,"rttpg_category":"<a href=\"https:\/\/goias.gov.br\/vicegovernadoria\/categoria\/noticias\/\" rel=\"category tag\">Not\u00edcias<\/a>","rttpg_excerpt":"Viagem est&aacute; confirmada para a primeira quinzena de junho e tem o objetivo de atrair parcerias e investimentos para o Estado. Grupo chin&ecirc;s chegou &agrave; Goi&acirc;nia com respaldo de 20 grandes empresas daquele pa&iacute;s Uma comitiva goiana liderada pelo vice-governador Daniel Vilela vai desembarcar na China na primeira quinzena de junho com o objetivo de&hellip;","_links":{"self":[{"href":"https:\/\/goias.gov.br\/vicegovernadoria\/wp-json\/wp\/v2\/posts\/4782","targetHints":{"allow":["GET"]}}],"collection":[{"href":"https:\/\/goias.gov.br\/vicegovernadoria\/wp-json\/wp\/v2\/posts"}],"about":[{"href":"https:\/\/goias.gov.br\/vicegovernadoria\/wp-json\/wp\/v2\/types\/post"}],"author":[{"embeddable":true,"href":"https:\/\/goias.gov.br\/vicegovernadoria\/wp-json\/wp\/v2\/users\/763"}],"replies":[{"embeddable":true,"href":"https:\/\/goias.gov.br\/vicegovernadoria\/wp-json\/wp\/v2\/comments?post=4782"}],"version-history":[{"count":0,"href":"https:\/\/goias.gov.br\/vicegovernadoria\/wp-json\/wp\/v2\/posts\/4782\/revisions"}],"wp:featuredmedia":[{"embeddable":true,"href":"https:\/\/goias.gov.br\/vicegovernadoria\/wp-json\/wp\/v2\/media\/4781"}],"wp:attachment":[{"href":"https:\/\/goias.gov.br\/vicegovernadoria\/wp-json\/wp\/v2\/media?parent=4782"}],"wp:term":[{"taxonomy":"category","embeddable":true,"href":"https:\/\/goias.gov.br\/vicegovernadoria\/wp-json\/wp\/v2\/categories?post=4782"},{"taxonomy":"post_tag","embeddable":true,"href":"https:\/\/goias.gov.br\/vicegovernadoria\/wp-json\/wp\/v2\/tags?post=4782"}],"curies":[{"name":"wp","href":"https:\/\/api.w.org\/{rel}","templated":true}]}}