

{"id":34629,"date":"2026-04-28T12:36:33","date_gmt":"2026-04-28T15:36:33","guid":{"rendered":"https:\/\/goias.gov.br\/vicegovernadoria\/chefe-da-comunicacao-setorial\/"},"modified":"2026-04-28T12:36:33","modified_gmt":"2026-04-28T15:36:33","slug":"chefe-da-comunicacao-setorial","status":"publish","type":"post","link":"https:\/\/goias.gov.br\/vicegovernadoria\/chefe-da-comunicacao-setorial\/","title":{"rendered":"Chefe da Comunica\u00e7\u00e3o Setorial"},"content":{"rendered":"<p><strong>MARCOS AUR\u00c9LIO BARBOSA SILVA<\/strong> a partir de: 24-04-2023<\/p>\n<div class=\"r34ics-ajax-container loading\" id=\"agenda-autoridades\" data-view=\"month\" data-view-is-list-style=\"0\" data-view-is-list-long=\"0\" data-args=\"958e3cda987f8325cf0c837a3d808670f839b286\" data-js-args=\"{&quot;debug&quot;:null}\">&nbsp;<\/div>\n","protected":false},"excerpt":{"rendered":"<p>MARCOS AUR\u00c9LIO BARBOSA SILVA a partir de: 24-04-2023<\/p>\n","protected":false},"author":404,"featured_media":0,"comment_status":"closed","ping_status":"open","sticky":false,"template":"","format":"standard","meta":{"footnotes":"","_links_to":"","_links_to_target":""},"categories":[65],"tags":[],"class_list":["post-34629","post","type-post","status-publish","format-standard","hentry","category-agenda"],"rttpg_featured_image_url":null,"rttpg_author":{"display_name":"ruireis","author_link":"https:\/\/goias.gov.br\/vicegovernadoria\/author\/ruireis\/"},"rttpg_comment":0,"rttpg_category":"<a href=\"https:\/\/goias.gov.br\/vicegovernadoria\/categoria\/agenda\/\" rel=\"category tag\">Agenda<\/a>","rttpg_excerpt":"MARCOS AUR\u00c9LIO BARBOSA SILVA a partir de: 24-04-2023","_links":{"self":[{"href":"https:\/\/goias.gov.br\/vicegovernadoria\/wp-json\/wp\/v2\/posts\/34629","targetHints":{"allow":["GET"]}}],"collection":[{"href":"https:\/\/goias.gov.br\/vicegovernadoria\/wp-json\/wp\/v2\/posts"}],"about":[{"href":"https:\/\/goias.gov.br\/vicegovernadoria\/wp-json\/wp\/v2\/types\/post"}],"author":[{"embeddable":true,"href":"https:\/\/goias.gov.br\/vicegovernadoria\/wp-json\/wp\/v2\/users\/404"}],"replies":[{"embeddable":true,"href":"https:\/\/goias.gov.br\/vicegovernadoria\/wp-json\/wp\/v2\/comments?post=34629"}],"version-history":[{"count":0,"href":"https:\/\/goias.gov.br\/vicegovernadoria\/wp-json\/wp\/v2\/posts\/34629\/revisions"}],"wp:attachment":[{"href":"https:\/\/goias.gov.br\/vicegovernadoria\/wp-json\/wp\/v2\/media?parent=34629"}],"wp:term":[{"taxonomy":"category","embeddable":true,"href":"https:\/\/goias.gov.br\/vicegovernadoria\/wp-json\/wp\/v2\/categories?post=34629"},{"taxonomy":"post_tag","embeddable":true,"href":"https:\/\/goias.gov.br\/vicegovernadoria\/wp-json\/wp\/v2\/tags?post=34629"}],"curies":[{"name":"wp","href":"https:\/\/api.w.org\/{rel}","templated":true}]}}