

{"id":34625,"date":"2026-04-28T12:36:32","date_gmt":"2026-04-28T15:36:32","guid":{"rendered":"https:\/\/goias.gov.br\/vicegovernadoria\/historico-do-cargo-vice-governador\/"},"modified":"2026-04-28T12:36:32","modified_gmt":"2026-04-28T15:36:32","slug":"historico-do-cargo-vice-governador","status":"publish","type":"post","link":"https:\/\/goias.gov.br\/vicegovernadoria\/historico-do-cargo-vice-governador\/","title":{"rendered":"Hist\u00f3rico do Cargo Vice-Governador"},"content":{"rendered":"<div class=\"accordion\" id=\"accordionExample\">\n<div class='accordion-item' style='border: none;'>\n<h2 class='accordion-header' id='heading-0'>\n                    <button class='accordion-button' type='button' data-bs-toggle='collapse' data-bs-target='#collapse-0' aria-expanded='false' aria-controls='collapse-0' style='border: none; background-color: transparent;'><br \/>\n                        DANIEL ELIAS CARVALHO VILELA: de: 01-01-2023 at\u00e9 31-03-2026<br \/>\n                    <\/button><br \/>\n                <\/h2>\n<div id='collapse-0' class='accordion-collapse collapse' aria-labelledby='heading-0' data-bs-parent='#accordionExample'>\n<div class='accordion-body'>\n<div class=\"r34ics-ajax-container loading\" id=\"historico-agenda-autoridades\" data-view=\"month\" data-view-is-list-style=\"0\" data-view-is-list-long=\"0\" data-args=\"96690cb5c7ebe5c768b44b7cd403a55d8f06cb26\" data-js-args=\"{&quot;debug&quot;:null}\">&nbsp;<\/div>\n<\/p><\/div>\n<\/p><\/div>\n<\/p><\/div>\n<div class='accordion-item' style='border: none;'>\n<h2 class='accordion-header' id='heading-1'>\n                    <button class='accordion-button' type='button' data-bs-toggle='collapse' data-bs-target='#collapse-1' aria-expanded='false' aria-controls='collapse-1' style='border: none; background-color: transparent;'><br \/>\n                        Daniel Elias Carvalho Vilela: de: 01-01-2023 at\u00e9 22-04-2026<br \/>\n                    <\/button><br \/>\n                <\/h2>\n<div id='collapse-1' class='accordion-collapse collapse' aria-labelledby='heading-1' data-bs-parent='#accordionExample'>\n<div class='accordion-body'>\n<div class=\"r34ics-ajax-container loading\" id=\"historico-agenda-autoridades\" data-view=\"month\" data-view-is-list-style=\"0\" data-view-is-list-long=\"0\" data-args=\"2f12fcc9bee9d923256a6093d4daf6f7ef40b34e\" data-js-args=\"{&quot;debug&quot;:null}\">&nbsp;<\/div>\n<\/p><\/div>\n<\/p><\/div>\n<\/p><\/div>\n<div class='accordion-item' style='border: none;'>\n<h2 class='accordion-header' id='heading-2'>\n                    <button class='accordion-button' type='button' data-bs-toggle='collapse' data-bs-target='#collapse-2' aria-expanded='false' aria-controls='collapse-2' style='border: none; background-color: transparent;'><br \/>\n                        DANIEL ELIAS CARVALHO VILELA: de: 01-01-2023 at\u00e9 01-04-2024<br \/>\n                    <\/button><br \/>\n                <\/h2>\n<div id='collapse-2' class='accordion-collapse collapse' aria-labelledby='heading-2' data-bs-parent='#accordionExample'>\n<div class='accordion-body'>\n<div class=\"r34ics-ajax-container loading\" id=\"historico-agenda-autoridades\" data-view=\"month\" data-view-is-list-style=\"0\" data-view-is-list-long=\"0\" data-args=\"96690cb5c7ebe5c768b44b7cd403a55d8f06cb26\" data-js-args=\"{&quot;debug&quot;:null}\">&nbsp;<\/div>\n<\/p><\/div>\n<\/p><\/div>\n<\/p><\/div>\n<\/p><\/div>\n<style>\n        .accordion-button:hover {\n            background-color: #f8f9fa; \/* Cor cinza claro *\/\n            color: #6c757d; \/* Cor cinza do texto *\/\n        }\n        <\/style>\n","protected":false},"excerpt":{"rendered":"<p>DANIEL ELIAS CARVALHO VILELA: de: 01-01-2023 at\u00e9 31-03-2026 Daniel Elias Carvalho Vilela: de: 01-01-2023 at\u00e9 22-04-2026 DANIEL ELIAS CARVALHO VILELA: de: 01-01-2023 at\u00e9 01-04-2024<\/p>\n","protected":false},"author":404,"featured_media":0,"comment_status":"closed","ping_status":"open","sticky":false,"template":"","format":"standard","meta":{"footnotes":"","_links_to":"","_links_to_target":""},"categories":[64],"tags":[],"class_list":["post-34625","post","type-post","status-publish","format-standard","hentry","category-historico-de-agenda"],"rttpg_featured_image_url":null,"rttpg_author":{"display_name":"ruireis","author_link":"https:\/\/goias.gov.br\/vicegovernadoria\/author\/ruireis\/"},"rttpg_comment":0,"rttpg_category":"<a href=\"https:\/\/goias.gov.br\/vicegovernadoria\/categoria\/historico-de-agenda\/\" rel=\"category tag\">historico-de-agenda<\/a>","rttpg_excerpt":"DANIEL ELIAS CARVALHO VILELA: de: 01-01-2023 at\u00e9 31-03-2026 Daniel Elias Carvalho Vilela: de: 01-01-2023 at\u00e9 22-04-2026 DANIEL ELIAS CARVALHO VILELA: de: 01-01-2023 at\u00e9 01-04-2024","_links":{"self":[{"href":"https:\/\/goias.gov.br\/vicegovernadoria\/wp-json\/wp\/v2\/posts\/34625","targetHints":{"allow":["GET"]}}],"collection":[{"href":"https:\/\/goias.gov.br\/vicegovernadoria\/wp-json\/wp\/v2\/posts"}],"about":[{"href":"https:\/\/goias.gov.br\/vicegovernadoria\/wp-json\/wp\/v2\/types\/post"}],"author":[{"embeddable":true,"href":"https:\/\/goias.gov.br\/vicegovernadoria\/wp-json\/wp\/v2\/users\/404"}],"replies":[{"embeddable":true,"href":"https:\/\/goias.gov.br\/vicegovernadoria\/wp-json\/wp\/v2\/comments?post=34625"}],"version-history":[{"count":0,"href":"https:\/\/goias.gov.br\/vicegovernadoria\/wp-json\/wp\/v2\/posts\/34625\/revisions"}],"wp:attachment":[{"href":"https:\/\/goias.gov.br\/vicegovernadoria\/wp-json\/wp\/v2\/media?parent=34625"}],"wp:term":[{"taxonomy":"category","embeddable":true,"href":"https:\/\/goias.gov.br\/vicegovernadoria\/wp-json\/wp\/v2\/categories?post=34625"},{"taxonomy":"post_tag","embeddable":true,"href":"https:\/\/goias.gov.br\/vicegovernadoria\/wp-json\/wp\/v2\/tags?post=34625"}],"curies":[{"name":"wp","href":"https:\/\/api.w.org\/{rel}","templated":true}]}}