

{"id":3095,"date":"2019-07-17T12:26:05","date_gmt":"2019-07-17T15:26:05","guid":{"rendered":"https:\/\/siteshom.goias.gov.br\/vicegovernadoria\/jose-eliton-de-figueredo-junior\/"},"modified":"2019-07-17T12:26:05","modified_gmt":"2019-07-17T15:26:05","slug":"jose-eliton-de-figueredo-junior","status":"publish","type":"post","link":"https:\/\/goias.gov.br\/vicegovernadoria\/jose-eliton-de-figueredo-junior\/","title":{"rendered":"Jos\u00e9 Eliton de Figuer\u00eado J\u00fanior"},"content":{"rendered":"<p>2011 a 2018<\/p>\n<p><!--more--><br \/>\n<img fetchpriority=\"high\" decoding=\"async\" class=\" size-full wp-image-3094\" alt=\"\" id=\"\" src=\"https:\/\/goias.gov.br\/vicegovernadoria\/wp-content\/uploads\/sites\/38\/2019\/07\/2011-Eliton-15d.png\" title=\"\" width=\"486\" height=\"392\" srcset=\"https:\/\/goias.gov.br\/vicegovernadoria\/wp-content\/uploads\/sites\/38\/2019\/07\/2011-Eliton-15d.png 486w, https:\/\/goias.gov.br\/vicegovernadoria\/wp-content\/uploads\/sites\/38\/2019\/07\/2011-Eliton-15d-300x242.png 300w\" sizes=\"(max-width: 486px) 100vw, 486px\" \/><\/p>\n<p>Jos&eacute; Eliton de Figuer&ecirc;do J&uacute;nior nasceu em Rio Verde, 27 de agosto de 1972. &Eacute; filho de Jos&eacute; Eliton de Figuer&ecirc;do e Mirtes Guimar&atilde;es Figuer&ecirc;do e passou boa parte da inf&acirc;ncia e adolesc&ecirc;ncia em Posse, munic&iacute;pio do nordeste goiano, onde o pai foi prefeito.<\/p>\n<p>Formou-se em Direito pela Universidade Cat&oacute;lica de Goi&aacute;s em 1996, com especializa&ccedil;&atilde;o em Direito Eleitoral. Foi eleito vice-governador ao lado de Marconi Perillo por dois mandatos consecutivos.<br \/>\nEm 2016, acumulou o cargo de secret&aacute;rio de Seguran&ccedil;a P&uacute;blica do Estado.<\/p>\n<p>Em 28 de setembro do mesmo ano, sofreu um atentado e foi baleado no abd&ocirc;men durante uma carreata em Itumbiara, regi&atilde;o sul de Goi&aacute;s. No mesmo atentado morreram o candidato &agrave; prefeitura de Itumbiara Jos&eacute; Gomes da Rocha , de 58 anos, conhecido como Z&eacute; Gomes, e o cabo da PM Vanilson Jo&atilde;o Pereira, de 36 anos.<\/p>\n<p><strong>Fonte:<\/strong> wikipedia<\/p>\n","protected":false},"excerpt":{"rendered":"<p>2011 a 2018<\/p>\n","protected":false},"author":46,"featured_media":3094,"comment_status":"closed","ping_status":"open","sticky":false,"template":"","format":"standard","meta":{"footnotes":"","_links_to":"","_links_to_target":""},"categories":[38],"tags":[],"class_list":["post-3095","post","type-post","status-publish","format-standard","has-post-thumbnail","hentry","category-galeria-de-vice-governadores"],"rttpg_featured_image_url":{"full":["https:\/\/goias.gov.br\/vicegovernadoria\/wp-content\/uploads\/sites\/38\/2019\/07\/2011-Eliton-15d.png",486,392,false],"landscape":["https:\/\/goias.gov.br\/vicegovernadoria\/wp-content\/uploads\/sites\/38\/2019\/07\/2011-Eliton-15d.png",486,392,false],"portraits":["https:\/\/goias.gov.br\/vicegovernadoria\/wp-content\/uploads\/sites\/38\/2019\/07\/2011-Eliton-15d.png",486,392,false],"thumbnail":["https:\/\/goias.gov.br\/vicegovernadoria\/wp-content\/uploads\/sites\/38\/2019\/07\/2011-Eliton-15d-150x150.png",150,150,true],"medium":["https:\/\/goias.gov.br\/vicegovernadoria\/wp-content\/uploads\/sites\/38\/2019\/07\/2011-Eliton-15d-300x242.png",300,242,true],"large":["https:\/\/goias.gov.br\/vicegovernadoria\/wp-content\/uploads\/sites\/38\/2019\/07\/2011-Eliton-15d.png",486,392,false],"1536x1536":["https:\/\/goias.gov.br\/vicegovernadoria\/wp-content\/uploads\/sites\/38\/2019\/07\/2011-Eliton-15d.png",486,392,false],"2048x2048":["https:\/\/goias.gov.br\/vicegovernadoria\/wp-content\/uploads\/sites\/38\/2019\/07\/2011-Eliton-15d.png",486,392,false]},"rttpg_author":{"display_name":"cleybetsls","author_link":"https:\/\/goias.gov.br\/vicegovernadoria\/author\/cleybetsls\/"},"rttpg_comment":0,"rttpg_category":"<a href=\"https:\/\/goias.gov.br\/vicegovernadoria\/categoria\/institucional\/galeria-de-vice-governadores\/\" rel=\"category tag\">Galeria de Vice-Governadores<\/a>","rttpg_excerpt":"2011 a 2018","_links":{"self":[{"href":"https:\/\/goias.gov.br\/vicegovernadoria\/wp-json\/wp\/v2\/posts\/3095","targetHints":{"allow":["GET"]}}],"collection":[{"href":"https:\/\/goias.gov.br\/vicegovernadoria\/wp-json\/wp\/v2\/posts"}],"about":[{"href":"https:\/\/goias.gov.br\/vicegovernadoria\/wp-json\/wp\/v2\/types\/post"}],"author":[{"embeddable":true,"href":"https:\/\/goias.gov.br\/vicegovernadoria\/wp-json\/wp\/v2\/users\/46"}],"replies":[{"embeddable":true,"href":"https:\/\/goias.gov.br\/vicegovernadoria\/wp-json\/wp\/v2\/comments?post=3095"}],"version-history":[{"count":0,"href":"https:\/\/goias.gov.br\/vicegovernadoria\/wp-json\/wp\/v2\/posts\/3095\/revisions"}],"wp:featuredmedia":[{"embeddable":true,"href":"https:\/\/goias.gov.br\/vicegovernadoria\/wp-json\/wp\/v2\/media\/3094"}],"wp:attachment":[{"href":"https:\/\/goias.gov.br\/vicegovernadoria\/wp-json\/wp\/v2\/media?parent=3095"}],"wp:term":[{"taxonomy":"category","embeddable":true,"href":"https:\/\/goias.gov.br\/vicegovernadoria\/wp-json\/wp\/v2\/categories?post=3095"},{"taxonomy":"post_tag","embeddable":true,"href":"https:\/\/goias.gov.br\/vicegovernadoria\/wp-json\/wp\/v2\/tags?post=3095"}],"curies":[{"name":"wp","href":"https:\/\/api.w.org\/{rel}","templated":true}]}}