

{"id":29417,"date":"2025-10-28T08:55:46","date_gmt":"2025-10-28T11:55:46","guid":{"rendered":"https:\/\/goias.gov.br\/vicegovernadoria\/?p=29417"},"modified":"2025-10-28T08:55:46","modified_gmt":"2025-10-28T11:55:46","slug":"a-fe-move-e-une-o-povo-goiano-afirma-daniel-vilela-na-marcha-para-jesus-em-anapolis","status":"publish","type":"post","link":"https:\/\/goias.gov.br\/vicegovernadoria\/a-fe-move-e-une-o-povo-goiano-afirma-daniel-vilela-na-marcha-para-jesus-em-anapolis\/","title":{"rendered":"\u201cA f\u00e9 move e une o povo goiano\u201d, afirma Daniel Vilela na Marcha para Jesus, em An\u00e1polis"},"content":{"rendered":"<p>&nbsp;<\/p>\n<p><strong><img fetchpriority=\"high\" decoding=\"async\" class=\"aligncenter wp-image-29422 size-large\" src=\"https:\/\/goias.gov.br\/vicegovernadoria\/wp-content\/uploads\/sites\/38\/2025\/10\/7d8be47f-08cf-4f13-835f-daba03b31446-1024x727.jpeg\" alt=\"\" width=\"1024\" height=\"727\" srcset=\"https:\/\/goias.gov.br\/vicegovernadoria\/wp-content\/uploads\/sites\/38\/2025\/10\/7d8be47f-08cf-4f13-835f-daba03b31446-1024x727.jpeg 1024w, https:\/\/goias.gov.br\/vicegovernadoria\/wp-content\/uploads\/sites\/38\/2025\/10\/7d8be47f-08cf-4f13-835f-daba03b31446-300x213.jpeg 300w, https:\/\/goias.gov.br\/vicegovernadoria\/wp-content\/uploads\/sites\/38\/2025\/10\/7d8be47f-08cf-4f13-835f-daba03b31446-768x546.jpeg 768w, https:\/\/goias.gov.br\/vicegovernadoria\/wp-content\/uploads\/sites\/38\/2025\/10\/7d8be47f-08cf-4f13-835f-daba03b31446-1536x1091.jpeg 1536w, https:\/\/goias.gov.br\/vicegovernadoria\/wp-content\/uploads\/sites\/38\/2025\/10\/7d8be47f-08cf-4f13-835f-daba03b31446-2048x1455.jpeg 2048w\" sizes=\"(max-width: 1024px) 100vw, 1024px\" \/><\/strong><\/p>\n<p><strong>Evento reuniu cerca de 30 mil pessoas e marcou o retorno da celebra\u00e7\u00e3o ap\u00f3s oito anos; Governo de Goi\u00e1s destacou apoio \u00e0 integra\u00e7\u00e3o entre f\u00e9 e comunidade<\/strong><\/p>\n<p>A cidade de An\u00e1polis celebrou neste s\u00e1bado (18\/10) o retorno da Marcha para Jesus, uma das maiores manifesta\u00e7\u00f5es de f\u00e9 de Goi\u00e1s. O vice-governador Daniel Vilela destacou que o evento simboliza a for\u00e7a espiritual e social que move o Estado.<\/p>\n<p>\u201cA f\u00e9 move e une o povo goiano. \u201cAn\u00e1polis sempre foi caracterizada por uma express\u00e3o de f\u00e9 muito forte e, portanto, n\u00e3o poderia ficar de fora desse que \u00e9 um dos maiores eventos crist\u00e3os do Brasil. Tenho certeza de que voltou para ficar, com edi\u00e7\u00f5es cada vez maiores e mais integradas entre a igreja e a comunidade\u201d, destacou Daniel.<\/p>\n<p>O prefeito de An\u00e1polis, M\u00e1rcio Corr\u00eaa, tamb\u00e9m acompanhou a marcha, que seguiu desde o Est\u00e1dio Jonas Duarte at\u00e9 a Pra\u00e7a Dom Emanuel, e ressaltou que o evento \u00e9 uma oportunidade \u201cpara levar uma mensagem de f\u00e9 e esperan\u00e7a para todo o Brasil\u201d.<\/p>\n<p>Presidente do Conselho de Pastores e l\u00edder da Marcha, Bispo Mozart Morais celebrou o retorno da edi\u00e7\u00e3o ap\u00f3s oito anos. Segundo ele, o evento contou com fi\u00e9is de v\u00e1rias denomina\u00e7\u00f5es crist\u00e3s distintas. \u201cEstamos unidos num \u00fanico prop\u00f3sito de honrar Jesus\u201d.<\/p>\n<p><strong>Fotos: Benedito Braga<\/strong><br \/>\n<strong>Vice-Governadoria &#8211; Governo de Goi\u00e1s<\/strong><\/p>\n","protected":false},"excerpt":{"rendered":"<p>&nbsp; Evento reuniu cerca de 30 mil pessoas e marcou o retorno da celebra\u00e7\u00e3o ap\u00f3s oito anos; Governo de Goi\u00e1s destacou apoio \u00e0 integra\u00e7\u00e3o entre f\u00e9 e comunidade A cidade de An\u00e1polis celebrou neste s\u00e1bado (18\/10) o retorno da Marcha para Jesus, uma das maiores manifesta\u00e7\u00f5es de f\u00e9 de Goi\u00e1s. O vice-governador Daniel Vilela destacou [&hellip;]<\/p>\n","protected":false},"author":404,"featured_media":29422,"comment_status":"closed","ping_status":"open","sticky":false,"template":"","format":"standard","meta":{"footnotes":"","_links_to":"","_links_to_target":""},"categories":[36],"tags":[],"class_list":["post-29417","post","type-post","status-publish","format-standard","has-post-thumbnail","hentry","category-noticias"],"rttpg_featured_image_url":{"full":["https:\/\/goias.gov.br\/vicegovernadoria\/wp-content\/uploads\/sites\/38\/2025\/10\/7d8be47f-08cf-4f13-835f-daba03b31446.jpeg",4160,2955,false],"landscape":["https:\/\/goias.gov.br\/vicegovernadoria\/wp-content\/uploads\/sites\/38\/2025\/10\/7d8be47f-08cf-4f13-835f-daba03b31446.jpeg",4160,2955,false],"portraits":["https:\/\/goias.gov.br\/vicegovernadoria\/wp-content\/uploads\/sites\/38\/2025\/10\/7d8be47f-08cf-4f13-835f-daba03b31446.jpeg",4160,2955,false],"thumbnail":["https:\/\/goias.gov.br\/vicegovernadoria\/wp-content\/uploads\/sites\/38\/2025\/10\/7d8be47f-08cf-4f13-835f-daba03b31446-150x150.jpeg",150,150,true],"medium":["https:\/\/goias.gov.br\/vicegovernadoria\/wp-content\/uploads\/sites\/38\/2025\/10\/7d8be47f-08cf-4f13-835f-daba03b31446-300x213.jpeg",300,213,true],"large":["https:\/\/goias.gov.br\/vicegovernadoria\/wp-content\/uploads\/sites\/38\/2025\/10\/7d8be47f-08cf-4f13-835f-daba03b31446-1024x727.jpeg",1024,727,true],"1536x1536":["https:\/\/goias.gov.br\/vicegovernadoria\/wp-content\/uploads\/sites\/38\/2025\/10\/7d8be47f-08cf-4f13-835f-daba03b31446-1536x1091.jpeg",1536,1091,true],"2048x2048":["https:\/\/goias.gov.br\/vicegovernadoria\/wp-content\/uploads\/sites\/38\/2025\/10\/7d8be47f-08cf-4f13-835f-daba03b31446-2048x1455.jpeg",2048,1455,true]},"rttpg_author":{"display_name":"ruireis","author_link":"https:\/\/goias.gov.br\/vicegovernadoria\/author\/ruireis\/"},"rttpg_comment":0,"rttpg_category":"<a href=\"https:\/\/goias.gov.br\/vicegovernadoria\/categoria\/noticias\/\" rel=\"category tag\">Not\u00edcias<\/a>","rttpg_excerpt":"&nbsp; Evento reuniu cerca de 30 mil pessoas e marcou o retorno da celebra\u00e7\u00e3o ap\u00f3s oito anos; Governo de Goi\u00e1s destacou apoio \u00e0 integra\u00e7\u00e3o entre f\u00e9 e comunidade A cidade de An\u00e1polis celebrou neste s\u00e1bado (18\/10) o retorno da Marcha para Jesus, uma das maiores manifesta\u00e7\u00f5es de f\u00e9 de Goi\u00e1s. O vice-governador Daniel Vilela destacou&hellip;","_links":{"self":[{"href":"https:\/\/goias.gov.br\/vicegovernadoria\/wp-json\/wp\/v2\/posts\/29417","targetHints":{"allow":["GET"]}}],"collection":[{"href":"https:\/\/goias.gov.br\/vicegovernadoria\/wp-json\/wp\/v2\/posts"}],"about":[{"href":"https:\/\/goias.gov.br\/vicegovernadoria\/wp-json\/wp\/v2\/types\/post"}],"author":[{"embeddable":true,"href":"https:\/\/goias.gov.br\/vicegovernadoria\/wp-json\/wp\/v2\/users\/404"}],"replies":[{"embeddable":true,"href":"https:\/\/goias.gov.br\/vicegovernadoria\/wp-json\/wp\/v2\/comments?post=29417"}],"version-history":[{"count":1,"href":"https:\/\/goias.gov.br\/vicegovernadoria\/wp-json\/wp\/v2\/posts\/29417\/revisions"}],"predecessor-version":[{"id":29427,"href":"https:\/\/goias.gov.br\/vicegovernadoria\/wp-json\/wp\/v2\/posts\/29417\/revisions\/29427"}],"wp:featuredmedia":[{"embeddable":true,"href":"https:\/\/goias.gov.br\/vicegovernadoria\/wp-json\/wp\/v2\/media\/29422"}],"wp:attachment":[{"href":"https:\/\/goias.gov.br\/vicegovernadoria\/wp-json\/wp\/v2\/media?parent=29417"}],"wp:term":[{"taxonomy":"category","embeddable":true,"href":"https:\/\/goias.gov.br\/vicegovernadoria\/wp-json\/wp\/v2\/categories?post=29417"},{"taxonomy":"post_tag","embeddable":true,"href":"https:\/\/goias.gov.br\/vicegovernadoria\/wp-json\/wp\/v2\/tags?post=29417"}],"curies":[{"name":"wp","href":"https:\/\/api.w.org\/{rel}","templated":true}]}}