

{"id":22958,"date":"2025-08-08T11:03:03","date_gmt":"2025-08-08T14:03:03","guid":{"rendered":"https:\/\/goias.gov.br\/vicegovernadoria\/?p=22958"},"modified":"2025-09-04T10:00:48","modified_gmt":"2025-09-04T13:00:48","slug":"bens-imoveis-declaracao","status":"publish","type":"post","link":"https:\/\/goias.gov.br\/vicegovernadoria\/bens-imoveis-declaracao\/","title":{"rendered":"Bens Im\u00f3veis"},"content":{"rendered":"<p>A Vice-Governadoria do Estado de Goi\u00e1s declara para os devidos fins, com base no art. 7\u00ba, IV e VI da Lei Federal 12.527\/2011; e art. 6\u00ba, \u00a71\u00ba, X e \u00a7 4\u00ba, I da Lei Estadual n\u00ba 18.025\/2013; e no princ\u00edpio da transpar\u00eancia p\u00fablica, que n\u00e3o possui bens im\u00f3veis nos \u00faltimos 5 anos<\/p>\n","protected":false},"excerpt":{"rendered":"<p>A Vice-Governadoria do Estado de Goi\u00e1s declara para os devidos fins, com base no art. 7\u00ba, IV e VI da Lei Federal 12.527\/2011; e art. 6\u00ba, \u00a71\u00ba, X e \u00a7 4\u00ba, I da Lei Estadual n\u00ba 18.025\/2013; e no princ\u00edpio da transpar\u00eancia p\u00fablica, que n\u00e3o possui bens im\u00f3veis nos \u00faltimos 5 anos<\/p>\n","protected":false},"author":404,"featured_media":0,"comment_status":"closed","ping_status":"open","sticky":false,"template":"","format":"standard","meta":{"footnotes":"","_links_to":"","_links_to_target":""},"categories":[33],"tags":[],"class_list":["post-22958","post","type-post","status-publish","format-standard","hentry","category-institucional"],"rttpg_featured_image_url":null,"rttpg_author":{"display_name":"ruireis","author_link":"https:\/\/goias.gov.br\/vicegovernadoria\/author\/ruireis\/"},"rttpg_comment":0,"rttpg_category":"<a href=\"https:\/\/goias.gov.br\/vicegovernadoria\/categoria\/institucional\/\" rel=\"category tag\">Institucional<\/a>","rttpg_excerpt":"A Vice-Governadoria do Estado de Goi\u00e1s declara para os devidos fins, com base no art. 7\u00ba, IV e VI da Lei Federal 12.527\/2011; e art. 6\u00ba, \u00a71\u00ba, X e \u00a7 4\u00ba, I da Lei Estadual n\u00ba 18.025\/2013; e no princ\u00edpio da transpar\u00eancia p\u00fablica, que n\u00e3o possui bens im\u00f3veis nos \u00faltimos 5 anos","_links":{"self":[{"href":"https:\/\/goias.gov.br\/vicegovernadoria\/wp-json\/wp\/v2\/posts\/22958","targetHints":{"allow":["GET"]}}],"collection":[{"href":"https:\/\/goias.gov.br\/vicegovernadoria\/wp-json\/wp\/v2\/posts"}],"about":[{"href":"https:\/\/goias.gov.br\/vicegovernadoria\/wp-json\/wp\/v2\/types\/post"}],"author":[{"embeddable":true,"href":"https:\/\/goias.gov.br\/vicegovernadoria\/wp-json\/wp\/v2\/users\/404"}],"replies":[{"embeddable":true,"href":"https:\/\/goias.gov.br\/vicegovernadoria\/wp-json\/wp\/v2\/comments?post=22958"}],"version-history":[{"count":2,"href":"https:\/\/goias.gov.br\/vicegovernadoria\/wp-json\/wp\/v2\/posts\/22958\/revisions"}],"predecessor-version":[{"id":26569,"href":"https:\/\/goias.gov.br\/vicegovernadoria\/wp-json\/wp\/v2\/posts\/22958\/revisions\/26569"}],"wp:attachment":[{"href":"https:\/\/goias.gov.br\/vicegovernadoria\/wp-json\/wp\/v2\/media?parent=22958"}],"wp:term":[{"taxonomy":"category","embeddable":true,"href":"https:\/\/goias.gov.br\/vicegovernadoria\/wp-json\/wp\/v2\/categories?post=22958"},{"taxonomy":"post_tag","embeddable":true,"href":"https:\/\/goias.gov.br\/vicegovernadoria\/wp-json\/wp\/v2\/tags?post=22958"}],"curies":[{"name":"wp","href":"https:\/\/api.w.org\/{rel}","templated":true}]}}