

{"id":22924,"date":"2025-08-08T10:54:29","date_gmt":"2025-08-08T13:54:29","guid":{"rendered":"https:\/\/goias.gov.br\/vicegovernadoria\/?p=22924"},"modified":"2025-08-08T10:54:29","modified_gmt":"2025-08-08T13:54:29","slug":"audiencias-publicas","status":"publish","type":"post","link":"https:\/\/goias.gov.br\/vicegovernadoria\/audiencias-publicas\/","title":{"rendered":"Audi\u00eancias P\u00fablicas"},"content":{"rendered":"<p>Com base no princ\u00edpio da transpar\u00eancia p\u00fablica e em conformidade com o Art. 9\u00ba, II, da Lei Federal n\u00ba 12.527\/2011, a Vice-Governadoria do Estado de Goi\u00e1s declara que nos \u00faltimos 12 meses, e at\u00e9 a presente data, n\u00e3o realizou audi\u00eancias p\u00fablicas entre o poder p\u00fablico e a popula\u00e7\u00e3o.<\/p>\n","protected":false},"excerpt":{"rendered":"<p>Com base no princ\u00edpio da transpar\u00eancia p\u00fablica e em conformidade com o Art. 9\u00ba, II, da Lei Federal n\u00ba 12.527\/2011, a Vice-Governadoria do Estado de Goi\u00e1s declara que nos \u00faltimos 12 meses, e at\u00e9 a presente data, n\u00e3o realizou audi\u00eancias p\u00fablicas entre o poder p\u00fablico e a popula\u00e7\u00e3o.<\/p>\n","protected":false},"author":404,"featured_media":0,"comment_status":"closed","ping_status":"open","sticky":false,"template":"","format":"standard","meta":{"footnotes":"","_links_to":"","_links_to_target":""},"categories":[33],"tags":[],"class_list":["post-22924","post","type-post","status-publish","format-standard","hentry","category-institucional"],"rttpg_featured_image_url":null,"rttpg_author":{"display_name":"ruireis","author_link":"https:\/\/goias.gov.br\/vicegovernadoria\/author\/ruireis\/"},"rttpg_comment":0,"rttpg_category":"<a href=\"https:\/\/goias.gov.br\/vicegovernadoria\/categoria\/institucional\/\" rel=\"category tag\">Institucional<\/a>","rttpg_excerpt":"Com base no princ\u00edpio da transpar\u00eancia p\u00fablica e em conformidade com o Art. 9\u00ba, II, da Lei Federal n\u00ba 12.527\/2011, a Vice-Governadoria do Estado de Goi\u00e1s declara que nos \u00faltimos 12 meses, e at\u00e9 a presente data, n\u00e3o realizou audi\u00eancias p\u00fablicas entre o poder p\u00fablico e a popula\u00e7\u00e3o.","_links":{"self":[{"href":"https:\/\/goias.gov.br\/vicegovernadoria\/wp-json\/wp\/v2\/posts\/22924","targetHints":{"allow":["GET"]}}],"collection":[{"href":"https:\/\/goias.gov.br\/vicegovernadoria\/wp-json\/wp\/v2\/posts"}],"about":[{"href":"https:\/\/goias.gov.br\/vicegovernadoria\/wp-json\/wp\/v2\/types\/post"}],"author":[{"embeddable":true,"href":"https:\/\/goias.gov.br\/vicegovernadoria\/wp-json\/wp\/v2\/users\/404"}],"replies":[{"embeddable":true,"href":"https:\/\/goias.gov.br\/vicegovernadoria\/wp-json\/wp\/v2\/comments?post=22924"}],"version-history":[{"count":1,"href":"https:\/\/goias.gov.br\/vicegovernadoria\/wp-json\/wp\/v2\/posts\/22924\/revisions"}],"predecessor-version":[{"id":22927,"href":"https:\/\/goias.gov.br\/vicegovernadoria\/wp-json\/wp\/v2\/posts\/22924\/revisions\/22927"}],"wp:attachment":[{"href":"https:\/\/goias.gov.br\/vicegovernadoria\/wp-json\/wp\/v2\/media?parent=22924"}],"wp:term":[{"taxonomy":"category","embeddable":true,"href":"https:\/\/goias.gov.br\/vicegovernadoria\/wp-json\/wp\/v2\/categories?post=22924"},{"taxonomy":"post_tag","embeddable":true,"href":"https:\/\/goias.gov.br\/vicegovernadoria\/wp-json\/wp\/v2\/tags?post=22924"}],"curies":[{"name":"wp","href":"https:\/\/api.w.org\/{rel}","templated":true}]}}