

{"id":22657,"date":"2025-08-07T09:47:13","date_gmt":"2025-08-07T12:47:13","guid":{"rendered":"https:\/\/goias.gov.br\/vicegovernadoria\/?p=22657"},"modified":"2025-09-04T10:19:13","modified_gmt":"2025-09-04T13:19:13","slug":"contrato-de-locacoes-de-imoveis","status":"publish","type":"post","link":"https:\/\/goias.gov.br\/vicegovernadoria\/contrato-de-locacoes-de-imoveis\/","title":{"rendered":"Contrato de Loca\u00e7\u00f5es de Im\u00f3veis"},"content":{"rendered":"<p>A Vice-Governadoria do Estado de Goi\u00e1s declara para os devidos fins, com base no art. 7\u00ba, IV e VI da Lei Federal 12.527\/2011; e art. 6\u00ba, \u00a71\u00ba, X e \u00a7 4\u00ba, I da Lei Estadual n\u00ba 18.025\/2013; e no princ\u00edpio da transpar\u00eancia p\u00fablica, que n\u00e3o possui bens im\u00f3veis locados.<\/p>\n","protected":false},"excerpt":{"rendered":"<p>A Vice-Governadoria do Estado de Goi\u00e1s declara para os devidos fins, com base no art. 7\u00ba, IV e VI da Lei Federal 12.527\/2011; e art. 6\u00ba, \u00a71\u00ba, X e \u00a7 4\u00ba, I da Lei Estadual n\u00ba 18.025\/2013; e no princ\u00edpio da transpar\u00eancia p\u00fablica, que n\u00e3o possui bens im\u00f3veis locados.<\/p>\n","protected":false},"author":404,"featured_media":0,"comment_status":"closed","ping_status":"open","sticky":false,"template":"","format":"standard","meta":{"footnotes":"","_links_to":"","_links_to_target":""},"categories":[33],"tags":[],"class_list":["post-22657","post","type-post","status-publish","format-standard","hentry","category-institucional"],"rttpg_featured_image_url":null,"rttpg_author":{"display_name":"ruireis","author_link":"https:\/\/goias.gov.br\/vicegovernadoria\/author\/ruireis\/"},"rttpg_comment":0,"rttpg_category":"<a href=\"https:\/\/goias.gov.br\/vicegovernadoria\/categoria\/institucional\/\" rel=\"category tag\">Institucional<\/a>","rttpg_excerpt":"A Vice-Governadoria do Estado de Goi\u00e1s declara para os devidos fins, com base no art. 7\u00ba, IV e VI da Lei Federal 12.527\/2011; e art. 6\u00ba, \u00a71\u00ba, X e \u00a7 4\u00ba, I da Lei Estadual n\u00ba 18.025\/2013; e no princ\u00edpio da transpar\u00eancia p\u00fablica, que n\u00e3o possui bens im\u00f3veis locados.","_links":{"self":[{"href":"https:\/\/goias.gov.br\/vicegovernadoria\/wp-json\/wp\/v2\/posts\/22657","targetHints":{"allow":["GET"]}}],"collection":[{"href":"https:\/\/goias.gov.br\/vicegovernadoria\/wp-json\/wp\/v2\/posts"}],"about":[{"href":"https:\/\/goias.gov.br\/vicegovernadoria\/wp-json\/wp\/v2\/types\/post"}],"author":[{"embeddable":true,"href":"https:\/\/goias.gov.br\/vicegovernadoria\/wp-json\/wp\/v2\/users\/404"}],"replies":[{"embeddable":true,"href":"https:\/\/goias.gov.br\/vicegovernadoria\/wp-json\/wp\/v2\/comments?post=22657"}],"version-history":[{"count":2,"href":"https:\/\/goias.gov.br\/vicegovernadoria\/wp-json\/wp\/v2\/posts\/22657\/revisions"}],"predecessor-version":[{"id":26644,"href":"https:\/\/goias.gov.br\/vicegovernadoria\/wp-json\/wp\/v2\/posts\/22657\/revisions\/26644"}],"wp:attachment":[{"href":"https:\/\/goias.gov.br\/vicegovernadoria\/wp-json\/wp\/v2\/media?parent=22657"}],"wp:term":[{"taxonomy":"category","embeddable":true,"href":"https:\/\/goias.gov.br\/vicegovernadoria\/wp-json\/wp\/v2\/categories?post=22657"},{"taxonomy":"post_tag","embeddable":true,"href":"https:\/\/goias.gov.br\/vicegovernadoria\/wp-json\/wp\/v2\/tags?post=22657"}],"curies":[{"name":"wp","href":"https:\/\/api.w.org\/{rel}","templated":true}]}}