

{"id":20753,"date":"2025-07-08T08:41:14","date_gmt":"2025-07-08T11:41:14","guid":{"rendered":"https:\/\/goias.gov.br\/vicegovernadoria\/?p=20753"},"modified":"2025-07-08T08:42:08","modified_gmt":"2025-07-08T11:42:08","slug":"com-apoio-renovado-da-saneago-goias-volei-tera-ginasio-rio-vermelho-como-nova-casa-destaca-daniel-vilela","status":"publish","type":"post","link":"https:\/\/goias.gov.br\/vicegovernadoria\/com-apoio-renovado-da-saneago-goias-volei-tera-ginasio-rio-vermelho-como-nova-casa-destaca-daniel-vilela\/","title":{"rendered":"Com apoio renovado da Saneago, Goi\u00e1s V\u00f4lei ter\u00e1 Gin\u00e1sio Rio Vermelho como nova casa, destaca Daniel Vilela"},"content":{"rendered":"<p><strong><img fetchpriority=\"high\" decoding=\"async\" class=\"aligncenter wp-image-20756 size-large\" src=\"https:\/\/goias.gov.br\/vicegovernadoria\/wp-content\/uploads\/sites\/38\/2025\/07\/30052e22-498e-4ae5-a1fc-61eb83fc825f-1024x683.jpeg\" alt=\"\" width=\"1024\" height=\"683\" srcset=\"https:\/\/goias.gov.br\/vicegovernadoria\/wp-content\/uploads\/sites\/38\/2025\/07\/30052e22-498e-4ae5-a1fc-61eb83fc825f-1024x683.jpeg 1024w, https:\/\/goias.gov.br\/vicegovernadoria\/wp-content\/uploads\/sites\/38\/2025\/07\/30052e22-498e-4ae5-a1fc-61eb83fc825f-300x200.jpeg 300w, https:\/\/goias.gov.br\/vicegovernadoria\/wp-content\/uploads\/sites\/38\/2025\/07\/30052e22-498e-4ae5-a1fc-61eb83fc825f-768x512.jpeg 768w, https:\/\/goias.gov.br\/vicegovernadoria\/wp-content\/uploads\/sites\/38\/2025\/07\/30052e22-498e-4ae5-a1fc-61eb83fc825f-1536x1024.jpeg 1536w, https:\/\/goias.gov.br\/vicegovernadoria\/wp-content\/uploads\/sites\/38\/2025\/07\/30052e22-498e-4ae5-a1fc-61eb83fc825f-2048x1366.jpeg 2048w\" sizes=\"(max-width: 1024px) 100vw, 1024px\" \/><\/strong><\/p>\n<p><strong>Governo de Goi\u00e1s garante estrutura e patroc\u00ednio para equipe que representa o estado na elite do v\u00f4lei nacional<\/strong><\/p>\n<p>O vice-governador Daniel Vilela refor\u00e7ou, nesta segunda-feira (07\/07), o compromisso com o esporte ao celebrar a nova fase do Goi\u00e1s V\u00f4lei, que ter\u00e1 apoio renovado da Saneago e passar\u00e1 a mandar seus jogos no Gin\u00e1sio Rio Vermelho. A parceria assegura a presen\u00e7a do time na Superliga A, com patroc\u00ednio via Lei de Incentivo ao Esporte e cess\u00e3o, sem custos, do gin\u00e1sio como sede oficial da equipe na temporada 2025\/2026.<\/p>\n<p>\u201cO v\u00f4lei \u00e9 uma das modalidades mais vitoriosas do Brasil, mas enfrenta grandes desafios de sustentabilidade. Com esse apoio, a Saneago assegura a presen\u00e7a de um clube goiano na Superliga e fortalece a imagem do nosso estado no cen\u00e1rio esportivo\u201d, afirmou o vice-governador. \u201c\u00c9 uma decis\u00e3o acertada, que combina incentivo ao esporte, valoriza\u00e7\u00e3o da marca e impacto social\u201d, completou.<\/p>\n<p>Diretor-presidente em substitui\u00e7\u00e3o da Saneago, Diego Augusto Ribeiro Silva lembrou que a parceria teve in\u00edcio em 2021, quando o projeto ainda era pequeno. \u201cAcreditamos desde o come\u00e7o. Hoje, al\u00e9m da visibilidade, temos um retorno social importante, com oficinas esportivas e orgulho para os empregados da companhia\u201d, afirmou.<\/p>\n<p>O secret\u00e1rio de Esporte e Lazer, Hudson Guerra, anunciou que a pasta estuda um aporte adicional de R$ 200 mil ao clube e refor\u00e7ou a import\u00e2ncia da nova fase. \u201cVamos levar inicia\u00e7\u00e3o ao v\u00f4lei a bairros da regi\u00e3o metropolitana e recuperar o Gin\u00e1sio Rio Vermelho como centro de forma\u00e7\u00e3o e competi\u00e7\u00e3o. \u00c9 um projeto que vai al\u00e9m do alto rendimento e se conecta com o cotidiano da popula\u00e7\u00e3o.\u201d<\/p>\n<p>A nova temporada do Saneago Goi\u00e1s V\u00f4lei come\u00e7a ainda neste m\u00eas. O time far\u00e1 seus jogos e treinos no Gin\u00e1sio Rio Vermelho, em Goi\u00e2nia, marcando uma nova etapa da parceria entre clube, empresa e Governo de Goi\u00e1s.<\/p>\n<p><strong>Foto: J\u00fanior Guimar\u00e3es<\/strong><br \/>\n<strong>Vice-Governadoria &#8211; Governo de Goi\u00e1s<\/strong><\/p>\n","protected":false},"excerpt":{"rendered":"<p>Governo de Goi\u00e1s garante estrutura e patroc\u00ednio para equipe que representa o estado na elite do v\u00f4lei nacional O vice-governador Daniel Vilela refor\u00e7ou, nesta segunda-feira (07\/07), o compromisso com o esporte ao celebrar a nova fase do Goi\u00e1s V\u00f4lei, que ter\u00e1 apoio renovado da Saneago e passar\u00e1 a mandar seus jogos no Gin\u00e1sio Rio Vermelho. [&hellip;]<\/p>\n","protected":false},"author":404,"featured_media":20756,"comment_status":"closed","ping_status":"open","sticky":false,"template":"","format":"standard","meta":{"footnotes":"","_links_to":"","_links_to_target":""},"categories":[36],"tags":[],"class_list":["post-20753","post","type-post","status-publish","format-standard","has-post-thumbnail","hentry","category-noticias"],"rttpg_featured_image_url":{"full":["https:\/\/goias.gov.br\/vicegovernadoria\/wp-content\/uploads\/sites\/38\/2025\/07\/30052e22-498e-4ae5-a1fc-61eb83fc825f.jpeg",4160,2774,false],"landscape":["https:\/\/goias.gov.br\/vicegovernadoria\/wp-content\/uploads\/sites\/38\/2025\/07\/30052e22-498e-4ae5-a1fc-61eb83fc825f.jpeg",4160,2774,false],"portraits":["https:\/\/goias.gov.br\/vicegovernadoria\/wp-content\/uploads\/sites\/38\/2025\/07\/30052e22-498e-4ae5-a1fc-61eb83fc825f.jpeg",4160,2774,false],"thumbnail":["https:\/\/goias.gov.br\/vicegovernadoria\/wp-content\/uploads\/sites\/38\/2025\/07\/30052e22-498e-4ae5-a1fc-61eb83fc825f-150x150.jpeg",150,150,true],"medium":["https:\/\/goias.gov.br\/vicegovernadoria\/wp-content\/uploads\/sites\/38\/2025\/07\/30052e22-498e-4ae5-a1fc-61eb83fc825f-300x200.jpeg",300,200,true],"large":["https:\/\/goias.gov.br\/vicegovernadoria\/wp-content\/uploads\/sites\/38\/2025\/07\/30052e22-498e-4ae5-a1fc-61eb83fc825f-1024x683.jpeg",1024,683,true],"1536x1536":["https:\/\/goias.gov.br\/vicegovernadoria\/wp-content\/uploads\/sites\/38\/2025\/07\/30052e22-498e-4ae5-a1fc-61eb83fc825f-1536x1024.jpeg",1536,1024,true],"2048x2048":["https:\/\/goias.gov.br\/vicegovernadoria\/wp-content\/uploads\/sites\/38\/2025\/07\/30052e22-498e-4ae5-a1fc-61eb83fc825f-2048x1366.jpeg",2048,1366,true]},"rttpg_author":{"display_name":"ruireis","author_link":"https:\/\/goias.gov.br\/vicegovernadoria\/author\/ruireis\/"},"rttpg_comment":0,"rttpg_category":"<a href=\"https:\/\/goias.gov.br\/vicegovernadoria\/categoria\/noticias\/\" rel=\"category tag\">Not\u00edcias<\/a>","rttpg_excerpt":"Governo de Goi\u00e1s garante estrutura e patroc\u00ednio para equipe que representa o estado na elite do v\u00f4lei nacional O vice-governador Daniel Vilela refor\u00e7ou, nesta segunda-feira (07\/07), o compromisso com o esporte ao celebrar a nova fase do Goi\u00e1s V\u00f4lei, que ter\u00e1 apoio renovado da Saneago e passar\u00e1 a mandar seus jogos no Gin\u00e1sio Rio Vermelho.&hellip;","_links":{"self":[{"href":"https:\/\/goias.gov.br\/vicegovernadoria\/wp-json\/wp\/v2\/posts\/20753","targetHints":{"allow":["GET"]}}],"collection":[{"href":"https:\/\/goias.gov.br\/vicegovernadoria\/wp-json\/wp\/v2\/posts"}],"about":[{"href":"https:\/\/goias.gov.br\/vicegovernadoria\/wp-json\/wp\/v2\/types\/post"}],"author":[{"embeddable":true,"href":"https:\/\/goias.gov.br\/vicegovernadoria\/wp-json\/wp\/v2\/users\/404"}],"replies":[{"embeddable":true,"href":"https:\/\/goias.gov.br\/vicegovernadoria\/wp-json\/wp\/v2\/comments?post=20753"}],"version-history":[{"count":2,"href":"https:\/\/goias.gov.br\/vicegovernadoria\/wp-json\/wp\/v2\/posts\/20753\/revisions"}],"predecessor-version":[{"id":20763,"href":"https:\/\/goias.gov.br\/vicegovernadoria\/wp-json\/wp\/v2\/posts\/20753\/revisions\/20763"}],"wp:featuredmedia":[{"embeddable":true,"href":"https:\/\/goias.gov.br\/vicegovernadoria\/wp-json\/wp\/v2\/media\/20756"}],"wp:attachment":[{"href":"https:\/\/goias.gov.br\/vicegovernadoria\/wp-json\/wp\/v2\/media?parent=20753"}],"wp:term":[{"taxonomy":"category","embeddable":true,"href":"https:\/\/goias.gov.br\/vicegovernadoria\/wp-json\/wp\/v2\/categories?post=20753"},{"taxonomy":"post_tag","embeddable":true,"href":"https:\/\/goias.gov.br\/vicegovernadoria\/wp-json\/wp\/v2\/tags?post=20753"}],"curies":[{"name":"wp","href":"https:\/\/api.w.org\/{rel}","templated":true}]}}