

{"id":19435,"date":"2025-06-30T08:51:50","date_gmt":"2025-06-30T11:51:50","guid":{"rendered":"https:\/\/goias.gov.br\/vicegovernadoria\/?p=19435"},"modified":"2025-06-30T08:51:58","modified_gmt":"2025-06-30T11:51:58","slug":"governo-de-goias-lidera-tratativas-para-viabilizar-anel-viario-de-goiania","status":"publish","type":"post","link":"https:\/\/goias.gov.br\/vicegovernadoria\/governo-de-goias-lidera-tratativas-para-viabilizar-anel-viario-de-goiania\/","title":{"rendered":"Governo de Goi\u00e1s lidera tratativas para viabilizar Anel Vi\u00e1rio de Goi\u00e2nia"},"content":{"rendered":"<p><img fetchpriority=\"high\" decoding=\"async\" class=\"wp-image-19448 size-large aligncenter\" src=\"https:\/\/goias.gov.br\/vicegovernadoria\/wp-content\/uploads\/sites\/38\/2025\/06\/39cc6e92-a87f-4909-b1d0-941b63210f4a-1024x730.jpeg\" alt=\"\" width=\"1024\" height=\"730\" srcset=\"https:\/\/goias.gov.br\/vicegovernadoria\/wp-content\/uploads\/sites\/38\/2025\/06\/39cc6e92-a87f-4909-b1d0-941b63210f4a-1024x730.jpeg 1024w, https:\/\/goias.gov.br\/vicegovernadoria\/wp-content\/uploads\/sites\/38\/2025\/06\/39cc6e92-a87f-4909-b1d0-941b63210f4a-300x214.jpeg 300w, https:\/\/goias.gov.br\/vicegovernadoria\/wp-content\/uploads\/sites\/38\/2025\/06\/39cc6e92-a87f-4909-b1d0-941b63210f4a-768x547.jpeg 768w, https:\/\/goias.gov.br\/vicegovernadoria\/wp-content\/uploads\/sites\/38\/2025\/06\/39cc6e92-a87f-4909-b1d0-941b63210f4a.jpeg 1280w\" sizes=\"(max-width: 1024px) 100vw, 1024px\" \/><\/p>\n<p><strong>Vice-governador Daniel Vilela se reuniu com deputados e prefeitos da Regi\u00e3o Metropolitana para discutir a obra, or\u00e7ada em R$ 948 milh\u00f5es<\/strong><\/p>\n<p>Uma das obras de infraestrutura mais aguardadas da Regi\u00e3o Metropolitana de Goi\u00e2nia, o novo Anel Vi\u00e1rio foi apresentado a gestores e lideran\u00e7as pol\u00edticas nesta ter\u00e7a-feira (24\/6), durante reuni\u00e3o no Pa\u00e7o Municipal. A articula\u00e7\u00e3o, liderada pelo vice-governador Daniel Vilela junto ao Minist\u00e9rio dos Transportes e \u00e0 Ag\u00eancia Nacional de Transportes Terrestres (ANTT), pretende viabilizar a obra or\u00e7ada em R$ 948 milh\u00f5es, aliviando o tr\u00e1fego intenso da BR-153 e impulsionando o desenvolvimento de cinco munic\u00edpios goianos.<\/p>\n<p>Segundo Daniel, a constru\u00e7\u00e3o do Anel Vi\u00e1rio \u00e9 uma prioridade para o Estado e para toda a Regi\u00e3o Metropolitana. \u201cMesmo sendo uma obra federal, o Governo de Goi\u00e1s tem participa\u00e7\u00e3o ativa nas etapas de licenciamento ambiental e aprova\u00e7\u00e3o de projetos, porque sabemos da urg\u00eancia dessa solu\u00e7\u00e3o para a mobilidade e o desenvolvimento de Goi\u00e1s\u201d, afirmou.<\/p>\n<p>O tra\u00e7ado vai interligar os munic\u00edpios de Goi\u00e2nia, Aparecida de Goi\u00e2nia, Hidrol\u00e2ndia, Senador Canedo e Goian\u00e1polis, com previs\u00e3o de constru\u00e7\u00e3o de 10 pontes e 35 viadutos, al\u00e9m de 26 quil\u00f4metros de interliga\u00e7\u00f5es com outras rodovias. Estimativas indicam que o fluxo de tr\u00e2nsito di\u00e1rio no local deve ultrapassar 21 mil ve\u00edculos por dia, em at\u00e9 dez anos.<\/p>\n<p>Oportunidade<br \/>\nO prefeito de Goi\u00e2nia, Sandro Mabel, refor\u00e7ou a import\u00e2ncia da obra devido \u00e0 situa\u00e7\u00e3o atual do tr\u00e1fego na regi\u00e3o, com congestionamentos di\u00e1rios e riscos para a seguran\u00e7a vi\u00e1ria. \u201cEssa rodovia (BR-153) j\u00e1 virou uma avenida dentro da cidade, com milhares de caminh\u00f5es passando diariamente. Agora temos uma oportunidade real de resolver isso, com o envolvimento direto do vice-governador Daniel Vilela e da nossa bancada federal\u201d, disse ele.<\/p>\n<p>Prefeito de Aparecida de Goi\u00e2nia, Leandro Vilela destacou a disposi\u00e7\u00e3o dos munic\u00edpios em colaborar com as desapropria\u00e7\u00f5es e os tr\u00e2mites necess\u00e1rios. \u201cEssa \u00e9 uma obra que vai transformar a mobilidade urbana e impulsionar o desenvolvimento econ\u00f4mico\u201d, destacou. J\u00e1 o presidente da Associa\u00e7\u00e3o Goiana de Munic\u00edpios (AGM) e prefeito de Hidrol\u00e2ndia, Jos\u00e9 D\u00e9lio, ressaltou que a demanda \u00e9 antiga e envolve toda a regi\u00e3o: \u201cDepois de mais de 20 anos de espera, agora temos uma articula\u00e7\u00e3o forte e o apoio de todos os prefeitos e da bancada federal\u201d, elogiou ele.<\/p>\n<p>Relator setorial de infraestrutura no Or\u00e7amento da Uni\u00e3o, o deputado federal Jos\u00e9 Nelto falou do empenho da bancada goiana. \u201cJ\u00e1 temos uma rubrica aberta no or\u00e7amento e estamos trabalhando para garantir os recursos necess\u00e1rios. Esse Anel Vi\u00e1rio \u00e9 fundamental para a log\u00edstica, a seguran\u00e7a e o desenvolvimento da nossa Regi\u00e3o Metropolitana de Goi\u00e2nia\u201d, disse. A expectativa \u00e9 que a licita\u00e7\u00e3o aberta ainda este ano.<\/p>\n<p><strong>Fotos: Andr\u00e9 Costa<\/strong><br \/>\n<strong>Vice-Governadoria &#8211; Governo de Goi\u00e1s<\/strong><\/p>\n","protected":false},"excerpt":{"rendered":"<p>Vice-governador Daniel Vilela se reuniu com deputados e prefeitos da Regi\u00e3o Metropolitana para discutir a obra, or\u00e7ada em R$ 948 milh\u00f5es Uma das obras de infraestrutura mais aguardadas da Regi\u00e3o Metropolitana de Goi\u00e2nia, o novo Anel Vi\u00e1rio foi apresentado a gestores e lideran\u00e7as pol\u00edticas nesta ter\u00e7a-feira (24\/6), durante reuni\u00e3o no Pa\u00e7o Municipal. A articula\u00e7\u00e3o, liderada [&hellip;]<\/p>\n","protected":false},"author":404,"featured_media":19448,"comment_status":"closed","ping_status":"open","sticky":false,"template":"","format":"standard","meta":{"footnotes":"","_links_to":"","_links_to_target":""},"categories":[36],"tags":[],"class_list":["post-19435","post","type-post","status-publish","format-standard","has-post-thumbnail","hentry","category-noticias"],"rttpg_featured_image_url":{"full":["https:\/\/goias.gov.br\/vicegovernadoria\/wp-content\/uploads\/sites\/38\/2025\/06\/39cc6e92-a87f-4909-b1d0-941b63210f4a.jpeg",1280,912,false],"landscape":["https:\/\/goias.gov.br\/vicegovernadoria\/wp-content\/uploads\/sites\/38\/2025\/06\/39cc6e92-a87f-4909-b1d0-941b63210f4a.jpeg",1280,912,false],"portraits":["https:\/\/goias.gov.br\/vicegovernadoria\/wp-content\/uploads\/sites\/38\/2025\/06\/39cc6e92-a87f-4909-b1d0-941b63210f4a.jpeg",1280,912,false],"thumbnail":["https:\/\/goias.gov.br\/vicegovernadoria\/wp-content\/uploads\/sites\/38\/2025\/06\/39cc6e92-a87f-4909-b1d0-941b63210f4a-150x150.jpeg",150,150,true],"medium":["https:\/\/goias.gov.br\/vicegovernadoria\/wp-content\/uploads\/sites\/38\/2025\/06\/39cc6e92-a87f-4909-b1d0-941b63210f4a-300x214.jpeg",300,214,true],"large":["https:\/\/goias.gov.br\/vicegovernadoria\/wp-content\/uploads\/sites\/38\/2025\/06\/39cc6e92-a87f-4909-b1d0-941b63210f4a-1024x730.jpeg",1024,730,true],"1536x1536":["https:\/\/goias.gov.br\/vicegovernadoria\/wp-content\/uploads\/sites\/38\/2025\/06\/39cc6e92-a87f-4909-b1d0-941b63210f4a.jpeg",1280,912,false],"2048x2048":["https:\/\/goias.gov.br\/vicegovernadoria\/wp-content\/uploads\/sites\/38\/2025\/06\/39cc6e92-a87f-4909-b1d0-941b63210f4a.jpeg",1280,912,false]},"rttpg_author":{"display_name":"ruireis","author_link":"https:\/\/goias.gov.br\/vicegovernadoria\/author\/ruireis\/"},"rttpg_comment":0,"rttpg_category":"<a href=\"https:\/\/goias.gov.br\/vicegovernadoria\/categoria\/noticias\/\" rel=\"category tag\">Not\u00edcias<\/a>","rttpg_excerpt":"Vice-governador Daniel Vilela se reuniu com deputados e prefeitos da Regi\u00e3o Metropolitana para discutir a obra, or\u00e7ada em R$ 948 milh\u00f5es Uma das obras de infraestrutura mais aguardadas da Regi\u00e3o Metropolitana de Goi\u00e2nia, o novo Anel Vi\u00e1rio foi apresentado a gestores e lideran\u00e7as pol\u00edticas nesta ter\u00e7a-feira (24\/6), durante reuni\u00e3o no Pa\u00e7o Municipal. A articula\u00e7\u00e3o, liderada&hellip;","_links":{"self":[{"href":"https:\/\/goias.gov.br\/vicegovernadoria\/wp-json\/wp\/v2\/posts\/19435","targetHints":{"allow":["GET"]}}],"collection":[{"href":"https:\/\/goias.gov.br\/vicegovernadoria\/wp-json\/wp\/v2\/posts"}],"about":[{"href":"https:\/\/goias.gov.br\/vicegovernadoria\/wp-json\/wp\/v2\/types\/post"}],"author":[{"embeddable":true,"href":"https:\/\/goias.gov.br\/vicegovernadoria\/wp-json\/wp\/v2\/users\/404"}],"replies":[{"embeddable":true,"href":"https:\/\/goias.gov.br\/vicegovernadoria\/wp-json\/wp\/v2\/comments?post=19435"}],"version-history":[{"count":2,"href":"https:\/\/goias.gov.br\/vicegovernadoria\/wp-json\/wp\/v2\/posts\/19435\/revisions"}],"predecessor-version":[{"id":19452,"href":"https:\/\/goias.gov.br\/vicegovernadoria\/wp-json\/wp\/v2\/posts\/19435\/revisions\/19452"}],"wp:featuredmedia":[{"embeddable":true,"href":"https:\/\/goias.gov.br\/vicegovernadoria\/wp-json\/wp\/v2\/media\/19448"}],"wp:attachment":[{"href":"https:\/\/goias.gov.br\/vicegovernadoria\/wp-json\/wp\/v2\/media?parent=19435"}],"wp:term":[{"taxonomy":"category","embeddable":true,"href":"https:\/\/goias.gov.br\/vicegovernadoria\/wp-json\/wp\/v2\/categories?post=19435"},{"taxonomy":"post_tag","embeddable":true,"href":"https:\/\/goias.gov.br\/vicegovernadoria\/wp-json\/wp\/v2\/tags?post=19435"}],"curies":[{"name":"wp","href":"https:\/\/api.w.org\/{rel}","templated":true}]}}