

{"id":13495,"date":"2025-02-13T13:36:57","date_gmt":"2025-02-13T16:36:57","guid":{"rendered":"https:\/\/goias.gov.br\/vicegovernadoria\/?p=13495"},"modified":"2025-02-13T13:36:57","modified_gmt":"2025-02-13T16:36:57","slug":"daniel-vilela-presta-solidariedade-a-familia-e-amigos-de-policial-morto-em-acao","status":"publish","type":"post","link":"https:\/\/goias.gov.br\/vicegovernadoria\/daniel-vilela-presta-solidariedade-a-familia-e-amigos-de-policial-morto-em-acao\/","title":{"rendered":"Daniel Vilela presta solidariedade \u00e0 fam\u00edlia e amigos de policial morto em a\u00e7\u00e3o"},"content":{"rendered":"<p><em>Governador em exerc\u00edcio destaca bravura do cabo Campos e refor\u00e7a apoio \u00e0s for\u00e7as de seguran\u00e7a de Goi\u00e1s<\/em><\/p>\n<p>O governador em exerc\u00edcio de Goi\u00e1s, Daniel Vilela, prestou solidariedade e apoio aos familiares, amigos e colegas do cabo da Pol\u00edcia Militar Paulo Vitor Coelho Campos, durante seu vel\u00f3rio nesta ter\u00e7a-feira (11\/02). O policial perdeu a vida em uma opera\u00e7\u00e3o na zona rural de Niquel\u00e2ndia, no norte do estado, ao enfrentar um criminoso de alta periculosidade. O confronto resultou na neutraliza\u00e7\u00e3o do agressor e na liberta\u00e7\u00e3o de ref\u00e9ns sem ferimentos.<\/p>\n<p>Daniel Vilela expressou profundo pesar e refor\u00e7ou o compromisso do Governo de Goi\u00e1s com a seguran\u00e7a p\u00fablica e com a valoriza\u00e7\u00e3o dos profissionais que dedicam suas vidas \u00e0 prote\u00e7\u00e3o da popula\u00e7\u00e3o.<\/p>\n<p>\u201cEste \u00e9 um momento de grande tristeza para todos n\u00f3s. Os nossos policiais dedicam suas vidas para garantir a seguran\u00e7a da sociedade e a perda de um profissional t\u00e3o dedicado nos afeta profundamente. Como governador em exerc\u00edcio, presto minha solidariedade \u00e0 fam\u00edlia do cabo Campos e refor\u00e7o nosso compromisso de manter Goi\u00e1s como um estado seguro, com investimentos constantes na seguran\u00e7a p\u00fablica e no amparo aos nossos agentes\u201d, afirmou Vilela.<\/p>\n<p>Goi\u00e1s \u00e9 reconhecido nacionalmente pelos avan\u00e7os na seguran\u00e7a p\u00fablica, resultado de um trabalho estrat\u00e9gico que envolve tecnologia, capacita\u00e7\u00e3o e forte combate ao crime organizado. A atua\u00e7\u00e3o das for\u00e7as policiais no caso de Niquel\u00e2ndia demonstrou a efici\u00eancia e prontid\u00e3o da corpora\u00e7\u00e3o, resultando na elimina\u00e7\u00e3o da amea\u00e7a e na seguran\u00e7a da popula\u00e7\u00e3o local.<\/p>\n<p>O chefe do Estado-Maior Estrat\u00e9gico da PM, coronel C\u00e2mara, destacou o legado de dedica\u00e7\u00e3o do cabo Campos e a determina\u00e7\u00e3o da Pol\u00edcia Militar em seguir combatendo a criminalidade. \u201cO cabo Campos era um profissional exemplar, um homem altamente treinado e comprometido com a miss\u00e3o de proteger os goianos. Sua perda \u00e9 irrepar\u00e1vel, mas seu exemplo seguir\u00e1 inspirando nossos policiais na luta contra o crime\u201d, declarou.<\/p>\n<p>Ocorr\u00eancia<br \/>\nForagido da justi\u00e7a do estado da Bahia, F\u00e1bio Bernardo dos Santos possu\u00eda um extenso hist\u00f3rico de homic\u00eddios e assaltos a bancos, e a opera\u00e7\u00e3o policial visava captur\u00e1-lo. No entanto, ao perceber a presen\u00e7a das equipes policiais, o criminoso efetuou diversos disparos de fuzil, baleando o cabo Paulo Vitor Coelho de Campos, que morreu no local, e atingindo de rasp\u00e3o outro policial, que n\u00e3o corre risco de morte.<\/p>\n<p>Ap\u00f3s os disparos, o agressor manteve sua esposa e enteada sob amea\u00e7a dentro da resid\u00eancia. Diante da situa\u00e7\u00e3o, a Pol\u00edcia Militar mobilizou todos os recursos necess\u00e1rios e adotou protocolos t\u00e9cnicos de gerenciamento de crise, incluindo o isolamento do local e a tentativa de negocia\u00e7\u00e3o. No entanto, mesmo ap\u00f3s tratativas, o agressor permaneceu resistente e, diante da amea\u00e7a cada vez maior de viol\u00eancia contra as v\u00edtimas, foi alvejado e veio a \u00f3bito.<\/p>\n<p>O Governo de Goi\u00e1s segue firme na valoriza\u00e7\u00e3o de seus agentes de seguran\u00e7a e na ado\u00e7\u00e3o de medidas eficazes para garantir um ambiente seguro para todos os goianos. As for\u00e7as policiais do estado seguem atuando com coragem e determina\u00e7\u00e3o para manter a ordem e proteger a sociedade.<\/p>\n<p><img fetchpriority=\"high\" decoding=\"async\" class=\"alignnone size-medium wp-image-5047\" src=\"https:\/\/danielvilela15.com.br\/wp-content\/uploads\/2025\/02\/Daniel-Vilela-presta-solidariedade-a-familia-e-amigos-de-policial-morto-em-acao-800x533.jpeg\" alt=\"Daniel Vilela Presta Solidariedade A Familia E Amigos De Policial Morto Em Acao\" width=\"800\" height=\"533\" \/> <img decoding=\"async\" class=\"alignnone size-medium wp-image-5048\" src=\"https:\/\/danielvilela15.com.br\/wp-content\/uploads\/2025\/02\/Daniel-Vilela-presta-solidariedade-a-familia-e-amigos-de-policial-morto-em-acao-1-800x533.jpeg\" alt=\"Daniel Vilela Presta Solidariedade A Familia E Amigos De Policial Morto Em Acao\" width=\"800\" height=\"533\" \/><\/p>\n<p><strong>Foto: Walter Folador<\/strong><br \/>\n<strong>Vice-Governadoria \u2013 Governo de Goi\u00e1s<\/strong><\/p>\n","protected":false},"excerpt":{"rendered":"<p>Governador em exerc\u00edcio destaca bravura do cabo Campos e refor\u00e7a apoio \u00e0s for\u00e7as de seguran\u00e7a de Goi\u00e1s O governador em exerc\u00edcio de Goi\u00e1s, Daniel Vilela, prestou solidariedade e apoio aos familiares, amigos e colegas do cabo da Pol\u00edcia Militar Paulo Vitor Coelho Campos, durante seu vel\u00f3rio nesta ter\u00e7a-feira (11\/02). O policial perdeu a vida em [&hellip;]<\/p>\n","protected":false},"author":404,"featured_media":13496,"comment_status":"closed","ping_status":"open","sticky":false,"template":"","format":"standard","meta":{"footnotes":"","_links_to":"","_links_to_target":""},"categories":[36],"tags":[],"class_list":["post-13495","post","type-post","status-publish","format-standard","has-post-thumbnail","hentry","category-noticias"],"rttpg_featured_image_url":{"full":["https:\/\/goias.gov.br\/vicegovernadoria\/wp-content\/uploads\/sites\/38\/2025\/02\/WhatsApp-Image-2025-02-12-at-08.34.21.jpeg",1600,1066,false],"landscape":["https:\/\/goias.gov.br\/vicegovernadoria\/wp-content\/uploads\/sites\/38\/2025\/02\/WhatsApp-Image-2025-02-12-at-08.34.21.jpeg",1600,1066,false],"portraits":["https:\/\/goias.gov.br\/vicegovernadoria\/wp-content\/uploads\/sites\/38\/2025\/02\/WhatsApp-Image-2025-02-12-at-08.34.21.jpeg",1600,1066,false],"thumbnail":["https:\/\/goias.gov.br\/vicegovernadoria\/wp-content\/uploads\/sites\/38\/2025\/02\/WhatsApp-Image-2025-02-12-at-08.34.21-150x150.jpeg",150,150,true],"medium":["https:\/\/goias.gov.br\/vicegovernadoria\/wp-content\/uploads\/sites\/38\/2025\/02\/WhatsApp-Image-2025-02-12-at-08.34.21-300x200.jpeg",300,200,true],"large":["https:\/\/goias.gov.br\/vicegovernadoria\/wp-content\/uploads\/sites\/38\/2025\/02\/WhatsApp-Image-2025-02-12-at-08.34.21-1024x682.jpeg",1024,682,true],"1536x1536":["https:\/\/goias.gov.br\/vicegovernadoria\/wp-content\/uploads\/sites\/38\/2025\/02\/WhatsApp-Image-2025-02-12-at-08.34.21-1536x1023.jpeg",1536,1023,true],"2048x2048":["https:\/\/goias.gov.br\/vicegovernadoria\/wp-content\/uploads\/sites\/38\/2025\/02\/WhatsApp-Image-2025-02-12-at-08.34.21.jpeg",1600,1066,false]},"rttpg_author":{"display_name":"ruireis","author_link":"https:\/\/goias.gov.br\/vicegovernadoria\/author\/ruireis\/"},"rttpg_comment":0,"rttpg_category":"<a href=\"https:\/\/goias.gov.br\/vicegovernadoria\/categoria\/noticias\/\" rel=\"category tag\">Not\u00edcias<\/a>","rttpg_excerpt":"Governador em exerc\u00edcio destaca bravura do cabo Campos e refor\u00e7a apoio \u00e0s for\u00e7as de seguran\u00e7a de Goi\u00e1s O governador em exerc\u00edcio de Goi\u00e1s, Daniel Vilela, prestou solidariedade e apoio aos familiares, amigos e colegas do cabo da Pol\u00edcia Militar Paulo Vitor Coelho Campos, durante seu vel\u00f3rio nesta ter\u00e7a-feira (11\/02). O policial perdeu a vida em&hellip;","_links":{"self":[{"href":"https:\/\/goias.gov.br\/vicegovernadoria\/wp-json\/wp\/v2\/posts\/13495","targetHints":{"allow":["GET"]}}],"collection":[{"href":"https:\/\/goias.gov.br\/vicegovernadoria\/wp-json\/wp\/v2\/posts"}],"about":[{"href":"https:\/\/goias.gov.br\/vicegovernadoria\/wp-json\/wp\/v2\/types\/post"}],"author":[{"embeddable":true,"href":"https:\/\/goias.gov.br\/vicegovernadoria\/wp-json\/wp\/v2\/users\/404"}],"replies":[{"embeddable":true,"href":"https:\/\/goias.gov.br\/vicegovernadoria\/wp-json\/wp\/v2\/comments?post=13495"}],"version-history":[{"count":1,"href":"https:\/\/goias.gov.br\/vicegovernadoria\/wp-json\/wp\/v2\/posts\/13495\/revisions"}],"predecessor-version":[{"id":13501,"href":"https:\/\/goias.gov.br\/vicegovernadoria\/wp-json\/wp\/v2\/posts\/13495\/revisions\/13501"}],"wp:featuredmedia":[{"embeddable":true,"href":"https:\/\/goias.gov.br\/vicegovernadoria\/wp-json\/wp\/v2\/media\/13496"}],"wp:attachment":[{"href":"https:\/\/goias.gov.br\/vicegovernadoria\/wp-json\/wp\/v2\/media?parent=13495"}],"wp:term":[{"taxonomy":"category","embeddable":true,"href":"https:\/\/goias.gov.br\/vicegovernadoria\/wp-json\/wp\/v2\/categories?post=13495"},{"taxonomy":"post_tag","embeddable":true,"href":"https:\/\/goias.gov.br\/vicegovernadoria\/wp-json\/wp\/v2\/tags?post=13495"}],"curies":[{"name":"wp","href":"https:\/\/api.w.org\/{rel}","templated":true}]}}