

{"id":12984,"date":"2025-01-28T14:02:11","date_gmt":"2025-01-28T17:02:11","guid":{"rendered":"https:\/\/goias.gov.br\/vicegovernadoria\/?p=12984"},"modified":"2025-01-28T14:02:11","modified_gmt":"2025-01-28T17:02:11","slug":"daniel-vilela-vincula-exitos-da-seguranca-publica-em-goias-ao-controle-carcerario-da-policia-penal","status":"publish","type":"post","link":"https:\/\/goias.gov.br\/vicegovernadoria\/daniel-vilela-vincula-exitos-da-seguranca-publica-em-goias-ao-controle-carcerario-da-policia-penal\/","title":{"rendered":"Daniel Vilela vincula \u00eaxitos da seguran\u00e7a p\u00fablica em Goi\u00e1s ao controle carcer\u00e1rio da Pol\u00edcia Penal"},"content":{"rendered":"<p><em>Ao participar da entrega de equipamentos e ve\u00edculos \u00e0 categoria, vice-governador tamb\u00e9m pediu reconhecimento aos profissionais<\/em><\/p>\n<p>O vice-governador Daniel Vilela atribuiu parcela do sucesso da pol\u00edtica de seguran\u00e7a p\u00fablica do Estado de Goi\u00e1s \u00e0 Pol\u00edcia Penal. Durante entrega de ve\u00edculos e equipamentos \u00e0 categoria \u2013 evento conduzido pelo governador Ronaldo Caiado -, ele tamb\u00e9m pediu \u00e0 popula\u00e7\u00e3o goiana reconhecimento \u00e0 atua\u00e7\u00e3o e ao esfor\u00e7o destes profissionais &#8211; respons\u00e1veis, em primeira inst\u00e2ncia, pelos pres\u00eddios instalados em Goi\u00e1s.<\/p>\n<p>\u201cA Pol\u00edcia Civil, a Pol\u00edcia Militar, a Pol\u00edcia T\u00e9cnico-Cient\u00edfica, enfim, todos que comp\u00f5em as nossas for\u00e7as de seguran\u00e7a exercem com excel\u00eancia as fun\u00e7\u00f5es que lhe cabem e executam com destreza as miss\u00f5es que lhes s\u00e3o demandadas pelo governador. Mas um dos fatores que garante que este trabalho seja bem feito \u00e9 justamente o r\u00edgido controle carcer\u00e1rio feito pela Pol\u00edcia Penal\u201d, disse Daniel no Centro Cultural Oscar Niemeyer, onde o evento foi realizado, , nesta segunda-feira (27\/1).<\/p>\n<p>Em contrapartida, prosseguiu o vice-governador, o Governo Estadual tem dado todo o amparo poss\u00edvel para que estes profissionais consigam \u00eaxito em tarefas que v\u00e3o desde a imposi\u00e7\u00e3o de barreiras para entrada de celulares e drogas no pres\u00eddio at\u00e9 o servi\u00e7o de intelig\u00eancia para extinguir planos de fugas, de rebeli\u00f5es e motins.<\/p>\n<p>\u201cAo contr\u00e1rio do que ocorria em governos anteriores, hoje a Pol\u00edcia Penal recebe investimentos desta gest\u00e3o. Ela passou a ser prioridade no Or\u00e7amento Estadual\u201d, enfatizou Daniel que, na sequ\u00eancia, conclamou: \u201cMas \u00e9 importante que todos tenham consci\u00eancia de que depois que chegamos a este cen\u00e1rio, onde a seguran\u00e7a p\u00fablica \u00e9 refer\u00eancia nacional, o maior desafio \u00e9 manter esta posi\u00e7\u00e3o de destaque e, ainda assim, obter avan\u00e7os\u201d.<\/p>\n<p>O vice-governador disse que este alerta era de suma relev\u00e2ncia porque o crime, segundo ele, n\u00e3o lida com \u201climites or\u00e7ament\u00e1rios\u201d e tampouco com \u201calgumas burocracias inerentes \u00e0 administra\u00e7\u00e3o p\u00fablica\u201d. \u201cVoc\u00eas viram aqui que este governo investe nos servidores a fim de garantir-lhes melhores condi\u00e7\u00f5es de trabalho e, por tabela, um \u00f3timo desempenho. Goi\u00e1s precisa de todos voc\u00eas para que os goianos continuem a viver em tranquilidade\u201d, arrematou.<\/p>\n<p><img fetchpriority=\"high\" decoding=\"async\" class=\"alignnone size-medium wp-image-12991\" src=\"https:\/\/goias.gov.br\/vicegovernadoria\/wp-content\/uploads\/sites\/38\/2025\/01\/WhatsApp-Image-2025-01-27-at-20.30.44-1-300x200.jpeg\" alt=\"\" width=\"300\" height=\"200\" srcset=\"https:\/\/goias.gov.br\/vicegovernadoria\/wp-content\/uploads\/sites\/38\/2025\/01\/WhatsApp-Image-2025-01-27-at-20.30.44-1-300x200.jpeg 300w, https:\/\/goias.gov.br\/vicegovernadoria\/wp-content\/uploads\/sites\/38\/2025\/01\/WhatsApp-Image-2025-01-27-at-20.30.44-1-1024x683.jpeg 1024w, https:\/\/goias.gov.br\/vicegovernadoria\/wp-content\/uploads\/sites\/38\/2025\/01\/WhatsApp-Image-2025-01-27-at-20.30.44-1-768x512.jpeg 768w, https:\/\/goias.gov.br\/vicegovernadoria\/wp-content\/uploads\/sites\/38\/2025\/01\/WhatsApp-Image-2025-01-27-at-20.30.44-1-1536x1024.jpeg 1536w, https:\/\/goias.gov.br\/vicegovernadoria\/wp-content\/uploads\/sites\/38\/2025\/01\/WhatsApp-Image-2025-01-27-at-20.30.44-1-2048x1365.jpeg 2048w\" sizes=\"(max-width: 300px) 100vw, 300px\" \/> <img decoding=\"async\" class=\"alignnone size-medium wp-image-12992\" src=\"https:\/\/goias.gov.br\/vicegovernadoria\/wp-content\/uploads\/sites\/38\/2025\/01\/WhatsApp-Image-2025-01-27-at-20.30.44-2-200x300.jpeg\" alt=\"\" width=\"200\" height=\"300\" srcset=\"https:\/\/goias.gov.br\/vicegovernadoria\/wp-content\/uploads\/sites\/38\/2025\/01\/WhatsApp-Image-2025-01-27-at-20.30.44-2-200x300.jpeg 200w, https:\/\/goias.gov.br\/vicegovernadoria\/wp-content\/uploads\/sites\/38\/2025\/01\/WhatsApp-Image-2025-01-27-at-20.30.44-2-683x1024.jpeg 683w, https:\/\/goias.gov.br\/vicegovernadoria\/wp-content\/uploads\/sites\/38\/2025\/01\/WhatsApp-Image-2025-01-27-at-20.30.44-2-768x1152.jpeg 768w, https:\/\/goias.gov.br\/vicegovernadoria\/wp-content\/uploads\/sites\/38\/2025\/01\/WhatsApp-Image-2025-01-27-at-20.30.44-2-1024x1536.jpeg 1024w, https:\/\/goias.gov.br\/vicegovernadoria\/wp-content\/uploads\/sites\/38\/2025\/01\/WhatsApp-Image-2025-01-27-at-20.30.44-2-1365x2048.jpeg 1365w, https:\/\/goias.gov.br\/vicegovernadoria\/wp-content\/uploads\/sites\/38\/2025\/01\/WhatsApp-Image-2025-01-27-at-20.30.44-2-scaled.jpeg 1706w\" sizes=\"(max-width: 200px) 100vw, 200px\" \/><\/p>\n<p><strong>Fotos: Andr\u00e9 Costa<\/strong><br \/>\n<strong>Vice-Governadoria \u2013 Governo de Goi\u00e1s<\/strong><\/p>\n","protected":false},"excerpt":{"rendered":"<p>Ao participar da entrega de equipamentos e ve\u00edculos \u00e0 categoria, vice-governador tamb\u00e9m pediu reconhecimento aos profissionais O vice-governador Daniel Vilela atribuiu parcela do sucesso da pol\u00edtica de seguran\u00e7a p\u00fablica do Estado de Goi\u00e1s \u00e0 Pol\u00edcia Penal. Durante entrega de ve\u00edculos e equipamentos \u00e0 categoria \u2013 evento conduzido pelo governador Ronaldo Caiado -, ele tamb\u00e9m pediu [&hellip;]<\/p>\n","protected":false},"author":404,"featured_media":12990,"comment_status":"closed","ping_status":"open","sticky":false,"template":"","format":"standard","meta":{"footnotes":"","_links_to":"","_links_to_target":""},"categories":[36],"tags":[],"class_list":["post-12984","post","type-post","status-publish","format-standard","has-post-thumbnail","hentry","category-noticias"],"rttpg_featured_image_url":{"full":["https:\/\/goias.gov.br\/vicegovernadoria\/wp-content\/uploads\/sites\/38\/2025\/01\/WhatsApp-Image-2025-01-27-at-20.30.43-1-scaled.jpeg",2560,1706,false],"landscape":["https:\/\/goias.gov.br\/vicegovernadoria\/wp-content\/uploads\/sites\/38\/2025\/01\/WhatsApp-Image-2025-01-27-at-20.30.43-1-scaled.jpeg",2560,1706,false],"portraits":["https:\/\/goias.gov.br\/vicegovernadoria\/wp-content\/uploads\/sites\/38\/2025\/01\/WhatsApp-Image-2025-01-27-at-20.30.43-1-scaled.jpeg",2560,1706,false],"thumbnail":["https:\/\/goias.gov.br\/vicegovernadoria\/wp-content\/uploads\/sites\/38\/2025\/01\/WhatsApp-Image-2025-01-27-at-20.30.43-1-150x150.jpeg",150,150,true],"medium":["https:\/\/goias.gov.br\/vicegovernadoria\/wp-content\/uploads\/sites\/38\/2025\/01\/WhatsApp-Image-2025-01-27-at-20.30.43-1-300x200.jpeg",300,200,true],"large":["https:\/\/goias.gov.br\/vicegovernadoria\/wp-content\/uploads\/sites\/38\/2025\/01\/WhatsApp-Image-2025-01-27-at-20.30.43-1-1024x683.jpeg",1024,683,true],"1536x1536":["https:\/\/goias.gov.br\/vicegovernadoria\/wp-content\/uploads\/sites\/38\/2025\/01\/WhatsApp-Image-2025-01-27-at-20.30.43-1-1536x1024.jpeg",1536,1024,true],"2048x2048":["https:\/\/goias.gov.br\/vicegovernadoria\/wp-content\/uploads\/sites\/38\/2025\/01\/WhatsApp-Image-2025-01-27-at-20.30.43-1-2048x1365.jpeg",2048,1365,true]},"rttpg_author":{"display_name":"ruireis","author_link":"https:\/\/goias.gov.br\/vicegovernadoria\/author\/ruireis\/"},"rttpg_comment":0,"rttpg_category":"<a href=\"https:\/\/goias.gov.br\/vicegovernadoria\/categoria\/noticias\/\" rel=\"category tag\">Not\u00edcias<\/a>","rttpg_excerpt":"Ao participar da entrega de equipamentos e ve\u00edculos \u00e0 categoria, vice-governador tamb\u00e9m pediu reconhecimento aos profissionais O vice-governador Daniel Vilela atribuiu parcela do sucesso da pol\u00edtica de seguran\u00e7a p\u00fablica do Estado de Goi\u00e1s \u00e0 Pol\u00edcia Penal. Durante entrega de ve\u00edculos e equipamentos \u00e0 categoria \u2013 evento conduzido pelo governador Ronaldo Caiado -, ele tamb\u00e9m pediu&hellip;","_links":{"self":[{"href":"https:\/\/goias.gov.br\/vicegovernadoria\/wp-json\/wp\/v2\/posts\/12984","targetHints":{"allow":["GET"]}}],"collection":[{"href":"https:\/\/goias.gov.br\/vicegovernadoria\/wp-json\/wp\/v2\/posts"}],"about":[{"href":"https:\/\/goias.gov.br\/vicegovernadoria\/wp-json\/wp\/v2\/types\/post"}],"author":[{"embeddable":true,"href":"https:\/\/goias.gov.br\/vicegovernadoria\/wp-json\/wp\/v2\/users\/404"}],"replies":[{"embeddable":true,"href":"https:\/\/goias.gov.br\/vicegovernadoria\/wp-json\/wp\/v2\/comments?post=12984"}],"version-history":[{"count":2,"href":"https:\/\/goias.gov.br\/vicegovernadoria\/wp-json\/wp\/v2\/posts\/12984\/revisions"}],"predecessor-version":[{"id":12997,"href":"https:\/\/goias.gov.br\/vicegovernadoria\/wp-json\/wp\/v2\/posts\/12984\/revisions\/12997"}],"wp:featuredmedia":[{"embeddable":true,"href":"https:\/\/goias.gov.br\/vicegovernadoria\/wp-json\/wp\/v2\/media\/12990"}],"wp:attachment":[{"href":"https:\/\/goias.gov.br\/vicegovernadoria\/wp-json\/wp\/v2\/media?parent=12984"}],"wp:term":[{"taxonomy":"category","embeddable":true,"href":"https:\/\/goias.gov.br\/vicegovernadoria\/wp-json\/wp\/v2\/categories?post=12984"},{"taxonomy":"post_tag","embeddable":true,"href":"https:\/\/goias.gov.br\/vicegovernadoria\/wp-json\/wp\/v2\/tags?post=12984"}],"curies":[{"name":"wp","href":"https:\/\/api.w.org\/{rel}","templated":true}]}}