

{"id":9541,"date":"2022-06-02T13:22:13","date_gmt":"2022-06-02T16:22:13","guid":{"rendered":"https:\/\/siteshom.goias.gov.br\/turismo\/encontros-regionais-de-qualificacao-do-turismo-nas-10-regioes-turisticas-do-estado-de-goias\/"},"modified":"2025-05-27T08:25:15","modified_gmt":"2025-05-27T11:25:15","slug":"encontros-regionais-de-qualificacao-do-turismo-nas-10-regioes-turisticas-do-estado-de-goias","status":"publish","type":"post","link":"https:\/\/goias.gov.br\/turismo\/encontros-regionais-de-qualificacao-do-turismo-nas-10-regioes-turisticas-do-estado-de-goias\/","title":{"rendered":"Encontros Regionais de Qualifica\u00e7\u00e3o do Turismo nas 10 Regi\u00f5es tur\u00edsticas do Estado de Goi\u00e1s"},"content":{"rendered":"<p class=\"pull-center\"><img fetchpriority=\"high\" decoding=\"async\" class=\" size-full wp-image-9540\" alt=\"\" data-image-widget-flowlayout=\"1\" id=\"\" src=\"https:\/\/goias.gov.br\/turismo\/wp-content\/uploads\/sites\/4\/2022\/06\/encontroregional-c3d.jpg\" title=\"\" width=\"1280\" height=\"246\" srcset=\"https:\/\/goias.gov.br\/turismo\/wp-content\/uploads\/sites\/4\/2022\/06\/encontroregional-c3d.jpg 1280w, https:\/\/goias.gov.br\/turismo\/wp-content\/uploads\/sites\/4\/2022\/06\/encontroregional-c3d-300x58.jpg 300w, https:\/\/goias.gov.br\/turismo\/wp-content\/uploads\/sites\/4\/2022\/06\/encontroregional-c3d-1024x197.jpg 1024w, https:\/\/goias.gov.br\/turismo\/wp-content\/uploads\/sites\/4\/2022\/06\/encontroregional-c3d-768x148.jpg 768w\" sizes=\"(max-width: 1280px) 100vw, 1280px\" \/><\/p>\n<p>&nbsp;<\/p>\n<p>&nbsp;<\/p>\n<p style=\"text-align: center;\"><iframe allow=\"accelerometer; autoplay; clipboard-write; encrypted-media; gyroscope; picture-in-picture\" allowfullscreen=\"\" frameborder=\"0\" height=\"315\" src=\"https:\/\/www.youtube.com\/embed\/9yB5JkLjOpY\" title=\"YouTube video player\" width=\"560\"><\/iframe><\/p>\n<h6 style=\"text-align: center;\">Programa de Qualifica&ccedil;&atilde;o da Goi&aacute;s Turismo &#8211; Academia de Turismo Vale do Araguaia (20\/06)<\/h6>\n<p>&nbsp;<\/p>\n<p>&nbsp;<\/p>\n<p style=\"text-align: center;\"><iframe allow=\"accelerometer; autoplay; clipboard-write; encrypted-media; gyroscope; picture-in-picture\" allowfullscreen=\"\" frameborder=\"0\" height=\"315\" src=\"https:\/\/www.youtube.com\/embed\/9aapG0LdehQ\" title=\"YouTube video player\" width=\"560\"><\/iframe><\/p>\n<h6 style=\"text-align: center;\">Programa de Qualifica&ccedil;&atilde;o da Goi&aacute;s Turismo &#8211; Academia de Turismo Regi&atilde;o &Aacute;guas e Cavernas do Cerrado&nbsp;(21\/06)<\/h6>\n<p>&nbsp;<\/p>\n<p>&nbsp;<\/p>\n<p style=\"text-align: center;\"><iframe allow=\"accelerometer; autoplay; clipboard-write; encrypted-media; gyroscope; picture-in-picture\" allowfullscreen=\"\" frameborder=\"0\" height=\"315\" src=\"https:\/\/www.youtube.com\/embed\/KpuWpoKzWDg\" title=\"YouTube video player\" width=\"560\"><\/iframe><\/p>\n<h6 style=\"text-align: center;\">Programa de Qualifica&ccedil;&atilde;o da Goi&aacute;s Turismo &#8211; Academia de Turismo Regi&atilde;o Chapada dos Veadeiros&nbsp;(22\/06)<\/h6>\n<p>&nbsp;<\/p>\n<p>&nbsp;<\/p>\n<p style=\"text-align: center;\"><iframe allow=\"accelerometer; autoplay; clipboard-write; encrypted-media; gyroscope; picture-in-picture\" allowfullscreen=\"\" frameborder=\"0\" height=\"315\" src=\"https:\/\/www.youtube.com\/embed\/WZTNdAHXMWs\" title=\"YouTube video player\" width=\"560\"><\/iframe><\/p>\n<h6 style=\"text-align: center;\">Programa de Qualifica&ccedil;&atilde;o da Goi&aacute;s Turismo &#8211; Academia de Turismo Regi&atilde;o da Estrada de Ferro&nbsp;(23\/06)<\/h6>\n<p>&nbsp;<\/p>\n<p style=\"text-align: center;\"><iframe allow=\"accelerometer; autoplay; clipboard-write; encrypted-media; gyroscope; picture-in-picture\" allowfullscreen=\"\" frameborder=\"0\" height=\"315\" src=\"https:\/\/www.youtube.com\/embed\/hlqRK27b3Qs\" title=\"YouTube video player\" width=\"560\"><\/iframe><\/p>\n<h6 style=\"text-align: center;\">Programa de Qualifica&ccedil;&atilde;o da Goi&aacute;s Turismo &#8211; Academia de Turismo Regi&atilde;o dos Lagos do Parana&iacute;ba&nbsp;(24\/06)<\/h6>\n<p>&nbsp;<\/p>\n<p style=\"text-align: center;\"><iframe allow=\"accelerometer; autoplay; clipboard-write; encrypted-media; gyroscope; picture-in-picture\" allowfullscreen=\"\" frameborder=\"0\" height=\"315\" src=\"https:\/\/www.youtube.com\/embed\/sE5NO4j_Gks\" title=\"YouTube video player\" width=\"560\"><\/iframe><\/p>\n<h6 style=\"text-align: center;\">Programa de Qualifica&ccedil;&atilde;o da Goi&aacute;s Turismo &#8211; Academia de Turismo Regi&atilde;o Vale do Serra da Mesa&nbsp;(27\/06)<\/h6>\n<p>&nbsp;<\/p>\n<p style=\"text-align: center;\"><iframe allow=\"accelerometer; autoplay; clipboard-write; encrypted-media; gyroscope; picture-in-picture\" allowfullscreen=\"\" frameborder=\"0\" height=\"315\" src=\"https:\/\/www.youtube.com\/embed\/4tFDSo1TJIs\" title=\"YouTube video player\" width=\"560\"><\/iframe><\/p>\n<h6 style=\"text-align: center;\">Programa de Qualifica&ccedil;&atilde;o da Goi&aacute;s Turismo &#8211; Academia de Turismo Regi&atilde;o Pegadas no Cerrado (28\/06)<\/h6>\n<p>&nbsp;<\/p>\n<p>&nbsp;<\/p>\n<p style=\"text-align: center;\"><iframe allow=\"accelerometer; autoplay; clipboard-write; encrypted-media; gyroscope; picture-in-picture\" allowfullscreen=\"\" frameborder=\"0\" height=\"315\" src=\"https:\/\/www.youtube.com\/embed\/x9Fg_aWEVrQ\" title=\"YouTube video player\" width=\"560\"><\/iframe><\/p>\n<h6 style=\"text-align: center;\">Programa de Qualifica&ccedil;&atilde;o da Goi&aacute;s Turismo &#8211; Academia de Turismo Regi&atilde;o Ouro e Cristais&nbsp;(29\/06)<\/h6>\n<p>&nbsp;<\/p>\n<p style=\"text-align: center;\"><iframe allow=\"accelerometer; autoplay; clipboard-write; encrypted-media; gyroscope; picture-in-picture\" allowfullscreen=\"\" frameborder=\"0\" height=\"315\" src=\"https:\/\/www.youtube.com\/embed\/TM0NSoFrK-8\" title=\"YouTube video player\" width=\"560\"><\/iframe><\/p>\n<h6 style=\"text-align: center;\">Programa de Qualifica&ccedil;&atilde;o da Goi&aacute;s Turismo &#8211; Academia de Turismo Regi&atilde;o Neg&oacute;cios e Tradi&ccedil;&otilde;es&nbsp;(30\/06)<\/h6>\n<p style=\"text-align: center;\">&nbsp;<\/p>\n\n\n<p><\/p>\n","protected":false},"excerpt":{"rendered":"<p>&nbsp; &nbsp; Programa de Qualifica&ccedil;&atilde;o da Goi&aacute;s Turismo &#8211; Academia de Turismo Vale do Araguaia (20\/06) &nbsp; &nbsp; Programa de Qualifica&ccedil;&atilde;o da Goi&aacute;s Turismo &#8211; Academia de Turismo Regi&atilde;o &Aacute;guas e Cavernas do Cerrado&nbsp;(21\/06) &nbsp; &nbsp; Programa de Qualifica&ccedil;&atilde;o da Goi&aacute;s Turismo &#8211; Academia de Turismo Regi&atilde;o Chapada dos Veadeiros&nbsp;(22\/06) &nbsp; &nbsp; Programa de Qualifica&ccedil;&atilde;o [&hellip;]<\/p>\n","protected":false},"author":73,"featured_media":0,"comment_status":"closed","ping_status":"open","sticky":false,"template":"","format":"standard","meta":{"footnotes":""},"categories":[30],"tags":[],"class_list":["post-9541","post","type-post","status-publish","format-standard","hentry","category-institucional"],"rttpg_featured_image_url":null,"rttpg_author":{"display_name":"brunofelix","author_link":"https:\/\/goias.gov.br\/turismo\/author\/brunofelix\/"},"rttpg_comment":0,"rttpg_category":"<a href=\"https:\/\/goias.gov.br\/turismo\/categoria\/institucional\/\" rel=\"category tag\">Institucional<\/a>","rttpg_excerpt":"&nbsp; &nbsp; Programa de Qualifica&ccedil;&atilde;o da Goi&aacute;s Turismo &#8211; Academia de Turismo Vale do Araguaia (20\/06) &nbsp; &nbsp; Programa de Qualifica&ccedil;&atilde;o da Goi&aacute;s Turismo &#8211; Academia de Turismo Regi&atilde;o &Aacute;guas e Cavernas do Cerrado&nbsp;(21\/06) &nbsp; &nbsp; Programa de Qualifica&ccedil;&atilde;o da Goi&aacute;s Turismo &#8211; Academia de Turismo Regi&atilde;o Chapada dos Veadeiros&nbsp;(22\/06) &nbsp; &nbsp; Programa de Qualifica&ccedil;&atilde;o&hellip;","_links":{"self":[{"href":"https:\/\/goias.gov.br\/turismo\/wp-json\/wp\/v2\/posts\/9541","targetHints":{"allow":["GET"]}}],"collection":[{"href":"https:\/\/goias.gov.br\/turismo\/wp-json\/wp\/v2\/posts"}],"about":[{"href":"https:\/\/goias.gov.br\/turismo\/wp-json\/wp\/v2\/types\/post"}],"author":[{"embeddable":true,"href":"https:\/\/goias.gov.br\/turismo\/wp-json\/wp\/v2\/users\/73"}],"replies":[{"embeddable":true,"href":"https:\/\/goias.gov.br\/turismo\/wp-json\/wp\/v2\/comments?post=9541"}],"version-history":[{"count":1,"href":"https:\/\/goias.gov.br\/turismo\/wp-json\/wp\/v2\/posts\/9541\/revisions"}],"predecessor-version":[{"id":27821,"href":"https:\/\/goias.gov.br\/turismo\/wp-json\/wp\/v2\/posts\/9541\/revisions\/27821"}],"wp:attachment":[{"href":"https:\/\/goias.gov.br\/turismo\/wp-json\/wp\/v2\/media?parent=9541"}],"wp:term":[{"taxonomy":"category","embeddable":true,"href":"https:\/\/goias.gov.br\/turismo\/wp-json\/wp\/v2\/categories?post=9541"},{"taxonomy":"post_tag","embeddable":true,"href":"https:\/\/goias.gov.br\/turismo\/wp-json\/wp\/v2\/tags?post=9541"}],"curies":[{"name":"wp","href":"https:\/\/api.w.org\/{rel}","templated":true}]}}