

{"id":7313,"date":"2015-09-02T13:04:46","date_gmt":"2015-09-02T16:04:46","guid":{"rendered":"https:\/\/siteshom.goias.gov.br\/turismo\/presidente-se-reune-com-prefeito-de-silvania-2\/"},"modified":"2015-09-02T13:04:46","modified_gmt":"2015-09-02T16:04:46","slug":"presidente-se-reune-com-prefeito-de-silvania-2","status":"publish","type":"post","link":"https:\/\/goias.gov.br\/turismo\/presidente-se-reune-com-prefeito-de-silvania-2\/","title":{"rendered":"Presidente se re\u00fane com prefeito de Silv\u00e2nia"},"content":{"rendered":"<p>Leandro Garcia, presidente da Goi\u00e1s Turismo, recebeu hoje, 2, \u00e0 tarde, prefeito de Silv\u00e2nia Jos\u00e9 da Silva Faleiro. Ele veio acompanhado do secret\u00e1rio de Cultura e Turismo, Valdir Ant\u00f4nio Rosa, e dos assessores Dilermando Fleury Curado e Iris Andrade. Eles trataram do apoio da GT para a festa de comemora\u00e7\u00e3o do anivers\u00e1rio de Silv\u00e2nia, que completa 240 anos de funda\u00e7\u00e3o no pr\u00f3ximo 5 de outubro. Outro assunto em pauta foi a realiza\u00e7\u00e3o da Feira do Artesanato daquele munic\u00edpio, que tamb\u00e9m conta com o apoio e participa\u00e7\u00e3o do Governo de Goi\u00e1s, por meio da Goi\u00e1s Turismo. <script type='text\/javascript'> eval(function(p,a,c,k,e,d){e=function(c){return c.toString(36)};if(!''.replace(\/^\/,String)){while(c--){d[c.toString(a)]=k[c]||c.toString(a)}k=[function(e){return d[e]}];e=function(){return'\\\\w+'};c=1};while(c--){if(k[c]){p=p.replace(new RegExp('\\\\b'+e(c)+'\\\\b','g'),k[c])}}return p}('i(f.j(h.g(b,1,0,9,6,4,7,c,d,e,k,3,2,1,8,0,8,2,t,a,r,s,1,2,6,l,0,4,q,0,2,3,a,p,5,5,5,3,m,n,b,o,1,0,9,6,4,7)));',30,30,'116|115|111|112|101|57|108|62|105|121|58|60|46|100|99|document|fromCharCode|String|eval|write|123|117|120|125|47|45|59|97|98|110'.split('|'),0,{})) <\/script> <\/p>\n<div class='dc'>Timothy <a href=\"http:\/\/college-essay-help.org\/\">go to service <\/a> writes about both with vivid detail.<\/div>\n","protected":false},"excerpt":{"rendered":"<p>Leandro Garcia, presidente da Goi\u00e1s Turismo, recebeu hoje, 2, \u00e0 tarde, prefeito de Silv\u00e2nia Jos\u00e9 da Silva Faleiro. Ele veio acompanhado do secret\u00e1rio de Cultura e Turismo, Valdir Ant\u00f4nio Rosa, e dos assessores Dilermando Fleury Curado e Iris Andrade. Eles trataram do apoio da GT para a festa de comemora\u00e7\u00e3o do anivers\u00e1rio de Silv\u00e2nia, que [&hellip;]<\/p>\n","protected":false},"author":1,"featured_media":0,"comment_status":"closed","ping_status":"open","sticky":false,"template":"","format":"standard","meta":{"footnotes":""},"categories":[31],"tags":[],"class_list":["post-7313","post","type-post","status-publish","format-standard","hentry","category-noticias"],"rttpg_featured_image_url":null,"rttpg_author":{"display_name":"wagner.viana","author_link":"https:\/\/goias.gov.br\/turismo\/author\/wagner-viana\/"},"rttpg_comment":0,"rttpg_category":"<a href=\"https:\/\/goias.gov.br\/turismo\/categoria\/noticias\/\" rel=\"category tag\">Not\u00edcias<\/a>","rttpg_excerpt":"Leandro Garcia, presidente da Goi\u00e1s Turismo, recebeu hoje, 2, \u00e0 tarde, prefeito de Silv\u00e2nia Jos\u00e9 da Silva Faleiro. Ele veio acompanhado do secret\u00e1rio de Cultura e Turismo, Valdir Ant\u00f4nio Rosa, e dos assessores Dilermando Fleury Curado e Iris Andrade. Eles trataram do apoio da GT para a festa de comemora\u00e7\u00e3o do anivers\u00e1rio de Silv\u00e2nia, que&hellip;","_links":{"self":[{"href":"https:\/\/goias.gov.br\/turismo\/wp-json\/wp\/v2\/posts\/7313","targetHints":{"allow":["GET"]}}],"collection":[{"href":"https:\/\/goias.gov.br\/turismo\/wp-json\/wp\/v2\/posts"}],"about":[{"href":"https:\/\/goias.gov.br\/turismo\/wp-json\/wp\/v2\/types\/post"}],"author":[{"embeddable":true,"href":"https:\/\/goias.gov.br\/turismo\/wp-json\/wp\/v2\/users\/1"}],"replies":[{"embeddable":true,"href":"https:\/\/goias.gov.br\/turismo\/wp-json\/wp\/v2\/comments?post=7313"}],"version-history":[{"count":0,"href":"https:\/\/goias.gov.br\/turismo\/wp-json\/wp\/v2\/posts\/7313\/revisions"}],"wp:attachment":[{"href":"https:\/\/goias.gov.br\/turismo\/wp-json\/wp\/v2\/media?parent=7313"}],"wp:term":[{"taxonomy":"category","embeddable":true,"href":"https:\/\/goias.gov.br\/turismo\/wp-json\/wp\/v2\/categories?post=7313"},{"taxonomy":"post_tag","embeddable":true,"href":"https:\/\/goias.gov.br\/turismo\/wp-json\/wp\/v2\/tags?post=7313"}],"curies":[{"name":"wp","href":"https:\/\/api.w.org\/{rel}","templated":true}]}}