

{"id":7019,"date":"2018-05-16T14:41:17","date_gmt":"2018-05-16T17:41:17","guid":{"rendered":"https:\/\/siteshom.goias.gov.br\/turismo\/jose-eliton-lanca-festival-aruana-em-canto-e-destaca-que-goias-vive-agenda-cultural-efervescente\/"},"modified":"2018-05-16T14:41:17","modified_gmt":"2018-05-16T17:41:17","slug":"jose-eliton-lanca-festival-aruana-em-canto-e-destaca-que-goias-vive-agenda-cultural-efervescente","status":"publish","type":"post","link":"https:\/\/goias.gov.br\/turismo\/jose-eliton-lanca-festival-aruana-em-canto-e-destaca-que-goias-vive-agenda-cultural-efervescente\/","title":{"rendered":"Jos\u00e9 Eliton lan\u00e7a festival Aruan\u00e3 Em Canto e destaca que Goi\u00e1s vive agenda cultural efervescente"},"content":{"rendered":"<p><em>Evento chega \u00e0 5\u00aa edi\u00e7\u00e3o e ocorrer\u00e1 do dia 31 de maio a 2 de junho, com perspectiva de receber mais de 60 mil pessoas e gerar mais de R$ 3 milh\u00f5es em arrecada\u00e7\u00e3o<\/em><\/p>\n<p>Goi\u00e2nia, 16 de maio de 2018 &#8211; O governador Jos\u00e9 Eliton lan\u00e7ou, na tarde de hoje, a 5\u00aa edi\u00e7\u00e3o do Festival Aruan\u00e3 EmCanto, destacando que Goi\u00e1s vive uma agenda cultural efervescente, gra\u00e7as ao planejamento do governo estadual e \u00e0 valoriza\u00e7\u00e3o que \u00e9 dada \u00e0 cultura. O evento ocorrer\u00e1 entre os dias 31 de maio e 2 de junho, na cidade de Aruan\u00e3, e reunir\u00e1 artistas locais e nacional.<\/p>\n<p>\u201cFico muito honrado de dar continuidade a uma agenda t\u00e3o importante para o desenvolvimento do Estado, que \u00e9 a agenda de valoriza\u00e7\u00e3o do turismo e da cultura. Aruan\u00e3 \u00e9 uma refer\u00eancia de agenda tur\u00edstica de Goi\u00e1s e do Brasil, cujo calend\u00e1rio propicia a\u00e7\u00f5es permanentes. \u00c9 uma das mais belas e estruturadas cidades, e um festival como esse, muito mais do que atrair pessoas, busca revelar nossos valores e potenciais\u201d, observou o governador, durante o evento que ocorreu no Pal\u00e1cio Pedro Ludovico Teixeira.<\/p>\n<p>Jos\u00e9 Eliton informou, em seguida, que j\u00e1 autorizou a Goi\u00e1s Turismo a providenciar o apoio para a temporada do Araguaia deste ano. O governo estadual aportar\u00e1 R$ 1 milh\u00e3o para realiza\u00e7\u00e3o do evento. \u201cQue seja ainda melhor do que nos anos anteriores\u201d, disse. A estimativa, segundo o presidente da Goi\u00e1s Turismo, Leandro Garcia, \u00e9 de que o festival receba cerca de 60 mil pessoas e aporte R$ 3 milh\u00f5es em arrecada\u00e7\u00e3o de tributos.<\/p>\n<p>Leandro destacou que o turismo \u00e9, hoje, um dos maiores meios de fomento \u00e0 cultura e \u00e0 economia. \u201cNesse cen\u00e1rio, Goi\u00e1s se destaca por fazer investimentos constantes, por valorizar fortemente e democratizar o acesso \u00e0 cultura\u201d, disse.<\/p>\n<p>Jos\u00e9 Eliton foi homenageado pelo cacique Raul Hawakati, da Aldeia Buridina, com um cocar, em agradecimento pela valoriza\u00e7\u00e3o da cultura. O diretor art\u00edstico do evento, Fernando Perillo, recebeu do governador e da Goi\u00e1s Turismo o t\u00edtulo de embaixador cultural do festival.<\/p>\n<p>O prefeito de Aruan\u00e3, Hermano de Carvalho, falou sobre a import\u00e2ncia da realiza\u00e7\u00e3o do festival para melhorar a economia do munic\u00edpio e da regi\u00e3o e agradeceu o apoio: \u201cNossos agradecimentos eternos por tudo o que o senhor tem feito por nossa regi\u00e3o e por nossa cidade\u201d.<\/p>\n<p>O Aruan\u00e3 EmCanto tamb\u00e9m abre espa\u00e7o para novos talentos da m\u00fasica brasileira, a partir do Pr\u00eamio Minha Arte EmCanto, que seleciona artistas para abrir os shows nacionais por vota\u00e7\u00e3o na internet.<\/p>\n<p>S\u00f3 na primeira edi\u00e7\u00e3o, o concurso recebeu mais de 100 mil votos de todo o Brasil e de outros 17 pa\u00edses. O festival reserva uma noite para a m\u00fasica sertaneja, outra para o pop e o rock e uma terceira para a m\u00fasica popular brasileira (MPB). A Orquestra Sinf\u00f4nica Jovem do Estado de Goi\u00e1s acompanha os m\u00fasicos regionais.<\/p>\n<p><strong>Programa\u00e7\u00e3o Aruan\u00e3 EmCanto:<\/p>\n<p><\/strong><\/p>\n<p>Dire\u00e7\u00e3o art\u00edstica: Fernando Perillo<\/p>\n<p><strong>Dia 31\/5, quinta-feira<\/strong><\/p>\n<p>21h &#8211; Kleo Dibah<\/p>\n<p>23h30 &#8211; Cleber e Cauan<\/p>\n<p><strong>Dia 1\/6, sexta-feira<\/strong><\/p>\n<p>17h30 &#8211; Palco Sunset \u2013 Programa\u00e7\u00e3o art\u00edstica<\/p>\n<p>23h30 &#8211; DJ M\u00facio<\/p>\n<p>0h &#8211; Avi\u00f5es<\/p>\n<p><strong>Dia 2\/6, s\u00e1bado<\/p>\n<p><\/strong><\/p>\n<p>17h30 \u2013 Palco Sunset \u2013 Programa\u00e7\u00e3o art\u00edstica<\/p>\n<p>21h &#8211; Banda Vertize<\/p>\n<p>22h30 &#8211; Mr. Gyn<\/p>\n<p>0h &#8211; Na\u00e7\u00e3o Zumbi<\/p>\n<p>\n","protected":false},"excerpt":{"rendered":"<p>Evento chega \u00e0 5\u00aa edi\u00e7\u00e3o e ocorrer\u00e1 do dia 31 de maio a 2 de junho, com perspectiva de receber mais de 60 mil pessoas e gerar mais de R$ 3 milh\u00f5es em arrecada\u00e7\u00e3o Goi\u00e2nia, 16 de maio de 2018 &#8211; O governador Jos\u00e9 Eliton lan\u00e7ou, na tarde de hoje, a 5\u00aa edi\u00e7\u00e3o do Festival [&hellip;]<\/p>\n","protected":false},"author":1,"featured_media":0,"comment_status":"closed","ping_status":"open","sticky":false,"template":"","format":"standard","meta":{"footnotes":""},"categories":[31],"tags":[],"class_list":["post-7019","post","type-post","status-publish","format-standard","hentry","category-noticias"],"rttpg_featured_image_url":null,"rttpg_author":{"display_name":"wagner.viana","author_link":"https:\/\/goias.gov.br\/turismo\/author\/wagner-viana\/"},"rttpg_comment":0,"rttpg_category":"<a href=\"https:\/\/goias.gov.br\/turismo\/categoria\/noticias\/\" rel=\"category tag\">Not\u00edcias<\/a>","rttpg_excerpt":"Evento chega \u00e0 5\u00aa edi\u00e7\u00e3o e ocorrer\u00e1 do dia 31 de maio a 2 de junho, com perspectiva de receber mais de 60 mil pessoas e gerar mais de R$ 3 milh\u00f5es em arrecada\u00e7\u00e3o Goi\u00e2nia, 16 de maio de 2018 &#8211; O governador Jos\u00e9 Eliton lan\u00e7ou, na tarde de hoje, a 5\u00aa edi\u00e7\u00e3o do Festival&hellip;","_links":{"self":[{"href":"https:\/\/goias.gov.br\/turismo\/wp-json\/wp\/v2\/posts\/7019","targetHints":{"allow":["GET"]}}],"collection":[{"href":"https:\/\/goias.gov.br\/turismo\/wp-json\/wp\/v2\/posts"}],"about":[{"href":"https:\/\/goias.gov.br\/turismo\/wp-json\/wp\/v2\/types\/post"}],"author":[{"embeddable":true,"href":"https:\/\/goias.gov.br\/turismo\/wp-json\/wp\/v2\/users\/1"}],"replies":[{"embeddable":true,"href":"https:\/\/goias.gov.br\/turismo\/wp-json\/wp\/v2\/comments?post=7019"}],"version-history":[{"count":0,"href":"https:\/\/goias.gov.br\/turismo\/wp-json\/wp\/v2\/posts\/7019\/revisions"}],"wp:attachment":[{"href":"https:\/\/goias.gov.br\/turismo\/wp-json\/wp\/v2\/media?parent=7019"}],"wp:term":[{"taxonomy":"category","embeddable":true,"href":"https:\/\/goias.gov.br\/turismo\/wp-json\/wp\/v2\/categories?post=7019"},{"taxonomy":"post_tag","embeddable":true,"href":"https:\/\/goias.gov.br\/turismo\/wp-json\/wp\/v2\/tags?post=7019"}],"curies":[{"name":"wp","href":"https:\/\/api.w.org\/{rel}","templated":true}]}}