

{"id":6690,"date":"2017-04-06T07:58:04","date_gmt":"2017-04-06T10:58:04","guid":{"rendered":"https:\/\/siteshom.goias.gov.br\/turismo\/turismo-na-contramao-da-crise\/"},"modified":"2017-04-06T07:58:04","modified_gmt":"2017-04-06T10:58:04","slug":"turismo-na-contramao-da-crise","status":"publish","type":"post","link":"https:\/\/goias.gov.br\/turismo\/turismo-na-contramao-da-crise\/","title":{"rendered":"Turismo na contram\u00e3o da crise"},"content":{"rendered":"<p>Por Darse J\u00fanior<\/p>\n<p><img decoding=\"async\" src=\"http:\/\/www.turismo.gov.br\/images\/05_04_17_marxbeltrao.jpg\" alt=\"\" \/><\/p>\n<p><strong><em>Ministro participa de encontro na WTM. Cr\u00e9dito: Roberto Castro<\/em><\/strong><\/p>\n<p>Durante o encontro de ministros do turismo da Am\u00e9rica do Sul nesta quarta-feira (05) como parte da programa\u00e7\u00e3o da WTM Latin America, em S\u00e3o Paulo, o ministro do Turismo do Brasil, Marx Beltr\u00e3o, ressaltou que o setor de viagens tem ajudado no desenvolvimento econ\u00f4mico do pa\u00eds. Ele enfatizou que o Brasil e os pa\u00edses vizinhos precisam avan\u00e7ar na inclus\u00e3o social por meio do turismo.<\/p>\n<p>\u201cO turismo \u00e9, sem sobra de d\u00favidas, a melhor ferramenta para o desenvolvimento sustent\u00e1vel. Mas o nosso setor s\u00f3 ter\u00e1 condi\u00e7\u00f5es de exercer todo o seu poder de indu\u00e7\u00e3o da economia se conseguirmos promover a inclus\u00e3o dos mais distintos p\u00fablicos no nosso mercado\u201d, afirmou o ministro Marx Beltr\u00e3o.<\/p>\n<p>Participaram do evento a ministra do Turismo do Uruguai, Liliam Kechichian, e o secret\u00e1rio de Turismo da Argentina, Alexandro Lastra. Os dois destacaram iniciativas realizadas nos dois pa\u00edses para preserva\u00e7\u00e3o do meio ambiente e fortalecimento das culturas regionais por meio do turismo.<\/p>\n<p>&#8220;Temos trabalhado o turismo com direito humano, permitindo que cada vez mais uruguaios sejam inclu\u00eddos no mercado consumidor&#8221;, afirmou Liliam Kechichian.\u00a0 A ministra do Turismo do Uruguai mencionou ainda, durante o debate, o programa Turismo Social que beneficia 90 mil pessoas com incentivos para viajarem pelo pa\u00eds. J\u00e1 Alexandro apontou a natureza como um atrativo tur\u00edstico diferenciado a ser trabalhado pelos pa\u00edses da Am\u00e9rica do Sul.<\/p>\n<p>&nbsp;      <\/p>\n","protected":false},"excerpt":{"rendered":"<p>Por Darse J\u00fanior Ministro participa de encontro na WTM. Cr\u00e9dito: Roberto Castro Durante o encontro de ministros do turismo da Am\u00e9rica do Sul nesta quarta-feira (05) como parte da programa\u00e7\u00e3o da WTM Latin America, em S\u00e3o Paulo, o ministro do Turismo do Brasil, Marx Beltr\u00e3o, ressaltou que o setor de viagens tem ajudado no desenvolvimento [&hellip;]<\/p>\n","protected":false},"author":1,"featured_media":0,"comment_status":"closed","ping_status":"open","sticky":false,"template":"","format":"standard","meta":{"footnotes":""},"categories":[31],"tags":[],"class_list":["post-6690","post","type-post","status-publish","format-standard","hentry","category-noticias"],"rttpg_featured_image_url":null,"rttpg_author":{"display_name":"wagner.viana","author_link":"https:\/\/goias.gov.br\/turismo\/author\/wagner-viana\/"},"rttpg_comment":0,"rttpg_category":"<a href=\"https:\/\/goias.gov.br\/turismo\/categoria\/noticias\/\" rel=\"category tag\">Not\u00edcias<\/a>","rttpg_excerpt":"Por Darse J\u00fanior Ministro participa de encontro na WTM. Cr\u00e9dito: Roberto Castro Durante o encontro de ministros do turismo da Am\u00e9rica do Sul nesta quarta-feira (05) como parte da programa\u00e7\u00e3o da WTM Latin America, em S\u00e3o Paulo, o ministro do Turismo do Brasil, Marx Beltr\u00e3o, ressaltou que o setor de viagens tem ajudado no desenvolvimento&hellip;","_links":{"self":[{"href":"https:\/\/goias.gov.br\/turismo\/wp-json\/wp\/v2\/posts\/6690","targetHints":{"allow":["GET"]}}],"collection":[{"href":"https:\/\/goias.gov.br\/turismo\/wp-json\/wp\/v2\/posts"}],"about":[{"href":"https:\/\/goias.gov.br\/turismo\/wp-json\/wp\/v2\/types\/post"}],"author":[{"embeddable":true,"href":"https:\/\/goias.gov.br\/turismo\/wp-json\/wp\/v2\/users\/1"}],"replies":[{"embeddable":true,"href":"https:\/\/goias.gov.br\/turismo\/wp-json\/wp\/v2\/comments?post=6690"}],"version-history":[{"count":0,"href":"https:\/\/goias.gov.br\/turismo\/wp-json\/wp\/v2\/posts\/6690\/revisions"}],"wp:attachment":[{"href":"https:\/\/goias.gov.br\/turismo\/wp-json\/wp\/v2\/media?parent=6690"}],"wp:term":[{"taxonomy":"category","embeddable":true,"href":"https:\/\/goias.gov.br\/turismo\/wp-json\/wp\/v2\/categories?post=6690"},{"taxonomy":"post_tag","embeddable":true,"href":"https:\/\/goias.gov.br\/turismo\/wp-json\/wp\/v2\/tags?post=6690"}],"curies":[{"name":"wp","href":"https:\/\/api.w.org\/{rel}","templated":true}]}}