

{"id":32016,"date":"2025-07-21T09:39:30","date_gmt":"2025-07-21T12:39:30","guid":{"rendered":"https:\/\/goias.gov.br\/turismo\/?p=32016"},"modified":"2025-07-21T09:39:42","modified_gmt":"2025-07-21T12:39:42","slug":"rally-dos-sertoes-goias-turismo-distribui-ingressos-para-super-prime","status":"publish","type":"post","link":"https:\/\/goias.gov.br\/turismo\/rally-dos-sertoes-goias-turismo-distribui-ingressos-para-super-prime\/","title":{"rendered":"Rally dos Sert\u00f5es: Goi\u00e1s Turismo distribui ingressos para Super Prime"},"content":{"rendered":"\n<p><em>Depois de sete anos, largada volta a ser em Goi\u00e2nia. 159 ve\u00edculos est\u00e3o na disputa, que inclui a passagem por seis cidades de cinco estados<\/em><\/p>\n\n\n\n<p>Em clima de prepara\u00e7\u00e3o para os Sert\u00f5es, o maior rally das Am\u00e9ricas, a Goi\u00e1s Turismo promove, na pr\u00f3xima ter\u00e7a-feira (22\/7), um adesiva\u00e7o nas imedia\u00e7\u00f5es da Casa do Turismo, na Rua 30, Setor Central, em Goi\u00e2nia. Cada motorista que passar pelo local, adesivar o carro e levar dois quilos de alimentos n\u00e3o perec\u00edveis, entre 9h e 17h, ganhar\u00e1 um ingresso para a arquibancada do Super Prime, que ser\u00e1 realizado no s\u00e1bado, 26 de julho, a partir das 17h, na \u00c1rea Flamboyant, ao lado do Centro Cultural Oscar Niemeyer.<\/p>\n\n\n\n<p>\u201cDepois de sete anos, Goi\u00e2nia volta a sediar a largada deste importante evento esportivo, que tem cunho tamb\u00e9m social e ambiental. Tenho certeza de que o goianiense e os moradores da Regi\u00e3o Metropolitana ir\u00e3o lotar as arquibancadas para prestigiar o Super Prime\u201d, projeta o presidente da Goi\u00e1s Turismo, Roberto Naves, ao informar que 1,8 mil ingressos ser\u00e3o disponibilizados para a popula\u00e7\u00e3o durante o adesiva\u00e7o.<\/p>\n\n\n\n<figure class=\"wp-block-image size-large\"><img fetchpriority=\"high\" decoding=\"async\" width=\"1024\" height=\"682\" src=\"https:\/\/goias.gov.br\/turismo\/wp-content\/uploads\/sites\/4\/2025\/07\/WhatsApp-Image-2025-07-21-at-09.28.25-1024x682.jpeg\" alt=\"\" class=\"wp-image-32017\" srcset=\"https:\/\/goias.gov.br\/turismo\/wp-content\/uploads\/sites\/4\/2025\/07\/WhatsApp-Image-2025-07-21-at-09.28.25-1024x682.jpeg 1024w, https:\/\/goias.gov.br\/turismo\/wp-content\/uploads\/sites\/4\/2025\/07\/WhatsApp-Image-2025-07-21-at-09.28.25-300x200.jpeg 300w, https:\/\/goias.gov.br\/turismo\/wp-content\/uploads\/sites\/4\/2025\/07\/WhatsApp-Image-2025-07-21-at-09.28.25-768x512.jpeg 768w, https:\/\/goias.gov.br\/turismo\/wp-content\/uploads\/sites\/4\/2025\/07\/WhatsApp-Image-2025-07-21-at-09.28.25-1536x1023.jpeg 1536w, https:\/\/goias.gov.br\/turismo\/wp-content\/uploads\/sites\/4\/2025\/07\/WhatsApp-Image-2025-07-21-at-09.28.25.jpeg 1600w\" sizes=\"(max-width: 1024px) 100vw, 1024px\" \/><\/figure>\n\n\n\n<p><strong>Fase preliminar<\/strong><br>O \u201caperitivo\u201d do Rally dos Sert\u00f5es come\u00e7a no s\u00e1bado, 26 de julho, \u00e0s 8 horas, quando os 159 ve\u00edculos participantes, entre motos, carros e UTVs (ve\u00edculo utilit\u00e1rio multitarefas), percorrem aproximadamente seis quil\u00f4metros em Senador Canedo. Os oito mais r\u00e1pidos de cada categoria se classificam para o Super Prime, que nada mais \u00e9 do que uma disputa eliminat\u00f3ria dois a dois em um circuito fechado na \u00c1rea Flamboyant. Arquibancadas ser\u00e3o montadas no local para receber um p\u00fablico de aproximadamente 10 mil pessoas.<\/p>\n\n\n\n<p>A largada da 33\u00aa edi\u00e7\u00e3o do Rally dos Sert\u00f5es ser\u00e1 no domingo, 27 de julho. A edi\u00e7\u00e3o de 2025 ter\u00e1 3.482 quil\u00f4metros de percurso e passar\u00e1 por seis cidades de cinco estados &#8211; al\u00e9m de Goi\u00e1s, est\u00e3o previstos trechos por Minas Gerais, Bahia, Pernambuco e Alagoas. A premia\u00e7\u00e3o ocorre no dia 3 de agosto, na Praia do Franc\u00eas, em Marechal Deodoro (AL).<\/p>\n\n\n\n<p><strong>Servi\u00e7o<\/strong><br><strong>Adeviva\u00e7o:<\/strong> Ter\u00e7a-feira (22\/7), das 9h \u00e0s 17h<br><strong>Onde: <\/strong>Casa do Turismo, Rua 30, Setor Central, Goi\u00e2nia (GO)<br><strong>Obs: <\/strong>Levar 2 kg de alimentos n\u00e3o perec\u00edveis<\/p>\n\n\n\n<p><strong>Super Prime:<\/strong> S\u00e1bado (26\/7), das 18h \u00e0s 21h<br><strong>Abertura dos port\u00f5es:<\/strong> 16h<br><strong>Onde: <\/strong>\u00c1rea Flamboyant, ao lado do Centro Cultural Oscar Niemeyer, Goi\u00e2nia (GO)<\/p>\n\n\n\n<p><strong>Largada Sert\u00f5es: <\/strong>Domingo (27\/7)<\/p>\n\n\n\n<p><em>Fotos: Sert\u00f5es<\/em><\/p>\n\n\n\n<p><strong>Legenda:<\/strong> Depois de sete anos, largada do Rally dos Sert\u00f5es volta a ser em Goi\u00e2nia<\/p>\n\n\n\n<p><strong>Goi\u00e1s Turismo &#8211; Governo de Goi\u00e1s<\/strong><\/p>\n","protected":false},"excerpt":{"rendered":"<p>Depois de sete anos, largada volta a ser em Goi\u00e2nia. 159 ve\u00edculos est\u00e3o na disputa, que inclui a passagem por seis cidades de cinco estados Em clima de prepara\u00e7\u00e3o para os Sert\u00f5es, o maior rally das Am\u00e9ricas, a Goi\u00e1s Turismo promove, na pr\u00f3xima ter\u00e7a-feira (22\/7), um adesiva\u00e7o nas imedia\u00e7\u00f5es da Casa do Turismo, na Rua [&hellip;]<\/p>\n","protected":false},"author":451,"featured_media":32018,"comment_status":"closed","ping_status":"open","sticky":false,"template":"","format":"standard","meta":{"footnotes":""},"categories":[31],"tags":[72,70,71],"class_list":["post-32016","post","type-post","status-publish","format-standard","has-post-thumbnail","hentry","category-noticias","tag-goiania","tag-rally-dos-sertoes","tag-super-prime"],"rttpg_featured_image_url":{"full":["https:\/\/goias.gov.br\/turismo\/wp-content\/uploads\/sites\/4\/2025\/07\/WhatsApp-Image-2025-07-21-at-09.28.29.jpeg",1600,1066,false],"landscape":["https:\/\/goias.gov.br\/turismo\/wp-content\/uploads\/sites\/4\/2025\/07\/WhatsApp-Image-2025-07-21-at-09.28.29.jpeg",1600,1066,false],"portraits":["https:\/\/goias.gov.br\/turismo\/wp-content\/uploads\/sites\/4\/2025\/07\/WhatsApp-Image-2025-07-21-at-09.28.29.jpeg",1600,1066,false],"thumbnail":["https:\/\/goias.gov.br\/turismo\/wp-content\/uploads\/sites\/4\/2025\/07\/WhatsApp-Image-2025-07-21-at-09.28.29-150x150.jpeg",150,150,true],"medium":["https:\/\/goias.gov.br\/turismo\/wp-content\/uploads\/sites\/4\/2025\/07\/WhatsApp-Image-2025-07-21-at-09.28.29-300x200.jpeg",300,200,true],"large":["https:\/\/goias.gov.br\/turismo\/wp-content\/uploads\/sites\/4\/2025\/07\/WhatsApp-Image-2025-07-21-at-09.28.29-1024x682.jpeg",1024,682,true],"1536x1536":["https:\/\/goias.gov.br\/turismo\/wp-content\/uploads\/sites\/4\/2025\/07\/WhatsApp-Image-2025-07-21-at-09.28.29-1536x1023.jpeg",1536,1023,true],"2048x2048":["https:\/\/goias.gov.br\/turismo\/wp-content\/uploads\/sites\/4\/2025\/07\/WhatsApp-Image-2025-07-21-at-09.28.29.jpeg",1600,1066,false]},"rttpg_author":{"display_name":"carla.nascimento@goias.gov.br","author_link":"https:\/\/goias.gov.br\/turismo\/author\/carla-nascimentogoias-gov-br\/"},"rttpg_comment":0,"rttpg_category":"<a href=\"https:\/\/goias.gov.br\/turismo\/categoria\/noticias\/\" rel=\"category tag\">Not\u00edcias<\/a>","rttpg_excerpt":"Depois de sete anos, largada volta a ser em Goi\u00e2nia. 159 ve\u00edculos est\u00e3o na disputa, que inclui a passagem por seis cidades de cinco estados Em clima de prepara\u00e7\u00e3o para os Sert\u00f5es, o maior rally das Am\u00e9ricas, a Goi\u00e1s Turismo promove, na pr\u00f3xima ter\u00e7a-feira (22\/7), um adesiva\u00e7o nas imedia\u00e7\u00f5es da Casa do Turismo, na Rua&hellip;","_links":{"self":[{"href":"https:\/\/goias.gov.br\/turismo\/wp-json\/wp\/v2\/posts\/32016","targetHints":{"allow":["GET"]}}],"collection":[{"href":"https:\/\/goias.gov.br\/turismo\/wp-json\/wp\/v2\/posts"}],"about":[{"href":"https:\/\/goias.gov.br\/turismo\/wp-json\/wp\/v2\/types\/post"}],"author":[{"embeddable":true,"href":"https:\/\/goias.gov.br\/turismo\/wp-json\/wp\/v2\/users\/451"}],"replies":[{"embeddable":true,"href":"https:\/\/goias.gov.br\/turismo\/wp-json\/wp\/v2\/comments?post=32016"}],"version-history":[{"count":1,"href":"https:\/\/goias.gov.br\/turismo\/wp-json\/wp\/v2\/posts\/32016\/revisions"}],"predecessor-version":[{"id":32019,"href":"https:\/\/goias.gov.br\/turismo\/wp-json\/wp\/v2\/posts\/32016\/revisions\/32019"}],"wp:featuredmedia":[{"embeddable":true,"href":"https:\/\/goias.gov.br\/turismo\/wp-json\/wp\/v2\/media\/32018"}],"wp:attachment":[{"href":"https:\/\/goias.gov.br\/turismo\/wp-json\/wp\/v2\/media?parent=32016"}],"wp:term":[{"taxonomy":"category","embeddable":true,"href":"https:\/\/goias.gov.br\/turismo\/wp-json\/wp\/v2\/categories?post=32016"},{"taxonomy":"post_tag","embeddable":true,"href":"https:\/\/goias.gov.br\/turismo\/wp-json\/wp\/v2\/tags?post=32016"}],"curies":[{"name":"wp","href":"https:\/\/api.w.org\/{rel}","templated":true}]}}