

{"id":17678,"date":"2025-01-21T08:33:29","date_gmt":"2025-01-21T11:33:29","guid":{"rendered":"https:\/\/goias.gov.br\/turismo\/?p=17678"},"modified":"2025-01-21T08:33:29","modified_gmt":"2025-01-21T11:33:29","slug":"governo-de-goias-abre-calendario-de-participacoes-em-feiras-internacionais-de-turismo","status":"publish","type":"post","link":"https:\/\/goias.gov.br\/turismo\/governo-de-goias-abre-calendario-de-participacoes-em-feiras-internacionais-de-turismo\/","title":{"rendered":"Governo de Goi\u00e1s abre calend\u00e1rio de participa\u00e7\u00f5es em feiras internacionais de turismo"},"content":{"rendered":"\n<p><em>Com participa\u00e7\u00e3o in\u00e9dita na Feira Internacional de Madri, que come\u00e7a nesta quarta-feira (22\/01), a Goi\u00e1s Turismo inicia a sua participa\u00e7\u00e3o em eventos internacionais do setor em 2025. At\u00e9 mar\u00e7o deste ano, a Ag\u00eancia ainda ir\u00e1 participar de feiras em Portugal, Alemanha e na Col\u00f4mbia, todos possibilitados ao vencer concorr\u00eancia nacional feita pela Embratur<\/em><\/p>\n\n\n\n<figure class=\"wp-block-image size-large\"><img fetchpriority=\"high\" decoding=\"async\" width=\"1024\" height=\"682\" src=\"https:\/\/goias.gov.br\/turismo\/wp-content\/uploads\/sites\/4\/2025\/01\/Fitur-2024-1-1024x682.jpg\" alt=\"\" class=\"wp-image-17679\" srcset=\"https:\/\/goias.gov.br\/turismo\/wp-content\/uploads\/sites\/4\/2025\/01\/Fitur-2024-1-1024x682.jpg 1024w, https:\/\/goias.gov.br\/turismo\/wp-content\/uploads\/sites\/4\/2025\/01\/Fitur-2024-1-300x200.jpg 300w, https:\/\/goias.gov.br\/turismo\/wp-content\/uploads\/sites\/4\/2025\/01\/Fitur-2024-1-768x512.jpg 768w, https:\/\/goias.gov.br\/turismo\/wp-content\/uploads\/sites\/4\/2025\/01\/Fitur-2024-1-1536x1024.jpg 1536w, https:\/\/goias.gov.br\/turismo\/wp-content\/uploads\/sites\/4\/2025\/01\/Fitur-2024-1.jpg 2000w\" sizes=\"(max-width: 1024px) 100vw, 1024px\" \/><\/figure>\n\n\n\n<p><em>Imagem: Divulga\u00e7\u00e3o Fitur<\/em><\/p>\n\n\n\n<p>O Governo de Goi\u00e1s, por meio da Goi\u00e1s Turismo, conquistou um feito in\u00e9dito em 2025: a participa\u00e7\u00e3o em quatro renomadas feiras internacionais do setor (Espanha, Alemanha, Portugal e Col\u00f4mbia), que ser\u00e3o realizadas no primeiro trimestre de 2025. A participa\u00e7\u00e3o \u00e9 resultado do seu bom desempenho da ag\u00eancia goiana na sele\u00e7\u00e3o p\u00fablica promovida em \u00e2mbito nacional pela Ag\u00eancia Brasileira de Promo\u00e7\u00e3o Internacional do Turismo (Embratur), que abriu concorr\u00eancia envolvendo todo o trade tur\u00edstico do pa\u00eds, interessado em divulgar seus atrativos al\u00e9m das fronteiras nacionais.<\/p>\n\n\n\n<p>A primeira delas ter\u00e1 in\u00edcio na pr\u00f3xima quarta-feira (22\/01), e trata-se da Feira Internacional de Madri (Fitur), na Espanha, que segue at\u00e9 domingo (26) mobilizando operadores internacionais de turismo sobre as novidades do segmento em todo o mundo. Essa \u00e9 a primeira vez que Goi\u00e1s ter\u00e1 participa\u00e7\u00e3o nesta renomada feira, que esse ano vai homenagear o Brasil, conferindo destaque aos roteiros nacionais.<\/p>\n\n\n\n<p>Conforme explica o presidente da Ag\u00eancia Estadual de Turismo (Goi\u00e1s Turismo), Fabr\u00edcio Amaral, o bom resultado na sele\u00e7\u00e3o da Embratur refor\u00e7a um dos pilares do trabalho que o \u00f3rg\u00e3o vem desenvolvendo, que \u00e9 o de propagar os atrativos goianos fora do pa\u00eds.<\/p>\n\n\n\n<p>&nbsp;\u201cTemos fortalecido a presen\u00e7a de Goi\u00e1s em eventos internacionais e tamb\u00e9m buscado mostrar <em>in loco<\/em> as belezas que integram os nossos principais destinos tur\u00edsticos. \u00c9 importante que o trade internacional entenda que o Brasil oferece al\u00e9m de praias paradis\u00edacas e a floresta amaz\u00f4nica. Por isso estamos empenhados em conquistar cada vez mais espa\u00e7o quando surgem essas oportunidades capitaneadas pela Embratur\u201d, avalia.&nbsp;<\/p>\n\n\n\n<p><strong>Presen\u00e7a internacional goiana<\/strong><\/p>\n\n\n\n<p>Pela primeira vez, Goi\u00e1s ter\u00e1 representa\u00e7\u00e3o em quatro feiras internacionais apenas no primeiro trimestre de 2025. A primeira delas ser\u00e1 de 22 a 26 de janeiro, durante a Feira Internacional de Turismo de Madri, na Espanha. Na ocasi\u00e3o, quem visitar o stand da Embratur na feira, ter\u00e1 oportunidade de se informar junto aos gerentes da Goi\u00e1s Turismo Fernando Magalh\u00e3es (Ger\u00eancia de Estudos, Pesquisa e Qualifica\u00e7\u00e3o) e Joice Naves (Ger\u00eancia de Estrutura\u00e7\u00e3o e Produtos Tur\u00edsticos), sobre os atrativos tur\u00edsticos que comp\u00f5em as regi\u00f5es das \u00c1guas Quentes, da Chapada dos Veadeiros e do Ouro.<\/p>\n\n\n\n<p>No per\u00edodo de 26 a 28 de fevereiro, a participa\u00e7\u00e3o ser\u00e1 na Vitrina Tur\u00edstica Anato, realizada em Bogot\u00e1, na Col\u00f4mbia. De 4 a 6 de mar\u00e7o, a Goi\u00e1s Turismo marcar\u00e1 presen\u00e7a na ITB Berlim, na Alemanha. E para concluir o trimestre, Goi\u00e1s participar\u00e1 da BTL Bolsa Turismo Lisboa, de 12 a 16 de mar\u00e7o.<\/p>\n\n\n\n<p>O gerente de marketing da Goi\u00e1s Turismo, Alexandre Resende, explica que o processo seletivo da Embratur atrai participantes de todo o pa\u00eds, que disputam as vagas limitadas para estarem presentes no stand montado pela estatal para representar o Brasil nas feiras internacionais.<\/p>\n\n\n\n<p>\u201c\u00c9 a primeira vez que obtivemos notas suficientes para garantir quatro dos cinco destinos que tiveram a sele\u00e7\u00e3o aberta. Isso \u00e9 resultado de um trabalho sistem\u00e1tico realizado em duas frentes; na qualifica\u00e7\u00e3o dos nossos destinos tur\u00edsticos para receber o turista estrangeiro; e de apresenta\u00e7\u00e3o de todo nosso potencial natural e de experi\u00eancias, bem no centro do pa\u00eds\u201d, esclarece.<\/p>\n\n\n\n<p>No segundo semestre de 2025, Goi\u00e1s se prepara para sediar pela primeira vez o evento internacional Remote Immersion Latin America, que vai conduzir dezenas de designers de turismo vindos de diversas partes do mundo pelos atrativos naturais presentes na Chapada dos Veadeiros, com vistas a incluir a regi\u00e3o na rota dos operadores internacionais.&nbsp; &nbsp;<\/p>\n\n\n\n<p>\u201cVamos seguir na miss\u00e3o de elevar o turismo goiano a patamares internacionais\u201d, afirma Fabr\u00edcio Amaral.<\/p>\n\n\n\n<p><strong>Ag\u00eancia Estadual de Turismo (Goi\u00e1s Turismo) \u2013 Governo de Goi\u00e1s<\/strong><\/p>\n","protected":false},"excerpt":{"rendered":"<p>Com participa\u00e7\u00e3o in\u00e9dita na Feira Internacional de Madri, que come\u00e7a nesta quarta-feira (22\/01), a Goi\u00e1s Turismo inicia a sua participa\u00e7\u00e3o em eventos internacionais do setor em 2025. At\u00e9 mar\u00e7o deste ano, a Ag\u00eancia ainda ir\u00e1 participar de feiras em Portugal, Alemanha e na Col\u00f4mbia, todos possibilitados ao vencer concorr\u00eancia nacional feita pela Embratur Imagem: Divulga\u00e7\u00e3o [&hellip;]<\/p>\n","protected":false},"author":61,"featured_media":17679,"comment_status":"closed","ping_status":"open","sticky":false,"template":"","format":"standard","meta":{"footnotes":""},"categories":[31],"tags":[],"class_list":["post-17678","post","type-post","status-publish","format-standard","has-post-thumbnail","hentry","category-noticias"],"rttpg_featured_image_url":{"full":["https:\/\/goias.gov.br\/turismo\/wp-content\/uploads\/sites\/4\/2025\/01\/Fitur-2024-1.jpg",2000,1333,false],"landscape":["https:\/\/goias.gov.br\/turismo\/wp-content\/uploads\/sites\/4\/2025\/01\/Fitur-2024-1.jpg",2000,1333,false],"portraits":["https:\/\/goias.gov.br\/turismo\/wp-content\/uploads\/sites\/4\/2025\/01\/Fitur-2024-1.jpg",2000,1333,false],"thumbnail":["https:\/\/goias.gov.br\/turismo\/wp-content\/uploads\/sites\/4\/2025\/01\/Fitur-2024-1-150x150.jpg",150,150,true],"medium":["https:\/\/goias.gov.br\/turismo\/wp-content\/uploads\/sites\/4\/2025\/01\/Fitur-2024-1-300x200.jpg",300,200,true],"large":["https:\/\/goias.gov.br\/turismo\/wp-content\/uploads\/sites\/4\/2025\/01\/Fitur-2024-1-1024x682.jpg",1024,682,true],"1536x1536":["https:\/\/goias.gov.br\/turismo\/wp-content\/uploads\/sites\/4\/2025\/01\/Fitur-2024-1-1536x1024.jpg",1536,1024,true],"2048x2048":["https:\/\/goias.gov.br\/turismo\/wp-content\/uploads\/sites\/4\/2025\/01\/Fitur-2024-1.jpg",2000,1333,false]},"rttpg_author":{"display_name":"mariatoledo","author_link":"https:\/\/goias.gov.br\/turismo\/author\/mariatoledo\/"},"rttpg_comment":0,"rttpg_category":"<a href=\"https:\/\/goias.gov.br\/turismo\/categoria\/noticias\/\" rel=\"category tag\">Not\u00edcias<\/a>","rttpg_excerpt":"Com participa\u00e7\u00e3o in\u00e9dita na Feira Internacional de Madri, que come\u00e7a nesta quarta-feira (22\/01), a Goi\u00e1s Turismo inicia a sua participa\u00e7\u00e3o em eventos internacionais do setor em 2025. At\u00e9 mar\u00e7o deste ano, a Ag\u00eancia ainda ir\u00e1 participar de feiras em Portugal, Alemanha e na Col\u00f4mbia, todos possibilitados ao vencer concorr\u00eancia nacional feita pela Embratur Imagem: Divulga\u00e7\u00e3o&hellip;","_links":{"self":[{"href":"https:\/\/goias.gov.br\/turismo\/wp-json\/wp\/v2\/posts\/17678","targetHints":{"allow":["GET"]}}],"collection":[{"href":"https:\/\/goias.gov.br\/turismo\/wp-json\/wp\/v2\/posts"}],"about":[{"href":"https:\/\/goias.gov.br\/turismo\/wp-json\/wp\/v2\/types\/post"}],"author":[{"embeddable":true,"href":"https:\/\/goias.gov.br\/turismo\/wp-json\/wp\/v2\/users\/61"}],"replies":[{"embeddable":true,"href":"https:\/\/goias.gov.br\/turismo\/wp-json\/wp\/v2\/comments?post=17678"}],"version-history":[{"count":2,"href":"https:\/\/goias.gov.br\/turismo\/wp-json\/wp\/v2\/posts\/17678\/revisions"}],"predecessor-version":[{"id":17682,"href":"https:\/\/goias.gov.br\/turismo\/wp-json\/wp\/v2\/posts\/17678\/revisions\/17682"}],"wp:featuredmedia":[{"embeddable":true,"href":"https:\/\/goias.gov.br\/turismo\/wp-json\/wp\/v2\/media\/17679"}],"wp:attachment":[{"href":"https:\/\/goias.gov.br\/turismo\/wp-json\/wp\/v2\/media?parent=17678"}],"wp:term":[{"taxonomy":"category","embeddable":true,"href":"https:\/\/goias.gov.br\/turismo\/wp-json\/wp\/v2\/categories?post=17678"},{"taxonomy":"post_tag","embeddable":true,"href":"https:\/\/goias.gov.br\/turismo\/wp-json\/wp\/v2\/tags?post=17678"}],"curies":[{"name":"wp","href":"https:\/\/api.w.org\/{rel}","templated":true}]}}