

{"id":11267,"date":"2024-04-23T11:23:06","date_gmt":"2024-04-23T14:23:06","guid":{"rendered":"https:\/\/goias.gov.br\/turismo\/?p=11267"},"modified":"2024-04-23T11:23:06","modified_gmt":"2024-04-23T14:23:06","slug":"turismologo-de-goias-visita-ponta-grossa-para-fortalecer-intercambio-turistico-entre-estados","status":"publish","type":"post","link":"https:\/\/goias.gov.br\/turismo\/turismologo-de-goias-visita-ponta-grossa-para-fortalecer-intercambio-turistico-entre-estados\/","title":{"rendered":"Turism\u00f3logo de Goi\u00e1s visita Ponta Grossa para fortalecer interc\u00e2mbio tur\u00edstico entre estados"},"content":{"rendered":"\n<p><mark>&#8220;Agora sim, eu acho que Goi\u00e1s e Paran\u00e1 t\u00eam muito a ver. S\u00e3o dois estados progressistas, que disputam os primeiros lugares em diversas \u00e1reas&#8221;, disse<\/mark><\/p>\n\n\n\n<p>O turism\u00f3logo\u00a0<a href=\"https:\/\/www.instagram.com\/lucianoguimasturismo\/\">Luciano Guimar\u00e3es Soares<\/a>, representando a Secretaria de Estado de Turismo de Goi\u00e1s, realizou recentemente uma visita aos principais pontos tur\u00edsticos da regi\u00e3o dos Campos Gerais e em Ponta Grossa. A visita teve como objetivo fortalecer o interc\u00e2mbio tur\u00edstico entre os estados de Goi\u00e1s e Paran\u00e1 e promover a troca de experi\u00eancias e conhecimentos sobre o setor.<\/p>\n\n\n\n<p>Luciano foi convidado pela Secretaria de Turismo do Estado do Paran\u00e1 para proferir uma palestra na regi\u00e3o tur\u00edstica de Vales do Igua\u00e7u. Durante sua estadia, ele organizou atividades em parceria com a&nbsp;Ag\u00eancia de Desenvolvimento do Turismo dos Campos Gerais (ADETUR), buscando estreitar la\u00e7os e entender melhor a composi\u00e7\u00e3o regional dos Campos Gerais.<\/p>\n\n\n\n<p>Um dos atrativos visitados foi o Parque Estadual de Vila Velha, recentemente concessionado. Luciano destacou a import\u00e2ncia de acompanhar o desenvolvimento do parque ap\u00f3s a concess\u00e3o e como essa experi\u00eancia pode ser aplicada em Goi\u00e1s, estado conhecido por sua rica natureza e forte ecoturismo.<\/p>\n\n\n\n<p><strong>\u201cEu que j\u00e1 estive no parque h\u00e1 uns 20 anos atr\u00e1s e agora voltando para ver como que est\u00e1 depois da concess\u00e3o, esse que \u00e9 o primeiro parque estadual do estado do Paran\u00e1. Acompanhando o tempo todo com a executiva, a gente acaba levando essas situa\u00e7\u00f5es, j\u00e1 que o nosso estado de Goi\u00e1s \u00e9 um estado com muita natureza, um ecoturismo e turismo de aventura muito forte\u201d<\/strong>, comentou Luciano.<\/p>\n\n\n\n<p><strong>\u201cAcho que foi muito proveitoso, eu levo pra Goi\u00e1s grandes ensinamentos, oportunidades da gente aprender, ver como que as coisas est\u00e3o acontecendo aqui no Paran\u00e1, via estado, via regi\u00e3o tur\u00edstica, pra gente aproveitar o que tem de melhor, ent\u00e3o esse network, essa rede de relacionamentos que a gente faz, esse olhar a gente leva pras nossas reuni\u00f5es l\u00e1 pra fortalecer as IGR\u2019s goianas\u201d<\/strong>, completa.<\/p>\n\n\n\n<p>Durante sua visita, Luciano tamb\u00e9m teve a oportunidade de conhecer a antiga esta\u00e7\u00e3o ferrovi\u00e1ria de Ponta Grossa e destacou a economia pujante da cidade.&nbsp;<strong>\u201cUma cidade bem estruturada, bastante progresso, \u00e9 muito importante porque a gente v\u00ea o turismo de fato fazendo com que a economia circule entre os pequenos\u201d<\/strong>, disse. Ele enfatizou a import\u00e2ncia do turismo para impulsionar a economia local, valorizando produtos regionais como artesanatos e produtos agr\u00edcolas.<\/p>\n\n\n\n<p><strong>\u201cAgora sim, eu acho que Goi\u00e1s e Paran\u00e1 t\u00eam muito a ver. S\u00e3o dois estados progressistas, que disputam os primeiros lugares em diversas \u00e1reas, incluindo a atividade tur\u00edstica. Essa competi\u00e7\u00e3o \u00e9 saud\u00e1vel e mostra o potencial que ambos os estados t\u00eam a oferecer\u201d<\/strong>, afirmou Luciano.<\/p>\n\n\n\n<p>Luciano ressaltou a diversidade e riqueza tur\u00edstica dos dois estados, mencionando a \u201cPraia do Cerrado\u201d em Goi\u00e1s, representada pelas \u00e1guas quentes de Caldas Novas e Rio Quente, e a \u201cPraia do Rio Araguaia\u201d, onde milhares de turistas acampam todos os anos.<\/p>\n\n\n<div class=\"wp-block-image\">\n<figure class=\"aligncenter size-full\"><img fetchpriority=\"high\" decoding=\"async\" width=\"608\" height=\"742\" src=\"https:\/\/goias.gov.br\/turismo\/wp-content\/uploads\/sites\/4\/2024\/04\/WhatsApp-Image-2024-04-22-at-18.09.34-1-608x742.jpeg-1.png\" alt=\"\" class=\"wp-image-11270\"\/><\/figure>\n<\/div>","protected":false},"excerpt":{"rendered":"<p>&#8220;Agora sim, eu acho que Goi\u00e1s e Paran\u00e1 t\u00eam muito a ver. S\u00e3o dois estados progressistas, que disputam os primeiros lugares em diversas \u00e1reas&#8221;, disse O turism\u00f3logo\u00a0Luciano Guimar\u00e3es Soares, representando a Secretaria de Estado de Turismo de Goi\u00e1s, realizou recentemente uma visita aos principais pontos tur\u00edsticos da regi\u00e3o dos Campos Gerais e em Ponta Grossa. [&hellip;]<\/p>\n","protected":false},"author":20,"featured_media":11269,"comment_status":"closed","ping_status":"open","sticky":false,"template":"","format":"standard","meta":{"footnotes":""},"categories":[31],"tags":[],"class_list":["post-11267","post","type-post","status-publish","format-standard","has-post-thumbnail","hentry","category-noticias"],"rttpg_featured_image_url":{"full":["https:\/\/goias.gov.br\/turismo\/wp-content\/uploads\/sites\/4\/2024\/04\/1.png",990,557,false],"landscape":["https:\/\/goias.gov.br\/turismo\/wp-content\/uploads\/sites\/4\/2024\/04\/1.png",990,557,false],"portraits":["https:\/\/goias.gov.br\/turismo\/wp-content\/uploads\/sites\/4\/2024\/04\/1.png",990,557,false],"thumbnail":["https:\/\/goias.gov.br\/turismo\/wp-content\/uploads\/sites\/4\/2024\/04\/1.png",150,84,false],"medium":["https:\/\/goias.gov.br\/turismo\/wp-content\/uploads\/sites\/4\/2024\/04\/1.png",300,169,false],"large":["https:\/\/goias.gov.br\/turismo\/wp-content\/uploads\/sites\/4\/2024\/04\/1.png",990,557,false],"1536x1536":["https:\/\/goias.gov.br\/turismo\/wp-content\/uploads\/sites\/4\/2024\/04\/1.png",990,557,false],"2048x2048":["https:\/\/goias.gov.br\/turismo\/wp-content\/uploads\/sites\/4\/2024\/04\/1.png",990,557,false]},"rttpg_author":{"display_name":"joaossantos","author_link":"https:\/\/goias.gov.br\/turismo\/author\/joaossantos\/"},"rttpg_comment":0,"rttpg_category":"<a href=\"https:\/\/goias.gov.br\/turismo\/categoria\/noticias\/\" rel=\"category tag\">Not\u00edcias<\/a>","rttpg_excerpt":"&#8220;Agora sim, eu acho que Goi\u00e1s e Paran\u00e1 t\u00eam muito a ver. S\u00e3o dois estados progressistas, que disputam os primeiros lugares em diversas \u00e1reas&#8221;, disse O turism\u00f3logo\u00a0Luciano Guimar\u00e3es Soares, representando a Secretaria de Estado de Turismo de Goi\u00e1s, realizou recentemente uma visita aos principais pontos tur\u00edsticos da regi\u00e3o dos Campos Gerais e em Ponta Grossa.&hellip;","_links":{"self":[{"href":"https:\/\/goias.gov.br\/turismo\/wp-json\/wp\/v2\/posts\/11267","targetHints":{"allow":["GET"]}}],"collection":[{"href":"https:\/\/goias.gov.br\/turismo\/wp-json\/wp\/v2\/posts"}],"about":[{"href":"https:\/\/goias.gov.br\/turismo\/wp-json\/wp\/v2\/types\/post"}],"author":[{"embeddable":true,"href":"https:\/\/goias.gov.br\/turismo\/wp-json\/wp\/v2\/users\/20"}],"replies":[{"embeddable":true,"href":"https:\/\/goias.gov.br\/turismo\/wp-json\/wp\/v2\/comments?post=11267"}],"version-history":[{"count":2,"href":"https:\/\/goias.gov.br\/turismo\/wp-json\/wp\/v2\/posts\/11267\/revisions"}],"predecessor-version":[{"id":11272,"href":"https:\/\/goias.gov.br\/turismo\/wp-json\/wp\/v2\/posts\/11267\/revisions\/11272"}],"wp:featuredmedia":[{"embeddable":true,"href":"https:\/\/goias.gov.br\/turismo\/wp-json\/wp\/v2\/media\/11269"}],"wp:attachment":[{"href":"https:\/\/goias.gov.br\/turismo\/wp-json\/wp\/v2\/media?parent=11267"}],"wp:term":[{"taxonomy":"category","embeddable":true,"href":"https:\/\/goias.gov.br\/turismo\/wp-json\/wp\/v2\/categories?post=11267"},{"taxonomy":"post_tag","embeddable":true,"href":"https:\/\/goias.gov.br\/turismo\/wp-json\/wp\/v2\/tags?post=11267"}],"curies":[{"name":"wp","href":"https:\/\/api.w.org\/{rel}","templated":true}]}}