

{"id":7992,"date":"2024-06-19T17:11:47","date_gmt":"2024-06-19T20:11:47","guid":{"rendered":"https:\/\/goias.gov.br\/social\/?p=7992"},"modified":"2024-06-19T17:12:20","modified_gmt":"2024-06-19T20:12:20","slug":"7992-2","status":"publish","type":"post","link":"https:\/\/goias.gov.br\/social\/7992-2\/","title":{"rendered":"Seds realiza capacita\u00e7\u00e3o para novos contratados do Aprendiz do Futuro"},"content":{"rendered":"\n<p><em>Jovens que ingressaram na terceira etapa do programa receberam orienta\u00e7\u00f5es sobre comportamento no mercado de trabalho<\/em><\/p>\n\n\n\n<figure class=\"wp-block-image size-full\"><img fetchpriority=\"high\" decoding=\"async\" width=\"1600\" height=\"1280\" src=\"https:\/\/goias.gov.br\/social\/wp-content\/uploads\/sites\/24\/2024\/06\/aprendiz-seds-manha-2.jpg\" alt=\"\" class=\"wp-image-7993\" \/><\/figure>\n\n\n\n<p><em>Um grupo de 35 aprendizes lotados na secretaria participaram da capacita\u00e7\u00e3o<\/em> &#8211; Foto: Arquivo Seds<\/p>\n\n\n\n<p>A Superintend\u00eancia da Crian\u00e7a e do Adolescente promoveu, nesta quarta-feira (19\/6), capacita\u00e7\u00e3o para um grupo de 35 novos aprendizes do futuro, contratados na terceira etapa do programa, lotados na Secretaria de Estado de Desenvolvimento Social (Seds). Foram discutidas a import\u00e2ncia de tra\u00e7ar metas e objetivos profissionais e pessoais. A integra\u00e7\u00e3o contou com din\u00e2micas sobre o futuro da juventude e do mercado de trabalho.<\/p>\n\n\n\n<p>O conte\u00fado foi ministrado pela gerente de Pol\u00edticas P\u00fablicas para Juventude, Cejanne Ribeiro, que lembrou da import\u00e2ncia do programa n\u00e3o apenas para a carreira do jovem, mas tamb\u00e9m para a vida. \u201cQuando os adolescentes sa\u00edrem da condi\u00e7\u00e3o de aprendiz, queremos v\u00ea-los concorrendo a vagas no mercado de trabalho l\u00e1 fora, tornando-se adultos de sucesso.\u201d disse a gerente.<\/p>\n\n\n\n<figure class=\"wp-block-image size-full\"><img decoding=\"async\" width=\"1600\" height=\"1067\" src=\"https:\/\/goias.gov.br\/social\/wp-content\/uploads\/sites\/24\/2024\/06\/cejanne-1.jpg\" alt=\"\" class=\"wp-image-7994\" \/><\/figure>\n\n\n\n<p><em>Conte\u00fado foi ministrado pela gerente de Pol\u00edticas P\u00fablicas para Juventude <\/em>&#8211; Foto: Wagnas Cabral\/Seds<\/p>\n\n\n\n<p>O aprendiz Vinicius Henrique, que atua na Ger\u00eancia de Inclus\u00e3o da Pessoa com Defici\u00eancia, destacou que o encontro trouxe novas perspectivas para ele e o fez enxergar novos caminhos na sociedade \u201cFoi um momento que nos mostrou novas possibilidades, e acredito que para meus colegas tamb\u00e9m. O que vai ajudar muito no nosso crescimento, nos dois anos no programa,\u201d destacou.<\/p>\n\n\n\n<p>O Aprendiz do Futuro, que faz parte do Goi\u00e1s Social, oferece a oportunidade do primeiro emprego para jovens em situa\u00e7\u00e3o de vulnerabilidade social, com vagas destinadas a pessoas com defici\u00eancia,, quilombolas e ind\u00edgenas. O adolescente recebe sal\u00e1rio, vale-transporte, vale-alimenta\u00e7\u00e3o e um kit com uniforme, crach\u00e1 e mochila.<\/p>\n\n\n\n<p><strong>Secretaria de Estado de Desenvolvimento Social &#8211; Governo de Goi\u00e1s <\/strong><\/p>\n","protected":false},"excerpt":{"rendered":"<p>Jovens que ingressaram na terceira etapa do programa receberam orienta\u00e7\u00f5es sobre comportamento no mercado de trabalho Um grupo de 35 aprendizes lotados na secretaria participaram da capacita\u00e7\u00e3o &#8211; Foto: Arquivo Seds A Superintend\u00eancia da Crian\u00e7a e do Adolescente promoveu, nesta quarta-feira (19\/6), capacita\u00e7\u00e3o para um grupo de 35 novos aprendizes do futuro, contratados na terceira [&hellip;]<\/p>\n","protected":false},"author":354,"featured_media":7995,"comment_status":"closed","ping_status":"open","sticky":false,"template":"","format":"standard","meta":{"footnotes":""},"categories":[65,55],"tags":[],"class_list":["post-7992","post","type-post","status-publish","format-standard","has-post-thumbnail","hentry","category-crianca-e-adolescente","category-noticias"],"rttpg_featured_image_url":{"full":["https:\/\/goias.gov.br\/social\/wp-content\/uploads\/sites\/24\/2024\/06\/aprendiz-seds-manha-3.jpg",1600,1280,false],"landscape":["https:\/\/goias.gov.br\/social\/wp-content\/uploads\/sites\/24\/2024\/06\/aprendiz-seds-manha-3.jpg",1600,1280,false],"portraits":["https:\/\/goias.gov.br\/social\/wp-content\/uploads\/sites\/24\/2024\/06\/aprendiz-seds-manha-3.jpg",1600,1280,false],"thumbnail":["https:\/\/goias.gov.br\/social\/wp-content\/uploads\/sites\/24\/2024\/06\/aprendiz-seds-manha-3.jpg",150,120,false],"medium":["https:\/\/goias.gov.br\/social\/wp-content\/uploads\/sites\/24\/2024\/06\/aprendiz-seds-manha-3.jpg",300,240,false],"large":["https:\/\/goias.gov.br\/social\/wp-content\/uploads\/sites\/24\/2024\/06\/aprendiz-seds-manha-3.jpg",1024,819,false],"1536x1536":["https:\/\/goias.gov.br\/social\/wp-content\/uploads\/sites\/24\/2024\/06\/aprendiz-seds-manha-3.jpg",1536,1229,false],"2048x2048":["https:\/\/goias.gov.br\/social\/wp-content\/uploads\/sites\/24\/2024\/06\/aprendiz-seds-manha-3.jpg",1600,1280,false]},"rttpg_author":{"display_name":"thiagocmelo","author_link":"https:\/\/goias.gov.br\/social\/author\/thiagocmelo\/"},"rttpg_comment":0,"rttpg_category":"<a href=\"https:\/\/goias.gov.br\/social\/categoria\/acoes\/crianca-e-adolescente\/\" rel=\"category tag\">Crian\u00e7a e Adolescente<\/a> <a href=\"https:\/\/goias.gov.br\/social\/categoria\/noticias\/\" rel=\"category tag\">Not\u00edcias<\/a>","rttpg_excerpt":"Jovens que ingressaram na terceira etapa do programa receberam orienta\u00e7\u00f5es sobre comportamento no mercado de trabalho Um grupo de 35 aprendizes lotados na secretaria participaram da capacita\u00e7\u00e3o &#8211; Foto: Arquivo Seds A Superintend\u00eancia da Crian\u00e7a e do Adolescente promoveu, nesta quarta-feira (19\/6), capacita\u00e7\u00e3o para um grupo de 35 novos aprendizes do futuro, contratados na terceira&hellip;","_links":{"self":[{"href":"https:\/\/goias.gov.br\/social\/wp-json\/wp\/v2\/posts\/7992","targetHints":{"allow":["GET"]}}],"collection":[{"href":"https:\/\/goias.gov.br\/social\/wp-json\/wp\/v2\/posts"}],"about":[{"href":"https:\/\/goias.gov.br\/social\/wp-json\/wp\/v2\/types\/post"}],"author":[{"embeddable":true,"href":"https:\/\/goias.gov.br\/social\/wp-json\/wp\/v2\/users\/354"}],"replies":[{"embeddable":true,"href":"https:\/\/goias.gov.br\/social\/wp-json\/wp\/v2\/comments?post=7992"}],"version-history":[{"count":2,"href":"https:\/\/goias.gov.br\/social\/wp-json\/wp\/v2\/posts\/7992\/revisions"}],"predecessor-version":[{"id":7998,"href":"https:\/\/goias.gov.br\/social\/wp-json\/wp\/v2\/posts\/7992\/revisions\/7998"}],"wp:featuredmedia":[{"embeddable":true,"href":"https:\/\/goias.gov.br\/social\/wp-json\/wp\/v2\/media\/7995"}],"wp:attachment":[{"href":"https:\/\/goias.gov.br\/social\/wp-json\/wp\/v2\/media?parent=7992"}],"wp:term":[{"taxonomy":"category","embeddable":true,"href":"https:\/\/goias.gov.br\/social\/wp-json\/wp\/v2\/categories?post=7992"},{"taxonomy":"post_tag","embeddable":true,"href":"https:\/\/goias.gov.br\/social\/wp-json\/wp\/v2\/tags?post=7992"}],"curies":[{"name":"wp","href":"https:\/\/api.w.org\/{rel}","templated":true}]}}