

{"id":7958,"date":"2024-06-14T17:09:31","date_gmt":"2024-06-14T20:09:31","guid":{"rendered":"https:\/\/goias.gov.br\/social\/?p=7958"},"modified":"2024-06-14T18:21:40","modified_gmt":"2024-06-14T21:21:40","slug":"seds-e-forcas-de-seguranca-promovem-operacao-virtude-para-combate-a-violencia-contra-a-pessoa-idosa","status":"publish","type":"post","link":"https:\/\/goias.gov.br\/social\/seds-e-forcas-de-seguranca-promovem-operacao-virtude-para-combate-a-violencia-contra-a-pessoa-idosa\/","title":{"rendered":"Seds e for\u00e7as de seguran\u00e7a promovem Opera\u00e7\u00e3o Virtude para combate \u00e0 viol\u00eancia contra pessoas idosas"},"content":{"rendered":"\n<p>A\u00e7\u00e3o visa divulgar a campanha Junho Violeta e conscientizar sobre as viol\u00eancias cometidas contra essa popula\u00e7\u00e3o<\/p>\n\n\n<div class=\"wp-block-image\">\n<figure class=\"aligncenter size-full\"><img fetchpriority=\"high\" decoding=\"async\" width=\"1600\" height=\"1066\" src=\"https:\/\/goias.gov.br\/social\/wp-content\/uploads\/sites\/24\/2024\/06\/image-9.png\" alt=\"\" class=\"wp-image-7959\" \/><figcaption class=\"wp-element-caption\"><em>Mobiliza\u00e7\u00e3o contou com a entrega de panfletos que visam alertar a popula\u00e7\u00e3o. &#8211; Foto: Carol Costa\/Seds<\/em><\/figcaption><\/figure>\n<\/div>\n\n\n<p>O Governo de Goi\u00e1s, por meio da Secretaria de Estado do Desenvolvimento Social (Seds) e a Secretaria de Seguran\u00e7a P\u00fablica (SSP), promoveu nesta sexta-feira (14\/06), o Dia D da Opera\u00e7\u00e3o Virtude, dentro da campanha Junho Violeta. A a\u00e7\u00e3o, que visa conscientizar a popula\u00e7\u00e3o sobre a viol\u00eancia contra a pessoa idosa, foi realizada na regi\u00e3o da 44, em Goi\u00e2nia.<\/p>\n\n\n\n<p>O objetivo da opera\u00e7\u00e3o \u00e9 alertar e levar informa\u00e7\u00f5es para a sociedade, a fim de coibir essa pr\u00e1tica. O evento contou com apresenta\u00e7\u00e3o da banda sinf\u00f4nica do Corpo de Bombeiros de Goi\u00e1s. Tamb\u00e9m houve a participa\u00e7\u00e3o de um grupo de crian\u00e7as do programa Bombeiro Mirim, que buscou promover uma transforma\u00e7\u00e3o educacional no desenvolvimento e rela\u00e7\u00e3o das crian\u00e7as com as pessoas idosas.<\/p>\n\n\n<div class=\"wp-block-image\">\n<figure class=\"aligncenter size-full\"><img decoding=\"async\" width=\"1600\" height=\"1066\" src=\"https:\/\/goias.gov.br\/social\/wp-content\/uploads\/sites\/24\/2024\/06\/image-10.png\" alt=\"\" class=\"wp-image-7960\" \/><figcaption class=\"wp-element-caption\"><em>Representantes de todas as for\u00e7as de seguran\u00e7a do Estado de Goi\u00e1s &#8211; Foto: Carol Costa\/Seds<\/em><\/figcaption><\/figure>\n<\/div>\n\n\n<p>Segundo a superintendente de Direitos Humanos da Seds, Ana Luisa Freire, a presen\u00e7a das for\u00e7as de seguran\u00e7a durante a a\u00e7\u00e3o foi fundamental para informar a sociedade sobre os tipos de viol\u00eancia. \u201cElas podem ser f\u00edsica, patrimonial, psicol\u00f3gica, sexual, abandono e neglig\u00eancia\u201d, explicou a superintendente.<\/p>\n\n\n\n<p>De acordo com o gerente de Opera\u00e7\u00f5es Integradas da SSP, Coronel Danilo Braga, a campanha busca um olhar diferenciado e respeitoso para a terceira idade: \u201cS\u00e3o as pessoas idosas que constru\u00edram e contribu\u00edram para este mundo que estamos vivendo. Demonstramos que eles t\u00eam prote\u00e7\u00e3o e apoio das for\u00e7as de seguran\u00e7a\u201d.<\/p>\n\n\n\n<p><strong>Secretaria de Estado de Desenvolvimento Social &#8211; Governo de Goi\u00e1s <\/strong><\/p>\n","protected":false},"excerpt":{"rendered":"<p>A\u00e7\u00e3o visa divulgar a campanha Junho Violeta e conscientizar sobre as viol\u00eancias cometidas contra essa popula\u00e7\u00e3o O Governo de Goi\u00e1s, por meio da Secretaria de Estado do Desenvolvimento Social (Seds) e a Secretaria de Seguran\u00e7a P\u00fablica (SSP), promoveu nesta sexta-feira (14\/06), o Dia D da Opera\u00e7\u00e3o Virtude, dentro da campanha Junho Violeta. A a\u00e7\u00e3o, que [&hellip;]<\/p>\n","protected":false},"author":540,"featured_media":7959,"comment_status":"closed","ping_status":"open","sticky":true,"template":"","format":"standard","meta":{"footnotes":""},"categories":[55],"tags":[],"class_list":["post-7958","post","type-post","status-publish","format-standard","has-post-thumbnail","hentry","category-noticias"],"rttpg_featured_image_url":{"full":["https:\/\/goias.gov.br\/social\/wp-content\/uploads\/sites\/24\/2024\/06\/image-9.png",1600,1066,false],"landscape":["https:\/\/goias.gov.br\/social\/wp-content\/uploads\/sites\/24\/2024\/06\/image-9.png",1600,1066,false],"portraits":["https:\/\/goias.gov.br\/social\/wp-content\/uploads\/sites\/24\/2024\/06\/image-9.png",1600,1066,false],"thumbnail":["https:\/\/goias.gov.br\/social\/wp-content\/uploads\/sites\/24\/2024\/06\/image-9.png",150,100,false],"medium":["https:\/\/goias.gov.br\/social\/wp-content\/uploads\/sites\/24\/2024\/06\/image-9.png",300,200,false],"large":["https:\/\/goias.gov.br\/social\/wp-content\/uploads\/sites\/24\/2024\/06\/image-9.png",1024,682,false],"1536x1536":["https:\/\/goias.gov.br\/social\/wp-content\/uploads\/sites\/24\/2024\/06\/image-9.png",1536,1023,false],"2048x2048":["https:\/\/goias.gov.br\/social\/wp-content\/uploads\/sites\/24\/2024\/06\/image-9.png",1600,1066,false]},"rttpg_author":{"display_name":"luisnascimento","author_link":"https:\/\/goias.gov.br\/social\/author\/luisnascimento\/"},"rttpg_comment":0,"rttpg_category":"<a href=\"https:\/\/goias.gov.br\/social\/categoria\/noticias\/\" rel=\"category tag\">Not\u00edcias<\/a>","rttpg_excerpt":"A\u00e7\u00e3o visa divulgar a campanha Junho Violeta e conscientizar sobre as viol\u00eancias cometidas contra essa popula\u00e7\u00e3o O Governo de Goi\u00e1s, por meio da Secretaria de Estado do Desenvolvimento Social (Seds) e a Secretaria de Seguran\u00e7a P\u00fablica (SSP), promoveu nesta sexta-feira (14\/06), o Dia D da Opera\u00e7\u00e3o Virtude, dentro da campanha Junho Violeta. A a\u00e7\u00e3o, que&hellip;","_links":{"self":[{"href":"https:\/\/goias.gov.br\/social\/wp-json\/wp\/v2\/posts\/7958","targetHints":{"allow":["GET"]}}],"collection":[{"href":"https:\/\/goias.gov.br\/social\/wp-json\/wp\/v2\/posts"}],"about":[{"href":"https:\/\/goias.gov.br\/social\/wp-json\/wp\/v2\/types\/post"}],"author":[{"embeddable":true,"href":"https:\/\/goias.gov.br\/social\/wp-json\/wp\/v2\/users\/540"}],"replies":[{"embeddable":true,"href":"https:\/\/goias.gov.br\/social\/wp-json\/wp\/v2\/comments?post=7958"}],"version-history":[{"count":2,"href":"https:\/\/goias.gov.br\/social\/wp-json\/wp\/v2\/posts\/7958\/revisions"}],"predecessor-version":[{"id":7962,"href":"https:\/\/goias.gov.br\/social\/wp-json\/wp\/v2\/posts\/7958\/revisions\/7962"}],"wp:featuredmedia":[{"embeddable":true,"href":"https:\/\/goias.gov.br\/social\/wp-json\/wp\/v2\/media\/7959"}],"wp:attachment":[{"href":"https:\/\/goias.gov.br\/social\/wp-json\/wp\/v2\/media?parent=7958"}],"wp:term":[{"taxonomy":"category","embeddable":true,"href":"https:\/\/goias.gov.br\/social\/wp-json\/wp\/v2\/categories?post=7958"},{"taxonomy":"post_tag","embeddable":true,"href":"https:\/\/goias.gov.br\/social\/wp-json\/wp\/v2\/tags?post=7958"}],"curies":[{"name":"wp","href":"https:\/\/api.w.org\/{rel}","templated":true}]}}