

{"id":79379,"date":"2025-09-15T10:35:40","date_gmt":"2025-09-15T13:35:40","guid":{"rendered":"https:\/\/goias.gov.br\/social\/?p=79379"},"modified":"2025-09-15T10:35:41","modified_gmt":"2025-09-15T13:35:41","slug":"seds-capacita-servidores-de-municipios-que-atuam-na-linha-de-frente-de-protecao-a-crianca-e-ao-adolescente","status":"publish","type":"post","link":"https:\/\/goias.gov.br\/social\/seds-capacita-servidores-de-municipios-que-atuam-na-linha-de-frente-de-protecao-a-crianca-e-ao-adolescente\/","title":{"rendered":"Seds capacita servidores de munic\u00edpios que atuam na linha de frente de prote\u00e7\u00e3o \u00e0 crian\u00e7a e ao adolescente\u00a0"},"content":{"rendered":"\n<p><em>Iniciativa promove o debate sobre temas como sa\u00fade,&nbsp; educa\u00e7\u00e3o, seguran\u00e7a e assist\u00eancia com conte\u00fados pr\u00e1ticos e informativos&nbsp;<\/em><\/p>\n\n\n\n<figure class=\"wp-block-image size-large\"><img fetchpriority=\"high\" decoding=\"async\" width=\"1024\" height=\"768\" src=\"https:\/\/goias.gov.br\/social\/wp-content\/uploads\/sites\/24\/2025\/09\/WhatsApp-Image-2025-09-15-at-10.31.49-1024x768.jpeg\" alt=\"\" class=\"wp-image-79380\" srcset=\"https:\/\/goias.gov.br\/social\/wp-content\/uploads\/sites\/24\/2025\/09\/WhatsApp-Image-2025-09-15-at-10.31.49-1024x768.jpeg 1024w, https:\/\/goias.gov.br\/social\/wp-content\/uploads\/sites\/24\/2025\/09\/WhatsApp-Image-2025-09-15-at-10.31.49-300x225.jpeg 300w, https:\/\/goias.gov.br\/social\/wp-content\/uploads\/sites\/24\/2025\/09\/WhatsApp-Image-2025-09-15-at-10.31.49-768x576.jpeg 768w, https:\/\/goias.gov.br\/social\/wp-content\/uploads\/sites\/24\/2025\/09\/WhatsApp-Image-2025-09-15-at-10.31.49-1536x1152.jpeg 1536w, https:\/\/goias.gov.br\/social\/wp-content\/uploads\/sites\/24\/2025\/09\/WhatsApp-Image-2025-09-15-at-10.31.49-2048x1536.jpeg 2048w, https:\/\/goias.gov.br\/social\/wp-content\/uploads\/sites\/24\/2025\/09\/WhatsApp-Image-2025-09-15-at-10.31.49-640x480.jpeg 640w, https:\/\/goias.gov.br\/social\/wp-content\/uploads\/sites\/24\/2025\/09\/WhatsApp-Image-2025-09-15-at-10.31.49-600x450.jpeg 600w\" sizes=\"(max-width: 1024px) 100vw, 1024px\" \/><\/figure>\n\n\n\n<p>A Secretaria de Estado de Desenvolvimento Social (Seds) realizou, entre os dias 8 e 12 de setembro, a capacita\u00e7\u00e3o para a forma\u00e7\u00e3o e a\u00e7\u00e3o para o fortalecimento dos direitos da crian\u00e7a e do adolescente, em munic\u00edpios do Norte Goiano. As equipes da secretaria orientaram assistentes sociais, conselheiros tutelares, psic\u00f3logos e servidores que atuam na \u00e1rea de prote\u00e7\u00e3o \u00e0 inf\u00e2ncia e juventude.&nbsp;<\/p>\n\n\n\n<p>Os encontros foram realizados em Porangatu e Urua\u00e7u, e receberam representantes de cidades da regi\u00e3o. A iniciativa acontece em conjunto com o Conselho Estadual dos Direitos da Crian\u00e7a e do Adolescente (Cedca), e aborda temas como o uso do Sistema de Informa\u00e7\u00e3o para a Inf\u00e2ncia e Adolesc\u00eancia (Sipia), Comit\u00eas de Participa\u00e7\u00e3o de Adolescentes (CPAs), estrat\u00e9gias de capta\u00e7\u00e3o de recursos do Fundo para a Inf\u00e2ncia e Adolesc\u00eancia (FIA) nos munic\u00edpios e rodas de conversa. Al\u00e9m disso, debates medidas para o atendimento nas \u00e1reas de sa\u00fade, educa\u00e7\u00e3o, seguran\u00e7a e assist\u00eancia.&nbsp;<\/p>\n\n\n\n<figure class=\"wp-block-image size-large\"><img decoding=\"async\" width=\"1024\" height=\"576\" src=\"https:\/\/goias.gov.br\/social\/wp-content\/uploads\/sites\/24\/2025\/09\/d983b843-8594-4656-a0a5-e4775ded76a3-1024x576.jpg\" alt=\"\" class=\"wp-image-79381\" srcset=\"https:\/\/goias.gov.br\/social\/wp-content\/uploads\/sites\/24\/2025\/09\/d983b843-8594-4656-a0a5-e4775ded76a3-1024x576.jpg 1024w, https:\/\/goias.gov.br\/social\/wp-content\/uploads\/sites\/24\/2025\/09\/d983b843-8594-4656-a0a5-e4775ded76a3-300x169.jpg 300w, https:\/\/goias.gov.br\/social\/wp-content\/uploads\/sites\/24\/2025\/09\/d983b843-8594-4656-a0a5-e4775ded76a3-768x432.jpg 768w, https:\/\/goias.gov.br\/social\/wp-content\/uploads\/sites\/24\/2025\/09\/d983b843-8594-4656-a0a5-e4775ded76a3-1536x864.jpg 1536w, https:\/\/goias.gov.br\/social\/wp-content\/uploads\/sites\/24\/2025\/09\/d983b843-8594-4656-a0a5-e4775ded76a3-2048x1152.jpg 2048w\" sizes=\"(max-width: 1024px) 100vw, 1024px\" \/><\/figure>\n\n\n\n<p><strong>Secretaria de Desenvolvimento Social \u2013 Governo de Goi\u00e1s<\/strong><\/p>\n\n\n\n<p><\/p>\n","protected":false},"excerpt":{"rendered":"<p>Iniciativa promove o debate sobre temas como sa\u00fade,&nbsp; educa\u00e7\u00e3o, seguran\u00e7a e assist\u00eancia com conte\u00fados pr\u00e1ticos e informativos&nbsp; A Secretaria de Estado de Desenvolvimento Social (Seds) realizou, entre os dias 8 e 12 de setembro, a capacita\u00e7\u00e3o para a forma\u00e7\u00e3o e a\u00e7\u00e3o para o fortalecimento dos direitos da crian\u00e7a e do adolescente, em munic\u00edpios do Norte [&hellip;]<\/p>\n","protected":false},"author":573,"featured_media":79382,"comment_status":"closed","ping_status":"open","sticky":false,"template":"","format":"standard","meta":{"footnotes":""},"categories":[55],"tags":[],"class_list":["post-79379","post","type-post","status-publish","format-standard","has-post-thumbnail","hentry","category-noticias"],"rttpg_featured_image_url":{"full":["https:\/\/goias.gov.br\/social\/wp-content\/uploads\/sites\/24\/2025\/09\/WhatsApp-Image-2025-09-15-at-10.31.49-1.jpeg",4032,3024,false],"landscape":["https:\/\/goias.gov.br\/social\/wp-content\/uploads\/sites\/24\/2025\/09\/WhatsApp-Image-2025-09-15-at-10.31.49-1.jpeg",4032,3024,false],"portraits":["https:\/\/goias.gov.br\/social\/wp-content\/uploads\/sites\/24\/2025\/09\/WhatsApp-Image-2025-09-15-at-10.31.49-1.jpeg",4032,3024,false],"thumbnail":["https:\/\/goias.gov.br\/social\/wp-content\/uploads\/sites\/24\/2025\/09\/WhatsApp-Image-2025-09-15-at-10.31.49-1-150x150.jpeg",150,150,true],"medium":["https:\/\/goias.gov.br\/social\/wp-content\/uploads\/sites\/24\/2025\/09\/WhatsApp-Image-2025-09-15-at-10.31.49-1-300x225.jpeg",300,225,true],"large":["https:\/\/goias.gov.br\/social\/wp-content\/uploads\/sites\/24\/2025\/09\/WhatsApp-Image-2025-09-15-at-10.31.49-1-1024x768.jpeg",1024,768,true],"1536x1536":["https:\/\/goias.gov.br\/social\/wp-content\/uploads\/sites\/24\/2025\/09\/WhatsApp-Image-2025-09-15-at-10.31.49-1-1536x1152.jpeg",1536,1152,true],"2048x2048":["https:\/\/goias.gov.br\/social\/wp-content\/uploads\/sites\/24\/2025\/09\/WhatsApp-Image-2025-09-15-at-10.31.49-1-2048x1536.jpeg",2048,1536,true]},"rttpg_author":{"display_name":"gabriellasborges","author_link":"https:\/\/goias.gov.br\/social\/author\/gabriellasborges\/"},"rttpg_comment":0,"rttpg_category":"<a href=\"https:\/\/goias.gov.br\/social\/categoria\/noticias\/\" rel=\"category tag\">Not\u00edcias<\/a>","rttpg_excerpt":"Iniciativa promove o debate sobre temas como sa\u00fade,&nbsp; educa\u00e7\u00e3o, seguran\u00e7a e assist\u00eancia com conte\u00fados pr\u00e1ticos e informativos&nbsp; A Secretaria de Estado de Desenvolvimento Social (Seds) realizou, entre os dias 8 e 12 de setembro, a capacita\u00e7\u00e3o para a forma\u00e7\u00e3o e a\u00e7\u00e3o para o fortalecimento dos direitos da crian\u00e7a e do adolescente, em munic\u00edpios do Norte&hellip;","_links":{"self":[{"href":"https:\/\/goias.gov.br\/social\/wp-json\/wp\/v2\/posts\/79379","targetHints":{"allow":["GET"]}}],"collection":[{"href":"https:\/\/goias.gov.br\/social\/wp-json\/wp\/v2\/posts"}],"about":[{"href":"https:\/\/goias.gov.br\/social\/wp-json\/wp\/v2\/types\/post"}],"author":[{"embeddable":true,"href":"https:\/\/goias.gov.br\/social\/wp-json\/wp\/v2\/users\/573"}],"replies":[{"embeddable":true,"href":"https:\/\/goias.gov.br\/social\/wp-json\/wp\/v2\/comments?post=79379"}],"version-history":[{"count":1,"href":"https:\/\/goias.gov.br\/social\/wp-json\/wp\/v2\/posts\/79379\/revisions"}],"predecessor-version":[{"id":79383,"href":"https:\/\/goias.gov.br\/social\/wp-json\/wp\/v2\/posts\/79379\/revisions\/79383"}],"wp:featuredmedia":[{"embeddable":true,"href":"https:\/\/goias.gov.br\/social\/wp-json\/wp\/v2\/media\/79382"}],"wp:attachment":[{"href":"https:\/\/goias.gov.br\/social\/wp-json\/wp\/v2\/media?parent=79379"}],"wp:term":[{"taxonomy":"category","embeddable":true,"href":"https:\/\/goias.gov.br\/social\/wp-json\/wp\/v2\/categories?post=79379"},{"taxonomy":"post_tag","embeddable":true,"href":"https:\/\/goias.gov.br\/social\/wp-json\/wp\/v2\/tags?post=79379"}],"curies":[{"name":"wp","href":"https:\/\/api.w.org\/{rel}","templated":true}]}}