

{"id":7489,"date":"2024-05-20T09:10:50","date_gmt":"2024-05-20T12:10:50","guid":{"rendered":"https:\/\/goias.gov.br\/social\/?p=7489"},"modified":"2024-05-20T09:14:34","modified_gmt":"2024-05-20T12:14:34","slug":"governo-promove-debate-sobre-combate-a-exploracao-sexual-de-criancas-e-adolescentes","status":"publish","type":"post","link":"https:\/\/goias.gov.br\/social\/governo-promove-debate-sobre-combate-a-exploracao-sexual-de-criancas-e-adolescentes\/","title":{"rendered":"Governo promove debate sobre combate \u00e0 explora\u00e7\u00e3o sexual de crian\u00e7as e adolescentes"},"content":{"rendered":"\n<p><em>A\u00e7\u00e3o do Goi\u00e1s Social integra a campanha Fa\u00e7a Bonito e tem como objetivo reunir parceiros na divulga\u00e7\u00e3o de informa\u00e7\u00f5es para prevenir e denunciar casos de abuso<\/em><\/p>\n\n\n\n<figure class=\"wp-block-image size-full\"><img fetchpriority=\"high\" decoding=\"async\" width=\"2560\" height=\"1706\" src=\"https:\/\/goias.gov.br\/social\/wp-content\/uploads\/sites\/24\/2024\/05\/dezoitomaio.jpg\" alt=\"\" class=\"wp-image-7490\" \/><\/figure>\n\n\n\n<p><em>Especialistas falaram sobre a import\u00e2ncia de estar alerta para identificar e combater viol\u00eancia e abuso sexual contra crian\u00e7as e adolescentes<\/em> &#8211; Foto: Carol Costa\/Seds<\/p>\n\n\n\n<p>O Governo de Goi\u00e1s, por meio da Secretaria de Estado de Desenvolvimento Social (Seds), promoveu, na sexta-feira (17\/5), uma rodada de palestras dentro da campanha Fa\u00e7a Bonito. A iniciativa busca combater a explora\u00e7\u00e3o e abuso sexual de crian\u00e7as e adolescentes por meio da divulga\u00e7\u00e3o de como evitar e onde denunciar caso seja uma v\u00edtima ou tenha testemunhado algum caso.<\/p>\n\n\n\n<p>A programa\u00e7\u00e3o contou com palestras da titular da Delegacia Estadual de Repress\u00e3o a Crimes Cibern\u00e9ticos, Marcella Cordeiro Or\u00e7ai; da psic\u00f3loga e perita da Delegacia de Prote\u00e7\u00e3o \u00e0 Crian\u00e7a e ao Adolescente de Goi\u00e2nia, Aliciana Oliveira de Freitas; e do coordenador do F\u00f3rum Goiano de Enfrentamento \u00e0 Viol\u00eancia Sexual Contra Crian\u00e7as e Adolescentes, Joseleno Vieira dos Santos. As palestras foram transmitidas ao vivo e est\u00e3o dispon\u00edveis no YouTube da Seds. https:\/\/www.youtube.com\/watch?v=7uZXT8tg01E<\/p>\n\n\n\n<p>Subsecret\u00e1ria de Execu\u00e7\u00e3o da Pol\u00edtica Social da Seds, Silvana Fuini destaca que a campanha \u00e9 uma oportunidade para conscientizar, educar e mobilizar a sociedade em prol da seguran\u00e7a e do bem-estar das crian\u00e7as. \u201cAl\u00e9m do Aprendiz do Futuro, desenvolvemos iniciativas de forma\u00e7\u00e3o gratuita com consultoras da Unesco a todos os conselheiros tutelares e outros profissionais que lidam com a prote\u00e7\u00e3o de nossas crian\u00e7as e adolescentes\u201d, avalia Silvana.<\/p>\n\n\n\n<p>Informa\u00e7\u00e3o \u00e9 a ferramenta essencial para identificar crimes praticados contra crian\u00e7as e adolescentes. \u201cMuitas vezes a pessoa sofre algum tipo de viol\u00eancia e nem tem no\u00e7\u00e3o da gravidade deste ato\u201d, comenta Amy Lee Nascimento, que \u00e9 Aprendiz do Futuro e acompanhou as palestras. J\u00e1 a aprendiz Maria Eduarda Batista considera que a principal mensagem do evento foi conhecer quando h\u00e1 um abuso, al\u00e9m de como e onde denunciar.<\/p>\n\n\n\n<p>A edi\u00e7\u00e3o 2024 do Fa\u00e7a Bonito em Goi\u00e1s foi realizada pelo Governo de Goi\u00e1s, por meio do Goi\u00e1s Social, com apoio do Conselho de Juventude do Estado de Goi\u00e1s (Conjuve) e do Conselho Estadual dos Direitos da Crian\u00e7a e do Adolescente de Goi\u00e1s (Cedca).<\/p>\n\n\n\n<p><\/p>\n\n\n\n<figure class=\"wp-block-gallery has-nested-images columns-default is-cropped wp-block-gallery-1 is-layout-flex wp-block-gallery-is-layout-flex\">\n<figure class=\"wp-block-image size-full\"><img decoding=\"async\" width=\"2560\" height=\"1706\" data-id=\"7491\" src=\"https:\/\/goias.gov.br\/social\/wp-content\/uploads\/sites\/24\/2024\/05\/WhatsApp-Image-2024-05-20-at-08.56.31.jpeg\" alt=\"\" class=\"wp-image-7491\" \/><\/figure>\n<\/figure>\n\n\n\n<p><em>Governo de Goi\u00e1s realiza diversas a\u00e7\u00f5es sob a coordena\u00e7\u00e3o do Goi\u00e1s Social voltadas para a prote\u00e7\u00e3o, garantia de direitos e promo\u00e7\u00e3o da cidadania.<\/em> Foto: Carol Costa\/Seds<\/p>\n\n\n\n<p><strong>Secretaria de Estado de Desenvolvimento Social \u2013 Governo de Goi\u00e1s<\/strong><\/p>\n","protected":false},"excerpt":{"rendered":"<p>A\u00e7\u00e3o do Goi\u00e1s Social integra a campanha Fa\u00e7a Bonito e tem como objetivo reunir parceiros na divulga\u00e7\u00e3o de informa\u00e7\u00f5es para prevenir e denunciar casos de abuso Especialistas falaram sobre a import\u00e2ncia de estar alerta para identificar e combater viol\u00eancia e abuso sexual contra crian\u00e7as e adolescentes &#8211; Foto: Carol Costa\/Seds O Governo de Goi\u00e1s, por [&hellip;]<\/p>\n","protected":false},"author":354,"featured_media":7497,"comment_status":"closed","ping_status":"open","sticky":false,"template":"","format":"standard","meta":{"footnotes":""},"categories":[55],"tags":[],"class_list":["post-7489","post","type-post","status-publish","format-standard","has-post-thumbnail","hentry","category-noticias"],"rttpg_featured_image_url":{"full":["https:\/\/goias.gov.br\/social\/wp-content\/uploads\/sites\/24\/2024\/05\/dezoitomaio-1.jpg",2560,1706,false],"landscape":["https:\/\/goias.gov.br\/social\/wp-content\/uploads\/sites\/24\/2024\/05\/dezoitomaio-1.jpg",2560,1706,false],"portraits":["https:\/\/goias.gov.br\/social\/wp-content\/uploads\/sites\/24\/2024\/05\/dezoitomaio-1.jpg",2560,1706,false],"thumbnail":["https:\/\/goias.gov.br\/social\/wp-content\/uploads\/sites\/24\/2024\/05\/dezoitomaio-1.jpg",150,100,false],"medium":["https:\/\/goias.gov.br\/social\/wp-content\/uploads\/sites\/24\/2024\/05\/dezoitomaio-1.jpg",300,200,false],"large":["https:\/\/goias.gov.br\/social\/wp-content\/uploads\/sites\/24\/2024\/05\/dezoitomaio-1.jpg",1024,682,false],"1536x1536":["https:\/\/goias.gov.br\/social\/wp-content\/uploads\/sites\/24\/2024\/05\/dezoitomaio-1.jpg",1536,1024,false],"2048x2048":["https:\/\/goias.gov.br\/social\/wp-content\/uploads\/sites\/24\/2024\/05\/dezoitomaio-1.jpg",2048,1365,false]},"rttpg_author":{"display_name":"thiagocmelo","author_link":"https:\/\/goias.gov.br\/social\/author\/thiagocmelo\/"},"rttpg_comment":0,"rttpg_category":"<a href=\"https:\/\/goias.gov.br\/social\/categoria\/noticias\/\" rel=\"category tag\">Not\u00edcias<\/a>","rttpg_excerpt":"A\u00e7\u00e3o do Goi\u00e1s Social integra a campanha Fa\u00e7a Bonito e tem como objetivo reunir parceiros na divulga\u00e7\u00e3o de informa\u00e7\u00f5es para prevenir e denunciar casos de abuso Especialistas falaram sobre a import\u00e2ncia de estar alerta para identificar e combater viol\u00eancia e abuso sexual contra crian\u00e7as e adolescentes &#8211; Foto: Carol Costa\/Seds O Governo de Goi\u00e1s, por&hellip;","_links":{"self":[{"href":"https:\/\/goias.gov.br\/social\/wp-json\/wp\/v2\/posts\/7489","targetHints":{"allow":["GET"]}}],"collection":[{"href":"https:\/\/goias.gov.br\/social\/wp-json\/wp\/v2\/posts"}],"about":[{"href":"https:\/\/goias.gov.br\/social\/wp-json\/wp\/v2\/types\/post"}],"author":[{"embeddable":true,"href":"https:\/\/goias.gov.br\/social\/wp-json\/wp\/v2\/users\/354"}],"replies":[{"embeddable":true,"href":"https:\/\/goias.gov.br\/social\/wp-json\/wp\/v2\/comments?post=7489"}],"version-history":[{"count":2,"href":"https:\/\/goias.gov.br\/social\/wp-json\/wp\/v2\/posts\/7489\/revisions"}],"predecessor-version":[{"id":7496,"href":"https:\/\/goias.gov.br\/social\/wp-json\/wp\/v2\/posts\/7489\/revisions\/7496"}],"wp:featuredmedia":[{"embeddable":true,"href":"https:\/\/goias.gov.br\/social\/wp-json\/wp\/v2\/media\/7497"}],"wp:attachment":[{"href":"https:\/\/goias.gov.br\/social\/wp-json\/wp\/v2\/media?parent=7489"}],"wp:term":[{"taxonomy":"category","embeddable":true,"href":"https:\/\/goias.gov.br\/social\/wp-json\/wp\/v2\/categories?post=7489"},{"taxonomy":"post_tag","embeddable":true,"href":"https:\/\/goias.gov.br\/social\/wp-json\/wp\/v2\/tags?post=7489"}],"curies":[{"name":"wp","href":"https:\/\/api.w.org\/{rel}","templated":true}]}}