

{"id":6027,"date":"2023-09-20T11:42:47","date_gmt":"2023-09-20T14:42:47","guid":{"rendered":"https:\/\/siteshom.goias.gov.br\/social\/convenios-e-transferencias-realizadas2\/"},"modified":"2025-11-04T13:11:48","modified_gmt":"2025-11-04T16:11:48","slug":"convenios-e-transferencias-realizadas2","status":"publish","type":"post","link":"https:\/\/goias.gov.br\/social\/convenios-e-transferencias-realizadas2\/","title":{"rendered":"Conv\u00eanios e Transfer\u00eancias Concedidas"},"content":{"rendered":"<p><strong><em>Ger\u00eancia de Gest\u00e3o de Parcerias e Contrata\u00e7\u00f5es<\/em><\/strong><br \/><i>Ilton Fernandes da Mota\u00a0<\/i><br \/>Pra\u00e7a Doutor Pedro Ludovico Teixeira, 332, bloco D, 1\u00ba andar &#8211; Setor Central, Goi\u00e2nia-GO &#8211; CEP: 74003-010\u00a0<br \/>Tel.: 55 (62) 3201-8160<br \/>E-mail:\u00a0<a href=\"mailto:ggpc.seds@goias.gov.br\">ggpc.seds@goias.gov.br<\/a><br \/>Unidade SEI: 14444<\/p>\n\n\n<table class=\"planilhaview display\" style=\"width:100%\"><thead><tr><th>CONV\u00caNIO\/REPASSE<\/th><th>N\u00b0 PROCESSO <\/th><th>CEDENTE (CNPJ)<\/th><th>CESSION\u00c1RIO (CNPJ)<\/th><th>OBJETO<\/th><th>TIPO DE PARCERIA<\/th><th>VALOR (R$)<\/th><th>VALORES REPASSADOS (R$)<\/th><th>VIG\u00caNCIA<\/th><th>INTEIRO TEOR<\/th><th><\/th><th><\/th><th><\/th><th><\/th><th><\/th><th><\/th><th><\/th><th><\/th><th><\/th><th><\/th><th><\/th><th><\/th><th><\/th><th><\/th><\/tr><tr><th><input type=\"text\" placeholder=\"Filtrar CONV\u00caNIO\/REPASSE\"><\/th><th><input type=\"text\" placeholder=\"Filtrar N\u00b0 PROCESSO \"><\/th><th><input type=\"text\" placeholder=\"Filtrar CEDENTE (CNPJ)\"><\/th><th><input type=\"text\" placeholder=\"Filtrar CESSION\u00c1RIO (CNPJ)\"><\/th><th><input type=\"text\" placeholder=\"Filtrar OBJETO\"><\/th><th><input type=\"text\" placeholder=\"Filtrar TIPO DE PARCERIA\"><\/th><th><input type=\"text\" placeholder=\"Filtrar VALOR (R$)\"><\/th><th><input type=\"text\" placeholder=\"Filtrar VALORES REPASSADOS (R$)\"><\/th><th><input type=\"text\" placeholder=\"Filtrar VIG\u00caNCIA\"><\/th><th><input type=\"text\" placeholder=\"Filtrar INTEIRO TEOR\"><\/th><th><input type=\"text\" placeholder=\"Filtrar \"><\/th><th><input type=\"text\" placeholder=\"Filtrar \"><\/th><th><input type=\"text\" placeholder=\"Filtrar \"><\/th><th><input type=\"text\" placeholder=\"Filtrar \"><\/th><th><input type=\"text\" placeholder=\"Filtrar \"><\/th><th><input type=\"text\" placeholder=\"Filtrar \"><\/th><th><input type=\"text\" placeholder=\"Filtrar \"><\/th><th><input type=\"text\" placeholder=\"Filtrar \"><\/th><th><input type=\"text\" placeholder=\"Filtrar \"><\/th><th><input type=\"text\" placeholder=\"Filtrar \"><\/th><th><input type=\"text\" placeholder=\"Filtrar \"><\/th><th><input type=\"text\" placeholder=\"Filtrar \"><\/th><th><input type=\"text\" placeholder=\"Filtrar \"><\/th><th><input type=\"text\" placeholder=\"Filtrar \"><\/th><\/tr><\/thead><tbody><tr><td style=\"color: #000000; background-color: #FFFFFF;\">01-2023-CV<\/td><td style=\"color: #000000; background-color: #FFFFFF;\">202310319001134<\/td><td style=\"color: #000000; background-color: #FFFFFF;\">SECRETARIA DE ESTADO DE DESENVOLVIMENTO SOCIAL (08.876.217\/0001-71)\n<\/td><td style=\"color: #000000; background-color: #FFFFFF;\">AG\u00caNCIA DE FOMENTO DE GOIAS S.A (03.918.382\/0001-25)<\/td><td style=\"color: #000000; background-color: #FFFFFF;font-weight: bold;\">Programa DignIdade - Promover a transfer\u00eancia de recursos para consecu\u00e7\u00e3o das a\u00e7\u00f5es do Programa Dignidade <\/td><td style=\"color: #000000; background-color: #FFFFFF;\">CONV\u00caNIO<\/td><td style=\"color: #000000; background-color: #FFFFFF;\">44.000.000,00<\/td><td style=\"color: #000000; background-color: #FFFFFF;\">R$ 14.812.825,00<\/td><td style=\"color: #000000; background-color: #FFFFFF;\">24\/04\/2023      a       24\/04\/2026<\/td><td style=\"color: #0000FF; background-color: #FFFFFF;font-weight: bold;text-decoration: underline;\"><a href=\"https:\/\/goias.gov.br\/social\/wp-content\/uploads\/sites\/24\/2025\/07\/Programa-Dignidade-2024.1134.pdf\" target=\"_blank\">ABRIR<\/a><\/td><td style=\"color: #000000; background-color: #FFFFFF;\"><\/td><td style=\"color: #000000; background-color: #FFFFFF;\"><\/td><td style=\"color: #000000; background-color: #FFFFFF;\"><\/td><td style=\"color: #000000; background-color: #FFFFFF;\"><\/td><td style=\"color: #000000; background-color: #FFFFFF;\"><\/td><td style=\"color: #000000; background-color: #FFFFFF;\"><\/td><td style=\"color: #000000; background-color: #FFFFFF;\"><\/td><td style=\"color: #000000; background-color: #FFFFFF;\"><\/td><td style=\"color: #000000; background-color: #FFFFFF;\"><\/td><td style=\"color: #000000; background-color: #FFFFFF;\"><\/td><td style=\"color: #000000; background-color: #FFFFFF;\"><\/td><td style=\"color: #000000; background-color: #FFFFFF;\"><\/td><td style=\"color: #000000; background-color: #FFFFFF;\"><\/td><td style=\"color: #000000; background-color: #FFFFFF;\"><\/td><\/tr><tr><td style=\"color: #000000; background-color: #FFFFFF;\">02-2023-CV<\/td><td style=\"color: #000000; background-color: #FFFFFF;\">202310319001144<\/td><td style=\"color: #000000; background-color: #FFFFFF;\">SECRETARIA DE ESTADO DE DESENVOLVIMENTO SOCIAL (08.876.217\/0001-71) <\/td><td style=\"color: #000000; background-color: #FFFFFF;\">AG\u00caNCIA DE FOMENTO DE GOIAS S.A (03.918.382\/0001-25)<\/td><td style=\"color: #000000; background-color: #FFFFFF;font-weight: bold;\">Programa Goi\u00e1s por Elas - Promovera transfer\u00eancia de recursos para a consecu\u00e7\u00e3o das a\u00e7\u00f5es do Programa Goias por Elas <\/td><td style=\"color: #000000; background-color: #FFFFFF;\">CONV\u00caNIO<\/td><td style=\"color: #000000; background-color: #FFFFFF;\">R$ 23.650.000,00<\/td><td style=\"color: #000000; background-color: #FFFFFF;\">R$ 15.541.445,00<\/td><td style=\"color: #000000; background-color: #FFFFFF;\">  09\/05\/2023      a       09\/05\/2026<\/td><td style=\"color: #0000FF; background-color: #FFFFFF;font-weight: bold;text-decoration: underline;\"><a href=\"https:\/\/goias.gov.br\/social\/wp-content\/uploads\/sites\/24\/2025\/07\/Goias-por-elas.pdf\" target=\"_blank\">ABRIR<\/a><\/td><td style=\"color: #000000; background-color: #FFFFFF;\"><\/td><td style=\"color: #000000; background-color: #FFFFFF;\"><\/td><td style=\"color: #000000; background-color: #FFFFFF;\"><\/td><td style=\"color: #000000; background-color: #FFFFFF;\"><\/td><td style=\"color: #000000; background-color: #FFFFFF;\"><\/td><td style=\"color: #000000; background-color: #FFFFFF;\"><\/td><td style=\"color: #000000; background-color: #FFFFFF;\"><\/td><td style=\"color: #000000; background-color: #FFFFFF;\"><\/td><td style=\"color: #000000; background-color: #FFFFFF;\"><\/td><td style=\"color: #000000; background-color: #FFFFFF;\"><\/td><td style=\"color: #000000; background-color: #FFFFFF;\"><\/td><td style=\"color: #000000; background-color: #FFFFFF;\"><\/td><td style=\"color: #000000; background-color: #FFFFFF;\"><\/td><td style=\"color: #000000; background-color: #FFFFFF;\"><\/td><\/tr><tr><td style=\"color: #000000; background-color: #FFFFFF;\">03-2023-CV<\/td><td style=\"color: #000000; background-color: #FFFFFF;\">202210319004723<\/td><td style=\"color: #000000; background-color: #FFFFFF;\">SECRETARIA DE ESTADO DE DESENVOLVIMENTO SOCIAL (08.876.217\/0001-71)<\/td><td style=\"color: #000000; background-color: #FFFFFF;\">AG\u00caNCIA DE FOMENTO DE GOIAS S.A (03.918.382\/0001-25)<\/td><td style=\"color: #000000; background-color: #FFFFFF;font-weight: bold;\">Programa Cr\u00e9dito Social \u2013 Promover a consecu\u00e7\u00e3o das a\u00e7\u00f5es do Programa Cr\u00e9dito Social <\/td><td style=\"color: #000000; background-color: #FFFFFF;\">CONV\u00caNIO<\/td><td style=\"color: #000000; background-color: #FFFFFF;\">R$ 10.811.675,24<\/td><td style=\"color: #000000; background-color: #FFFFFF;\">R$ 7.970.467,30<\/td><td style=\"color: #000000; background-color: #FFFFFF;\"> 21\/10\/2022      a      31\/12\/2026<\/td><td style=\"color: #0000FF; background-color: #FFFFFF;font-weight: bold;text-decoration: underline;\"><a href=\"https:\/\/goias.gov.br\/social\/wp-content\/uploads\/sites\/24\/2025\/07\/Credito-Social.pdf\" target=\"_blank\">ABRIR<\/a><\/td><td style=\"color: #000000; background-color: #FFFFFF;\"><\/td><td style=\"color: #000000; background-color: #FFFFFF;\"><\/td><td style=\"color: #000000; background-color: #FFFFFF;\"><\/td><td style=\"color: #000000; background-color: #FFFFFF;\"><\/td><td style=\"color: #000000; background-color: #FFFFFF;\"><\/td><td style=\"color: #000000; background-color: #FFFFFF;\"><\/td><td style=\"color: #000000; background-color: #FFFFFF;\"><\/td><td style=\"color: #000000; background-color: #FFFFFF;\"><\/td><td style=\"color: #000000; background-color: #FFFFFF;\"><\/td><td style=\"color: #000000; background-color: #FFFFFF;\"><\/td><td style=\"color: #000000; background-color: #FFFFFF;\"><\/td><td style=\"color: #000000; background-color: #FFFFFF;\"><\/td><td style=\"color: #000000; background-color: #FFFFFF;\"><\/td><td style=\"color: #000000; background-color: #FFFFFF;\"><\/td><\/tr><tr><td style=\"color: #000000; background-color: #FFFFFF;\">12-2023-CV<\/td><td style=\"color: #000000; background-color: #FFFFFF;\">202110319002794<\/td><td style=\"color: #000000; background-color: #FFFFFF;\">SECRETARIA DE ESTADO DE DESENVOLVIMENTO SOCIAL (08.876.217\/0001-71)<\/td><td style=\"color: #000000; background-color: #FFFFFF;\">AG\u00caNCIA DE FOMENTO DE GOIAS S.A (03.918.382\/0001-25)<\/td><td style=\"color: #000000; background-color: #FFFFFF;font-weight: bold;\">Programa M\u00e3es de Goias - Tem por objeto promover a transfer\u00eancia de recurso para consecu\u00e7\u00e3o das a\u00e7\u00f5es do Programa M\u00e3es de Goi\u00e1s.<\/td><td style=\"color: #000000; background-color: #FFFFFF;\">CONV\u00caNIO<\/td><td style=\"color: #000000; background-color: #FFFFFF;\">R$ 1.177.662.427,34<\/td><td style=\"color: #000000; background-color: #FFFFFF;\">R$ 964.281.916,67<\/td><td style=\"color: #000000; background-color: #FFFFFF;\">  26\/08\/2021       a       03\/05\/2026<\/td><td style=\"color: #0000FF; background-color: #FFFFFF;font-weight: bold;text-decoration: underline;\"><a href=\"https:\/\/goias.gov.br\/social\/wp-content\/uploads\/sites\/24\/2025\/07\/Programa-Maes-de-Goias-convenio-no-202110319002794.pdf\" target=\"_blank\">ABRIR<\/a><\/td><td style=\"color: #000000; background-color: #FFFFFF;\"><\/td><td style=\"color: #000000; background-color: #FFFFFF;\"><\/td><td style=\"color: #000000; background-color: #FFFFFF;\"><\/td><td style=\"color: #000000; background-color: #FFFFFF;\"><\/td><td style=\"color: #000000; background-color: #FFFFFF;\"><\/td><td style=\"color: #000000; background-color: #FFFFFF;\"><\/td><td style=\"color: #000000; background-color: #FFFFFF;\"><\/td><td style=\"color: #000000; background-color: #FFFFFF;\"><\/td><td style=\"color: #000000; background-color: #FFFFFF;\"><\/td><td style=\"color: #000000; background-color: #FFFFFF;\"><\/td><td style=\"color: #000000; background-color: #FFFFFF;\"><\/td><td style=\"color: #000000; background-color: #FFFFFF;\"><\/td><td style=\"color: #000000; background-color: #FFFFFF;\"><\/td><td style=\"color: #000000; background-color: #FFFFFF;\"><\/td><\/tr><tr><td style=\"color: #000000; background-color: #FFFFFF;\">03-2024- CV<\/td><td style=\"color: #000000; background-color: #FFFFFF;\">2023103191137<\/td><td style=\"color: #000000; background-color: #FFFFFF;\">SECRETARIA DE ESTADO DE DESENVOLVIMENTO SOCIAL (08.876.217\/0001-71)<\/td><td style=\"color: #000000; background-color: #FFFFFF;\">AG\u00caNCIA DE FOMENTO DE GOIAS S.A (03.918.382\/0001-25)<\/td><td style=\"color: #000000; background-color: #FFFFFF;\">Hospital das Cl\u00ednicas - Tem por objetivo a forma\u00e7\u00e3o de parceria com vistas ao fomento de a\u00e7\u00f5es, gerenciamento, operacionaliza\u00e7\u00e3o e a execu\u00e7\u00e3o de atividades de ASSIST\u00caNCIA M\u00c9DICA HOSPITALAR, com a mencionada entidade executora, sem fins lucrativos, para o recebimento nas despesas de pagamento de tarifas de energia e \u00e1gua\/esgoto. <\/td><td style=\"color: #000000; background-color: #FFFFFF;\">CONV\u00caNIO<\/td><td style=\"color: #000000; background-color: #FFFFFF;\">R$ 3.533.010,36<\/td><td style=\"color: #000000; background-color: #FFFFFF;\">R$ 3.533.010,36<\/td><td style=\"color: #000000; background-color: #FFFFFF;\">    02\/05\/2023       a        31\/12\/2026<\/td><td style=\"color: #0000FF; background-color: #FFFFFF;font-weight: bold;text-decoration: underline;\"><a href=\"https:\/\/goias.gov.br\/social\/wp-content\/uploads\/sites\/24\/2025\/07\/Convenio_entidades_HC.pdf\" target=\"_blank\">ABRIR<\/a><\/td><td style=\"color: #000000; background-color: #FFFFFF;\"><\/td><td style=\"color: #000000; background-color: #FFFFFF;\"><\/td><td style=\"color: #000000; background-color: #FFFFFF;\"><\/td><td style=\"color: #000000; background-color: #FFFFFF;\"><\/td><td style=\"color: #000000; background-color: #FFFFFF;\"><\/td><td style=\"color: #000000; background-color: #FFFFFF;\"><\/td><td style=\"color: #000000; background-color: #FFFFFF;\"><\/td><td style=\"color: #000000; background-color: #FFFFFF;\"><\/td><td style=\"color: #000000; background-color: #FFFFFF;\"><\/td><td style=\"color: #000000; background-color: #FFFFFF;\"><\/td><td style=\"color: #000000; background-color: #FFFFFF;\"><\/td><td style=\"color: #000000; background-color: #FFFFFF;\"><\/td><td style=\"color: #000000; background-color: #FFFFFF;\"><\/td><td style=\"color: #000000; background-color: #FFFFFF;\"><\/td><\/tr><tr><td style=\"color: #000000; background-color: #FFFFFF;\">02-2024-CV<\/td><td style=\"color: #000000; background-color: #FFFFFF;\">202310319001852<\/td><td style=\"color: #000000; background-color: #FFFFFF;\">SECRETARIA DE ESTADO DE DESENVOLVIMENTO SOCIAL (08.876.217\/0001-71)<\/td><td style=\"color: #000000; background-color: #FFFFFF;\">AG\u00caNCIA DE FOMENTO DE GOIAS S.A (03.918.382\/0001-25)<\/td><td style=\"color: #000000; background-color: #FFFFFF;font-weight: bold;\">Programa Fam\u00edlia Acolhedora - tem por objeto promover a transfer\u00eancia de recurso para consecu\u00e7\u00e3o das a\u00e7\u00f5es do Programa Fam\u00edlia Acolhedora Goiana para propiciar o acolhimento familiar de crian\u00e7as e adolescentes afastados do conv\u00edvio familiar por determina\u00e7\u00e3o judicial em lares de fam\u00edlias cadastradas como acolhedoras <\/td><td style=\"color: #000000; background-color: #FFFFFF;\">CONV\u00caNIO<\/td><td style=\"color: #000000; background-color: #FFFFFF;\">R$ 4.000.000,00<\/td><td style=\"color: #000000; background-color: #FFFFFF;\">R$ 377.340,00<\/td><td style=\"color: #000000; background-color: #FFFFFF;\">      15\/07\/2024       a         31\/12\/2026<\/td><td style=\"color: #0000FF; background-color: #FFFFFF;font-weight: bold;text-decoration: underline;\"><a href=\"https:\/\/goias.gov.br\/social\/wp-content\/uploads\/sites\/24\/2025\/07\/Convenio_2__Familia_acolhedora.pdf\" target=\"_blank\">ABRIR<\/a><\/td><td style=\"color: #000000; background-color: #FFFFFF;\"><\/td><td style=\"color: #000000; background-color: #FFFFFF;\"><\/td><td style=\"color: #000000; background-color: #FFFFFF;\"><\/td><td style=\"color: #000000; background-color: #FFFFFF;\"><\/td><td style=\"color: #000000; background-color: #FFFFFF;\"><\/td><td style=\"color: #000000; background-color: #FFFFFF;\"><\/td><td style=\"color: #000000; background-color: #FFFFFF;\"><\/td><td style=\"color: #000000; background-color: #FFFFFF;\"><\/td><td style=\"color: #000000; background-color: #FFFFFF;\"><\/td><td style=\"color: #000000; background-color: #FFFFFF;\"><\/td><td style=\"color: #000000; background-color: #FFFFFF;\"><\/td><td style=\"color: #000000; background-color: #FFFFFF;\"><\/td><td style=\"color: #000000; background-color: #FFFFFF;\"><\/td><td style=\"color: #000000; background-color: #FFFFFF;\"><\/td><\/tr><tr><td style=\"color: #000000; background-color: #FFFFFF;\">01-2024-CV<\/td><td style=\"color: #000000; background-color: #FFFFFF;\">202410319000330<\/td><td style=\"color: #000000; background-color: #FFFFFF;\">SECRETARIA DE ESTADO DE DESENVOLVIMENTO SOCIAL (08.876.217\/0001-71)<\/td><td style=\"color: #000000; background-color: #FFFFFF;\">AG\u00caNCIA DE FOMENTO DE GOIAS S.A (03.918.382\/0001-25)<\/td><td style=\"color: #000000; background-color: #FFFFFF;font-weight: bold;\">Programa de Volta para casa - tem por objeto promover a transfer\u00eancia de recurso para consecu\u00e7\u00e3o das a\u00e7\u00f5es do Programa De Volta para Casa instituido pela Lei n\u00ba 22.486, de 22 de dezembro de 2023, visa promover a migra\u00e7\u00e3o de retorno para pessoas em situa\u00e7\u00e3o de rua, que estejam em vulnerabilidade social, \u00e0 outra unidade federativa do pa\u00eds, o objetivo espec\u00edfico do Programa \u00e9 apoiar migrantes em situa\u00e7\u00e3o de vulnerabilidade que desejam regressar ao seu territ\u00f3rio de origem, para a supera\u00e7\u00e3o de riscos sociais e pessoais e para a reintegra\u00e7\u00e3o familiar e social sustent\u00e1vel. <\/td><td style=\"color: #000000; background-color: #FFFFFF;\">CONV\u00caNIO<\/td><td style=\"color: #000000; background-color: #FFFFFF;\">R$ 100.000,00<\/td><td style=\"color: #000000; background-color: #FFFFFF;\">R$ 100.000,00<\/td><td style=\"color: #000000; background-color: #FFFFFF;\">        02\/09\/2024        a         31\/12\/2024<\/td><td style=\"color: #0000FF; background-color: #FFFFFF;font-weight: bold;text-decoration: underline;\"><a href=\"https:\/\/goias.gov.br\/social\/wp-content\/uploads\/sites\/24\/2025\/07\/Convenio_01_2024_de_volta_para_casa_2024.0330.pdf\" target=\"_blank\">ABRIR<\/a><\/td><td style=\"color: #000000; background-color: #FFFFFF;\"><\/td><td style=\"color: #000000; background-color: #FFFFFF;\"><\/td><td style=\"color: #000000; background-color: #FFFFFF;\"><\/td><td style=\"color: #000000; background-color: #FFFFFF;\"><\/td><td style=\"color: #000000; background-color: #FFFFFF;\"><\/td><td style=\"color: #000000; background-color: #FFFFFF;\"><\/td><td style=\"color: #000000; background-color: #FFFFFF;\"><\/td><td style=\"color: #000000; background-color: #FFFFFF;\"><\/td><td style=\"color: #000000; background-color: #FFFFFF;\"><\/td><td style=\"color: #000000; background-color: #FFFFFF;\"><\/td><td style=\"color: #000000; background-color: #FFFFFF;\"><\/td><td style=\"color: #000000; background-color: #FFFFFF;\"><\/td><td style=\"color: #000000; background-color: #FFFFFF;\"><\/td><td style=\"color: #000000; background-color: #FFFFFF;\"><\/td><\/tr><tr><td style=\"color: #000000; background-color: #FFFFFF;\">01-2025-TC<\/td><td style=\"color: #000000; background-color: #FFFFFF;\">202510319004505<\/td><td style=\"color: #000000; background-color: #FFFFFF;\">SECRETARIA DE ESTADO DE DESENVOLVIMENTO SOCIAL (08.876.217\/0001-71)<\/td><td style=\"color: #000000; background-color: #FFFFFF;\">AG\u00caNCIA DE FOMENTO DE GOIAS S.A (03.918.382\/0001-25)<\/td><td style=\"color: #000000; background-color: #FFFFFF;font-weight: bold;\">Programa Goias + Inclusivo - tem por objeto viabilizar a gest\u00e3o financeira dos cart\u00f5es emitidos aos benefici\u00e1rios e dos recursos empregados, com vistas a promover a transfer\u00eancia de recurso para execu\u00e7\u00e3o das a\u00e7\u00f5es do Programa Goi\u00e1s + Inclusivo, destinado a assegurar prote\u00e7\u00e3o social e assist\u00eancia financeira \u00e0s fam\u00edlias em situa\u00e7\u00e3o de extrema pobreza que tenham pelo menos uma pessoa com defici\u00eancia at\u00e9 18 anos de idade incompletos, <\/td><td style=\"color: #000000; background-color: #FFFFFF;\">CONV\u00caNIO<\/td><td style=\"color: #000000; background-color: #FFFFFF;\">R$ 8.125.500,00<\/td><td style=\"color: #000000; background-color: #FFFFFF;\">R$ 1.875.000,00<\/td><td style=\"color: #000000; background-color: #FFFFFF;\">          23\/06\/2025        a          23\/06\/2026<\/td><td style=\"color: #0000FF; background-color: #FFFFFF;font-weight: bold;text-decoration: underline;\"><a href=\"https:\/\/goias.gov.br\/social\/wp-content\/uploads\/sites\/24\/2025\/07\/Goias-inclusivo.pdf\" target=\"_blank\">ABRIR<\/a><\/td><td style=\"color: #000000; background-color: #FFFFFF;\"><\/td><td style=\"color: #000000; background-color: #FFFFFF;\"><\/td><td style=\"color: #000000; background-color: #FFFFFF;\"><\/td><td style=\"color: #000000; background-color: #FFFFFF;\"><\/td><td style=\"color: #000000; background-color: #FFFFFF;\"><\/td><td style=\"color: #000000; background-color: #FFFFFF;\"><\/td><td style=\"color: #000000; background-color: #FFFFFF;\"><\/td><td style=\"color: #000000; background-color: #FFFFFF;\"><\/td><td style=\"color: #000000; background-color: #FFFFFF;\"><\/td><td style=\"color: #000000; background-color: #FFFFFF;\"><\/td><td style=\"color: #000000; background-color: #FFFFFF;\"><\/td><td style=\"color: #000000; background-color: #FFFFFF;\"><\/td><td style=\"color: #000000; background-color: #FFFFFF;\"><\/td><td style=\"color: #000000; background-color: #FFFFFF;\"><\/td><\/tr><tr><td style=\"color: #000000; background-color: #FFFFFF;\">14-2023-CV<\/td><td style=\"color: #000000; background-color: #FFFFFF;\">202110319002795<\/td><td style=\"color: #000000; background-color: #FFFFFF;\">SECRETARIA DE ESTADO DE DESENVOLVIMENTO SOCIAL (08.876.217\/0001-71)<\/td><td style=\"color: #000000; background-color: #FFFFFF;\">AG\u00caNCIA DE FOMENTO DE GOIAS S.A (03.918.382\/0001-25)<\/td><td style=\"color: #000000; background-color: #FFFFFF;font-weight: bold;\">Auxilio Alimenta\u00e7\u00e3o do Jovem Aprendiz - tem por objeto promover a transfer\u00eancia de recurso para consecu\u00e7\u00e3o do Programa de Aux\u00edlio Alimenta\u00e7\u00e3o, com o objetivo de combater a inseguran\u00e7a alimentar de Jovens participantes do Programa Estadual de Contrata\u00e7\u00e3o de Menor Aprendiz pela Administra\u00e7\u00e3o Direta e Indireta do Estado de Goi\u00e1s, mediante a concess\u00e3o de cart\u00e3o alimenta\u00e7\u00e3o no valor de R$ 150,00 <\/td><td style=\"color: #000000; background-color: #FFFFFF;\">CONV\u00caNIO<\/td><td style=\"color: #000000; background-color: #FFFFFF;\">R$ 11.250.000,00<\/td><td style=\"color: #000000; background-color: #FFFFFF;\">R$ 11.250.000,00<\/td><td style=\"color: #000000; background-color: #FFFFFF;\">         03\/09\/2021        a            03\/06\/2026<\/td><td style=\"color: #0000FF; background-color: #FFFFFF;font-weight: bold;text-decoration: underline;\"><a href=\"https:\/\/goias.gov.br\/social\/wp-content\/uploads\/sites\/24\/2025\/07\/Programa_Auxilio_Alimentacao_e_seus_aditivos.pdf\" target=\"_blank\">ABRIR<\/a><\/td><td style=\"color: #000000; background-color: #FFFFFF;\"><\/td><td style=\"color: #000000; background-color: #FFFFFF;\"><\/td><td style=\"color: #000000; background-color: #FFFFFF;\"><\/td><td style=\"color: #000000; background-color: #FFFFFF;\"><\/td><td style=\"color: #000000; background-color: #FFFFFF;\"><\/td><td style=\"color: #000000; background-color: #FFFFFF;\"><\/td><td style=\"color: #000000; background-color: #FFFFFF;\"><\/td><td style=\"color: #000000; background-color: #FFFFFF;\"><\/td><td style=\"color: #000000; background-color: #FFFFFF;\"><\/td><td style=\"color: #000000; background-color: #FFFFFF;\"><\/td><td style=\"color: #000000; background-color: #FFFFFF;\"><\/td><td style=\"color: #000000; background-color: #FFFFFF;\"><\/td><td style=\"color: #000000; background-color: #FFFFFF;\"><\/td><td style=\"color: #000000; background-color: #FFFFFF;\"><\/td><\/tr><tr><td style=\"color: #000000; background-color: #FFFFFF;\">01-2024-AC<\/td><td style=\"color: #000000; background-color: #FFFFFF;\">202410319006881<\/td><td style=\"color: #000000; background-color: #FFFFFF;\">SECRETARIA DE ESTADO DE DESENVOLVIMENTO SOCIAL (08.876.217\/0001-71)<\/td><td style=\"color: #000000; background-color: #FFFFFF;\">REDE NACIONAL DE APRENDIZAGEM PROMO\u00c7\u00c3O SOCIAL E INTEGRA\u00c7\u00c3O (37.381.902\/0001-25) <\/td><td style=\"color: #000000; background-color: #FFFFFF;font-weight: bold;\">Programa Estadual \u201cAprendiz do Futuro\u201d. \u2013 Tem por objetivo a formaliza\u00e7\u00e3o \nem parceria com a Renapsi para a execu\u00e7\u00e3o integral do Programa Estadual \"Aprendiz do Futuro\". Este programa abrange a forma\u00e7\u00e3o te\u00f3rica e pr\u00e1tica, observando aspectos trabalhistas administrativos e demais obriga\u00e7\u00f5es normativas.  <\/td><td style=\"color: #000000; background-color: #FFFFFF;\">ACORDO DE COLABORA\u00c7AO<\/td><td style=\"color: #000000; background-color: #FFFFFF;\">R$ 49.762.500,00<\/td><td style=\"color: #000000; background-color: #FFFFFF;\">R$ 39.089.550,00<\/td><td style=\"color: #000000; background-color: #FFFFFF;\">          25\/10\/2024        a            28\/10\/2025<\/td><td style=\"color: #0000FF; background-color: #FFFFFF;font-weight: bold;text-decoration: underline;\"><a href=\"https:\/\/goias.gov.br\/social\/wp-content\/uploads\/sites\/24\/2025\/07\/Renapsi_Aprendiz_do_Futuro_2024.6881.pdf\" target=\"_blank\">ABRIR<\/a><\/td><td style=\"color: #000000; background-color: #FFFFFF;\"><\/td><td style=\"color: #000000; background-color: #FFFFFF;\"><\/td><td style=\"color: #000000; background-color: #FFFFFF;\"><\/td><td style=\"color: #000000; background-color: #FFFFFF;\"><\/td><td style=\"color: #000000; background-color: #FFFFFF;\"><\/td><td style=\"color: #000000; background-color: #FFFFFF;\"><\/td><td style=\"color: #000000; background-color: #FFFFFF;\"><\/td><td style=\"color: #000000; background-color: #FFFFFF;\"><\/td><td style=\"color: #000000; background-color: #FFFFFF;\"><\/td><td style=\"color: #000000; background-color: #FFFFFF;\"><\/td><td style=\"color: #000000; background-color: #FFFFFF;\"><\/td><td style=\"color: #000000; background-color: #FFFFFF;\"><\/td><td style=\"color: #000000; background-color: #FFFFFF;\"><\/td><td style=\"color: #000000; background-color: #FFFFFF;\"><\/td><\/tr><tr><td style=\"color: #000000; background-color: #FFFFFF;font-weight: bold;\"><\/td><td style=\"color: #000000; background-color: #FFFFFF;font-weight: bold;\"><\/td><td style=\"color: #000000; background-color: #FFFFFF;\">SECRETARIA DE ESTADO DE DESENVOLVIMENTO SOCIAL (08.876.217\/0001-71)<\/td><td style=\"color: #000000; background-color: #FFFFFF;font-weight: bold;\"><\/td><td style=\"color: #000000; background-color: #FFFFFF;font-weight: bold;\">EMENDAS<\/td><td style=\"color: #000000; background-color: #FFFFFF;font-weight: bold;\"><\/td><td style=\"color: #000000; background-color: #FFFFFF;font-weight: bold;\"><\/td><td style=\"color: #000000; background-color: #FFFFFF;font-weight: bold;\"><\/td><td style=\"color: #000000; background-color: #FFFFFF;font-weight: bold;\"><\/td><td style=\"color: #000000; background-color: #FFFFFF;\"><\/td><td style=\"color: #000000; background-color: #FFFFFF;\"><\/td><td style=\"color: #000000; background-color: #FFFFFF;\"><\/td><td style=\"color: #000000; background-color: #FFFFFF;\"><\/td><td style=\"color: #000000; background-color: #FFFFFF;\"><\/td><td style=\"color: #000000; background-color: #FFFFFF;\"><\/td><td style=\"color: #000000; background-color: #FFFFFF;\"><\/td><td style=\"color: #000000; background-color: #FFFFFF;\"><\/td><td style=\"color: #000000; background-color: #FFFFFF;\"><\/td><td style=\"color: #000000; background-color: #FFFFFF;\"><\/td><td style=\"color: #000000; background-color: #FFFFFF;\"><\/td><td style=\"color: #000000; background-color: #FFFFFF;\"><\/td><td style=\"color: #000000; background-color: #FFFFFF;\"><\/td><td style=\"color: #000000; background-color: #FFFFFF;\"><\/td><td style=\"color: #000000; background-color: #FFFFFF;\"><\/td><\/tr><tr><td style=\"color: #000000; background-color: #FFFFFF;font-weight: bold;\">CONV\u00caNIO\/REPASSE<\/td><td style=\"color: #000000; background-color: #FFFFFF;font-weight: bold;\">N\u00b0 PROCESSO <\/td><td style=\"color: #000000; background-color: #FFFFFF;font-weight: bold;\">CEDENTE (CNPJ)<\/td><td style=\"color: #000000; background-color: #FFFFFF;font-weight: bold;\">CESSION\u00c1RIO (CNPJ)<\/td><td style=\"color: #000000; background-color: #FFFFFF;font-weight: bold;\">OBJETO<\/td><td style=\"color: #000000; background-color: #FFFFFF;font-weight: bold;\">TIPO DE PARCERIA<\/td><td style=\"color: #000000; background-color: #FFFFFF;font-weight: bold;\">TOTAL PREVISTO ANUAL<\/td><td style=\"color: #000000; background-color: #FFFFFF;font-weight: bold;\">T\u00c9RMINO DA VIG\u00caNCIA<\/td><td style=\"color: #000000; background-color: #FFFFFF;font-weight: bold;\">INTEIRO TEOR<\/td><td style=\"color: #000000; background-color: #FFFFFF;\"><\/td><td style=\"color: #000000; background-color: #FFFFFF;\"><\/td><td style=\"color: #000000; background-color: #FFFFFF;\"><\/td><td style=\"color: #000000; background-color: #FFFFFF;\"><\/td><td style=\"color: #000000; background-color: #FFFFFF;\"><\/td><td style=\"color: #000000; background-color: #FFFFFF;\"><\/td><td style=\"color: #000000; background-color: #FFFFFF;\"><\/td><td style=\"color: #000000; background-color: #FFFFFF;\"><\/td><td style=\"color: #000000; background-color: #FFFFFF;\"><\/td><td style=\"color: #000000; background-color: #FFFFFF;\"><\/td><td style=\"color: #000000; background-color: #FFFFFF;\"><\/td><td style=\"color: #000000; background-color: #FFFFFF;\"><\/td><td style=\"color: #000000; background-color: #FFFFFF;\"><\/td><td style=\"color: #000000; background-color: #FFFFFF;\"><\/td><td style=\"color: #000000; background-color: #FFFFFF;\"><\/td><\/tr><tr><td style=\"color: #000000; background-color: #FFFFFF;\">01\/04\/2023<\/td><td style=\"color: #000000; background-color: #FFFFFF;\">202210319003143<\/td><td style=\"color: #000000; background-color: #FFFFFF;\">SECRETARIA DE ESTADO DE DESENVOLVIMENTO SOCIAL (08.876.217\/0001-71)<\/td><td style=\"color: #000000; background-color: #FFFFFF;\">ASSOCIA\u00c7\u00c3O DE PAIS, AMIGOS \u00c9 PESSOAS COM DEFICI\u00caNCIA, DE FUNCION\u00c1RIOS DO BANCO DO BRASIL E DA COMUNIDADE-N\u00daCLEO REGIONAL GOIAS- APABB (58.106.519\/0004-81) <\/td><td style=\"color: #000000; background-color: #FFFFFF;font-weight: bold;\">Associa\u00e7\u00e3o de Pais, Amigos, e Pessoas com Defici\u00eancia, de Funcion\u00e1rios do Banco do Brasil e da Comunidade- N\u00facleo Regional Goi\u00e1s-APABB - Este Termo de Colabora\u00e7\u00e3o tem por objeto promover a transfer\u00eancia de recurso, oriundo de emenda parlamentar, para custear a aquisi\u00e7\u00e3o de materiais de consumo, a presta\u00e7\u00e3o de servi\u00e7os e o custeio de despesas relativas aos eventos e atividades realizadas dentro dos eixos norteadores da institui\u00e7\u00e3o. \n<\/td><td style=\"color: #000000; background-color: #FFFFFF;\">EMENDA PARLAMENTAR<\/td><td style=\"color: #000000; background-color: #FFFFFF;\">R$ 200.000,00<\/td><td style=\"color: #000000; background-color: #FFFFFF;\">24\/10\/2025<\/td><td style=\"color: #0000EE; background-color: #FFFFFF;font-weight: bold;text-decoration: underline;\"><a href=\"https:\/\/goias.gov.br\/social\/wp-content\/uploads\/sites\/24\/2025\/08\/ACORDO-APABB.pdf\" target=\"_blank\">ABRIR<\/a><\/td><td style=\"color: #000000; background-color: #FFFFFF;\"><\/td><td style=\"color: #000000; background-color: #FFFFFF;\"><\/td><td style=\"color: #000000; background-color: #FFFFFF;\"><\/td><td style=\"color: #000000; background-color: #FFFFFF;\"><\/td><td style=\"color: #000000; background-color: #FFFFFF;\"><\/td><td style=\"color: #000000; background-color: #FFFFFF;\"><\/td><td style=\"color: #000000; background-color: #FFFFFF;\"><\/td><td style=\"color: #000000; background-color: #FFFFFF;\"><\/td><td style=\"color: #000000; background-color: #FFFFFF;\"><\/td><td style=\"color: #000000; background-color: #FFFFFF;\"><\/td><td style=\"color: #000000; background-color: #FFFFFF;\"><\/td><td style=\"color: #000000; background-color: #FFFFFF;\"><\/td><td style=\"color: #000000; background-color: #FFFFFF;\"><\/td><td style=\"color: #000000; background-color: #FFFFFF;\"><\/td><td style=\"color: #000000; background-color: #FFFFFF;\"><\/td><\/tr><tr><td style=\"color: #000000; background-color: #FFFFFF;\">01\/06\/2023<\/td><td style=\"color: #000000; background-color: #FFFFFF;\">202210319003150<\/td><td style=\"color: #000000; background-color: #FFFFFF;\">SECRETARIA DE ESTADO DE DESENVOLVIMENTO SOCIAL (08.876.217\/0001-71)<\/td><td style=\"color: #000000; background-color: #FFFFFF;\">ASSOCIA\u00c7\u00c3O DOS DEFICIENTES VISUAIS DO ESTADO DE GOI\u00c1S- ADVEG (00.037.754\/0001-16) <\/td><td style=\"color: #000000; background-color: #FFFFFF;font-weight: bold;\">Associa\u00e7\u00e3o dos Deficientes Visuais de Goi\u00e1s-ADVEG - Este Termo de Colabora\u00e7\u00e3o tem por objeto promover a transfer\u00eancia de recurso, oriundo de emenda parlamentar, para custear a e fortalecer as a\u00e7\u00f5es di\u00e1rias de atendimento na ADVEG para retomada de defesa de direitos da pessoa com defici\u00eancia visual no estado de Goi\u00e1s, de acordo com o art. 22 da Lei 13.019\/2014. <\/td><td style=\"color: #000000; background-color: #FFFFFF;\">EMENDA PARLAMENTAR<\/td><td style=\"color: #000000; background-color: #FFFFFF;\">R$ 200.000,00<\/td><td style=\"color: #000000; background-color: #FFFFFF;\">25\/02\/2026<\/td><td style=\"color: #0000FF; background-color: #FFFFFF;font-weight: bold;text-decoration: underline;\"><a href=\"https:\/\/goias.gov.br\/social\/wp-content\/uploads\/sites\/24\/2025\/08\/adveg.pdf\" target=\"_blank\">ABRIR<\/a><\/td><td style=\"color: #000000; background-color: #FFFFFF;\"><\/td><td style=\"color: #000000; background-color: #FFFFFF;\"><\/td><td style=\"color: #000000; background-color: #FFFFFF;\"><\/td><td style=\"color: #000000; background-color: #FFFFFF;\"><\/td><td style=\"color: #000000; background-color: #FFFFFF;\"><\/td><td style=\"color: #000000; background-color: #FFFFFF;\"><\/td><td style=\"color: #000000; background-color: #FFFFFF;\"><\/td><td style=\"color: #000000; background-color: #FFFFFF;\"><\/td><td style=\"color: #000000; background-color: #FFFFFF;\"><\/td><td style=\"color: #000000; background-color: #FFFFFF;\"><\/td><td style=\"color: #000000; background-color: #FFFFFF;\"><\/td><td style=\"color: #000000; background-color: #FFFFFF;\"><\/td><td style=\"color: #000000; background-color: #FFFFFF;\"><\/td><td style=\"color: #000000; background-color: #FFFFFF;\"><\/td><td style=\"color: #000000; background-color: #FFFFFF;\"><\/td><\/tr><tr><td style=\"color: #000000; background-color: #FFFFFF;\"><\/td><td style=\"color: #000000; background-color: #FFFFFF;\"><\/td><td style=\"color: #000000; background-color: #FFFFFF;\">* As emendas acima encontram-se vigentes e em execu\u00e7\u00e3o.<\/td><td style=\"color: #000000; background-color: #FFFFFF;\"><\/td><td style=\"color: #000000; background-color: #FFFFFF;\"><\/td><td style=\"color: #000000; background-color: #FFFFFF;\"><\/td><td style=\"color: #000000; background-color: #FFFFFF;\"><\/td><td style=\"color: #000000; background-color: #FFFFFF;\"><\/td><td style=\"color: #000000; background-color: #FFFFFF;\"><\/td><td style=\"color: #000000; background-color: #FFFFFF;\"><\/td><td style=\"color: #000000; background-color: #FFFFFF;\"><\/td><td style=\"color: #000000; background-color: #FFFFFF;\"><\/td><td style=\"color: #000000; background-color: #FFFFFF;\"><\/td><td style=\"color: #000000; background-color: #FFFFFF;\"><\/td><td style=\"color: #000000; background-color: #FFFFFF;\"><\/td><td style=\"color: #000000; background-color: #FFFFFF;\"><\/td><td style=\"color: #000000; background-color: #FFFFFF;\"><\/td><td style=\"color: #000000; background-color: #FFFFFF;\"><\/td><td style=\"color: #000000; background-color: #FFFFFF;\"><\/td><td style=\"color: #000000; background-color: #FFFFFF;\"><\/td><td style=\"color: #000000; background-color: #FFFFFF;\"><\/td><td style=\"color: #000000; background-color: #FFFFFF;\"><\/td><td style=\"color: #000000; background-color: #FFFFFF;\"><\/td><td style=\"color: #000000; background-color: #FFFFFF;\"><\/td><\/tr><\/tbody><\/table><div class=\"wp-block-file\"><a href=\"https:\/\/goias.gov.br\/social\/wp-content\/uploads\/sites\/24\/2025\/10\/Planilha-Convenios-Repasse.xlsx\">Planilha-Convenios-Repasse.xlsx&nbsp; <span class=\"wp-block-file__button wp-element-button\">Baixar<\/span><\/a><\/div>\n\n\n\n<p><strong>Secretaria de Estado de Desenvolvimento Social &#8211; Governo de Goi\u00e1s <\/strong><\/p>\n","protected":false},"excerpt":{"rendered":"<p>Ger\u00eancia de Gest\u00e3o de Parcerias e Contrata\u00e7\u00f5esIlton Fernandes da Mota\u00a0Pra\u00e7a Doutor Pedro Ludovico Teixeira, 332, bloco D, 1\u00ba andar &#8211; Setor Central, Goi\u00e2nia-GO &#8211; CEP: 74003-010\u00a0Tel.: 55 (62) 3201-8160E-mail:\u00a0ggpc.seds@goias.gov.brUnidade SEI: 14444 Secretaria de Estado de Desenvolvimento Social &#8211; Governo de Goi\u00e1s<\/p>\n","protected":false},"author":273,"featured_media":0,"comment_status":"closed","ping_status":"open","sticky":false,"template":"","format":"standard","meta":{"footnotes":""},"categories":[83],"tags":[],"class_list":["post-6027","post","type-post","status-publish","format-standard","hentry","category-convenios-e-transferencias"],"rttpg_featured_image_url":null,"rttpg_author":{"display_name":"renanrigo","author_link":"https:\/\/goias.gov.br\/social\/author\/renanrigo\/"},"rttpg_comment":0,"rttpg_category":"<a href=\"https:\/\/goias.gov.br\/social\/categoria\/convenios-e-transferencias\/\" rel=\"category tag\">Conv\u00eanios e Transfer\u00eancias<\/a>","rttpg_excerpt":"Ger\u00eancia de Gest\u00e3o de Parcerias e Contrata\u00e7\u00f5esIlton Fernandes da Mota\u00a0Pra\u00e7a Doutor Pedro Ludovico Teixeira, 332, bloco D, 1\u00ba andar &#8211; Setor Central, Goi\u00e2nia-GO &#8211; CEP: 74003-010\u00a0Tel.: 55 (62) 3201-8160E-mail:\u00a0ggpc.seds@goias.gov.brUnidade SEI: 14444 Secretaria de Estado de Desenvolvimento Social &#8211; Governo de Goi\u00e1s","_links":{"self":[{"href":"https:\/\/goias.gov.br\/social\/wp-json\/wp\/v2\/posts\/6027","targetHints":{"allow":["GET"]}}],"collection":[{"href":"https:\/\/goias.gov.br\/social\/wp-json\/wp\/v2\/posts"}],"about":[{"href":"https:\/\/goias.gov.br\/social\/wp-json\/wp\/v2\/types\/post"}],"author":[{"embeddable":true,"href":"https:\/\/goias.gov.br\/social\/wp-json\/wp\/v2\/users\/273"}],"replies":[{"embeddable":true,"href":"https:\/\/goias.gov.br\/social\/wp-json\/wp\/v2\/comments?post=6027"}],"version-history":[{"count":2,"href":"https:\/\/goias.gov.br\/social\/wp-json\/wp\/v2\/posts\/6027\/revisions"}],"predecessor-version":[{"id":89465,"href":"https:\/\/goias.gov.br\/social\/wp-json\/wp\/v2\/posts\/6027\/revisions\/89465"}],"wp:attachment":[{"href":"https:\/\/goias.gov.br\/social\/wp-json\/wp\/v2\/media?parent=6027"}],"wp:term":[{"taxonomy":"category","embeddable":true,"href":"https:\/\/goias.gov.br\/social\/wp-json\/wp\/v2\/categories?post=6027"},{"taxonomy":"post_tag","embeddable":true,"href":"https:\/\/goias.gov.br\/social\/wp-json\/wp\/v2\/tags?post=6027"}],"curies":[{"name":"wp","href":"https:\/\/api.w.org\/{rel}","templated":true}]}}