

{"id":5850,"date":"2023-04-20T14:09:58","date_gmt":"2023-04-20T17:09:58","guid":{"rendered":"https:\/\/siteshom.goias.gov.br\/social\/iii-conselho-estadual-de-assistencia-social\/"},"modified":"2026-04-17T08:56:38","modified_gmt":"2026-04-17T11:56:38","slug":"iii-conselho-estadual-de-assistencia-social","status":"publish","type":"post","link":"https:\/\/goias.gov.br\/social\/iii-conselho-estadual-de-assistencia-social\/","title":{"rendered":"Conselho Estadual de Assist\u00eancia Social"},"content":{"rendered":"<p>O Conselho Estadual de Assist\u00eancia Social \u2013 CEAS, criado pela <a href=\"https:\/\/legisla.casacivil.go.gov.br\/pesquisa_legislacao\/82677\/lei-12729\" target=\"_blank\" rel=\"noopener\">Lei estadual n\u00ba 12.729, de 21 de novembro de 1995<\/a>, alterada pela <a href=\"https:\/\/legisla.casacivil.go.gov.br\/pesquisa_legislacao\/90299\/lei-18185\" target=\"_blank\" rel=\"noopener\">Lei n\u00ba 18.185, de 01 de outubro de 2013<\/a>,\u00a0 \u00e9 um \u00f3rg\u00e3o superior permanente de composi\u00e7\u00e3o parit\u00e1ria, integrado por representantes do governo e da sociedade civil. Possui car\u00e1ter consultivo, deliberativo e fiscalizador da Pol\u00edtica de Assist\u00eancia Social e est\u00e1 vinculado \u00e0 Secretaria de Estado de Desenvolvimento Social, respons\u00e1vel pela coordena\u00e7\u00e3o e execu\u00e7\u00e3o da Pol\u00edtica estadual de Assist\u00eancia Social, em Goi\u00e1s.<\/p>\n<p>O <strong>Regimento Interno<\/strong> do CEAS pode-se acessar <a id=\"\" title=\"\" href=\"http:\/\/goias.gov.br\/social\/wp-content\/uploads\/sites\/24\/2023\/04\/Regimento_Interno_CEAS_2015_PUBLICADO_I-1c2.pdf\" target=\"\" rel=\"noopener\">clicando aqui<\/a>. Foi aprovado na gest\u00e3o CEAS-GO 2012-2015.<\/p>\n<p><strong>Endere\u00e7o:<\/strong> Unidade de Integra\u00e7\u00e3o e Refer\u00eancia Social Maria Xavier Caiado &#8211; Av. Anhanguera, n\u00ba 3463 &#8211; Setor Leste Universit\u00e1rio &#8211; Goi\u00e2nia &#8211; GO,\u00a0 CEP: 74.610-010<br \/><strong>Telefones:<\/strong> (62) 98104-3228 \/ (62) 98104-2092<br \/><strong>E-mails:<\/strong> ceas.go@gmail.com\u00a0 \/\u00a0 ceas@goias.gov.br<br \/><strong>Hor\u00e1rio de Atendimento:<\/strong> 08:00 \u00e0s 12:00 &#8211; 13:00 \u00e0s 17:00.<\/p>\n<p><strong>Mesa Diretora:<\/strong><br \/>Presidente: Marta Cezaria de Oliveira (bi\u00eanio 2026-2027) Sociedade Civil\u00a0<br \/>Vice-presidente: Magna Regina Domingues Ferreira (bi\u00eanio 2026-2027) Governamental<\/p>\n<p><strong>Legisla\u00e7\u00e3o:<\/strong><br \/><a href=\"https:\/\/legisla.casacivil.go.gov.br\/pesquisa_legislacao\/90299\/lei-18185\">LEI N\u00ba 18.185, DE 1\u00ba DE OUTUBRO DE 2013<\/a> &#8211; Disp\u00f5e sobre o Conselho Estadual de Assist\u00eancia Social<br \/><a id=\"anchor62992086\" class=\"infraArvoreNo\" href=\"https:\/\/legisla.casacivil.go.gov.br\/pesquisa_legislacao\/95806\/lei-19017\" target=\"ifrVisualizacao\" rel=\"noopener\"><span id=\"span62992086\" class=\"infraArvoreNoSelecionado\">Lei 19.017 de 22\/09\/2015<\/span><\/a> &#8211; Disp\u00f5e sobre a Pol\u00edtica de Assist\u00eancia Social do Estado de Goi\u00e1s, implanta o Sistema \u00danico de Assist\u00eancia Social no Estado de Goi\u00e1s<br \/><a href=\"https:\/\/goias.gov.br\/social\/wp-content\/uploads\/sites\/24\/2023\/04\/Resolucoes_2024.pdf\">Resolu\u00e7\u00f5es 1 a 7 de 2024<\/a><\/p>\n<p><strong>Entidades\/Organiza\u00e7\u00f5es eleitas para composi\u00e7\u00e3o do bi\u00eanio 2025\/2027\u00a0<br \/><\/strong>Clique <a href=\"https:\/\/goias.gov.br\/social\/wp-content\/uploads\/sites\/24\/2025\/11\/ENTIDADES_ELEITAS_CEAS_BIENIO_2025___2027.pdf\" target=\"_blank\" rel=\"noopener\">AQUI<\/a> para conferir o documento\u00a0<strong><br \/><\/strong><\/p>\n<p><strong>Cronograma de reuni\u00f5es de 2025<br \/><\/strong>&#8211; <a href=\"https:\/\/goias.gov.br\/social\/wp-content\/uploads\/sites\/24\/2025\/09\/CALENDARIO-2025.pdf\" target=\"_blank\" rel=\"noopener\">Calend\u00e1rio 2025<\/a><\/p>\n<p><strong>Atas de reuni\u00f5es 2026<\/strong><\/p>\n<p><a href=\"https:\/\/goias.gov.br\/social\/wp-content\/uploads\/sites\/24\/2026\/04\/REUNIAO-EXTRAORDINARIA-DEZEMBRO-ED.pdf\" target=\"_blank\" rel=\"noopener\">&#8211; Ata &#8211; 12\/02\/2026\u00a0<\/a><\/p>\n<p><strong>Atas de reuni\u00f5es de 2025\u00a0<br \/>&#8211; <a href=\"https:\/\/goias.gov.br\/social\/wp-content\/uploads\/sites\/24\/2025\/09\/20-de-fevereiro.pdf\" target=\"_blank\" rel=\"noopener\">Ata &#8211; 20\/02\/2025<\/a><br \/>&#8211; <a href=\"https:\/\/goias.gov.br\/social\/wp-content\/uploads\/sites\/24\/2025\/09\/28-de-marco.pdf\" target=\"_blank\" rel=\"noopener\">Ata &#8211; 28\/03\/2025<\/a><br \/>&#8211; <a href=\"https:\/\/goias.gov.br\/social\/wp-content\/uploads\/sites\/24\/2025\/09\/24-de-abril.pdf\" target=\"_blank\" rel=\"noopener\">Ata &#8211; 24\/04\/2025<\/a><br \/>&#8211; <a href=\"https:\/\/goias.gov.br\/social\/wp-content\/uploads\/sites\/24\/2025\/09\/15-de-maio.pdf\" target=\"_blank\" rel=\"noopener\">Ata &#8211; 15\/05\/2025<\/a><br \/>&#8211; <a href=\"https:\/\/goias.gov.br\/social\/wp-content\/uploads\/sites\/24\/2025\/09\/12-de-junho.pdf\" target=\"_blank\" rel=\"noopener\">Ata &#8211; 12\/06\/2025<\/a><br \/>&#8211; <a href=\"https:\/\/goias.gov.br\/social\/wp-content\/uploads\/sites\/24\/2025\/09\/17-de-julho.pdf\" target=\"_blank\" rel=\"noopener\">Ata &#8211; 17\/07\/2025<\/a><br \/>&#8211; <a href=\"https:\/\/goias.gov.br\/social\/wp-content\/uploads\/sites\/24\/2025\/09\/21-de-agosto.pdf\" target=\"_blank\" rel=\"noopener\">Ata &#8211; 21\/08\/2025<\/a><\/strong><\/p>\n<p><strong>Convoca\u00e7\u00f5es:<\/strong><br \/><a href=\"https:\/\/goias.gov.br\/social\/wp-content\/uploads\/sites\/24\/2023\/04\/Convocacoes_Reunioes_2024.pdf\">Convoca\u00e7\u00f5es Reuni\u00f5es 2024<\/a><\/p>\n<p><strong>Atas:<\/strong><br \/><a href=\"https:\/\/goias.gov.br\/social\/wp-content\/uploads\/sites\/24\/2023\/04\/ATAS_2024_EXTRAORDINARIA.pdf\">Atas Reuni\u00f5es 2024<\/a><\/p>\n<p><strong>Resolu\u00e7\u00f5es<\/strong><\/p>\n<table class=\"planilhaview\" style=\"width: 100%; height: 462px;\">\n<tbody>\n<tr style=\"height: 46px;\">\n<td style=\"height: 46px;\">Resolu\u00e7\u00e3o<\/td>\n<td style=\"height: 46px;\">10<\/td>\n<td style=\"height: 46px;\">2022<\/td>\n<td style=\"height: 46px;\"><a href=\"https:\/\/goias.gov.br\/social\/wp-content\/uploads\/sites\/24\/2024\/08\/Res._10___Prorroga_o_PAAR_SUAS_2022.pdf\">Prorroga o prazo de vig\u00eancia do Plano de A\u00e7\u00e3o e Aplica\u00e7\u00e3o dos recursos federais alocados no Fundo Estadual de Assist\u00eancia Social\/FEAS<\/a><\/td>\n<\/tr>\n<tr style=\"height: 93px;\">\n<td style=\"height: 93px;\">Resolu\u00e7\u00e3o<\/td>\n<td style=\"height: 93px;\">9<\/td>\n<td style=\"height: 93px;\">2022<\/td>\n<td style=\"height: 93px;\"><a href=\"https:\/\/goias.gov.br\/social\/wp-content\/uploads\/sites\/24\/2024\/08\/resolucao_2022_n09.pdf\">Aprova a Instru\u00e7\u00e3o Normativa n\u00ba 002, em substitui\u00e7\u00e3o \u00e0 Instru\u00e7\u00e3o Normativa n\u00ba 001 de 14 de setembro de 2017, que disp\u00f5e sobre os procedimentos de ades\u00e3o, utiliza\u00e7\u00e3o e presta\u00e7\u00e3o de contas do recurso financeiro proveniente do Fundo Estadual de assist\u00eancia Social \u2013 FEAS.<\/a><\/td>\n<\/tr>\n<tr style=\"height: 46px;\">\n<td style=\"height: 46px;\">Resolu\u00e7\u00e3o<\/td>\n<td style=\"height: 46px;\">8<\/td>\n<td style=\"height: 46px;\">2022<\/td>\n<td style=\"height: 46px;\"><a href=\"https:\/\/goias.gov.br\/social\/wp-content\/uploads\/sites\/24\/2024\/08\/Res._1__Prorrogacao_do_Plano_de_Acao_e__Aplicacao_2021.pdf\">Prorroga o prazo de vig\u00eancia do Plano de A\u00e7\u00e3o e Aplica\u00e7\u00e3o dos recursos federais alocados no Fundo Estadual de Assist\u00eancia Social\/FEAS.<\/a><\/td>\n<\/tr>\n<tr style=\"height: 46px;\">\n<td style=\"height: 46px;\">Resolu\u00e7\u00e3o<\/td>\n<td style=\"height: 46px;\">7<\/td>\n<td style=\"height: 46px;\">2022<\/td>\n<td style=\"height: 46px;\"><a href=\"https:\/\/goias.gov.br\/social\/wp-content\/uploads\/sites\/24\/2024\/08\/Res._7__Aprova_o_Calendario_de_Reunioes_do_CEAS_para__2023.pdf\">Aprova o Calend\u00e1rio de Reuni\u00f5es do Conselho Estadual de Assist\u00eancia Social \u2013 CEAS para o exerc\u00edcio de 2023.<\/a><\/td>\n<\/tr>\n<tr style=\"height: 70px;\">\n<td style=\"height: 70px;\">Resolu\u00e7\u00e3o<\/td>\n<td style=\"height: 70px;\">6<\/td>\n<td style=\"height: 70px;\">2022<\/td>\n<td style=\"height: 70px;\"><a href=\"https:\/\/goias.gov.br\/social\/wp-content\/uploads\/sites\/24\/2024\/08\/Res._6__Aprova_Nota_Tecnica_que_institui_parametros_para_inscricao_de_entidades___Mundo_do_Trabalho.pdf\">Aprova Nota T\u00e9cnica que institui par\u00e2metros para inscri\u00e7\u00e3o de organiza\u00e7\u00f5es de assist\u00eancia social\/ou programas de promo\u00e7\u00e3o e integra\u00e7\u00e3o ao mundo do trabalho, nos Conselhos Municipais de Assist\u00eancia Social\/CMAS.<\/a><\/td>\n<\/tr>\n<tr style=\"height: 46px;\">\n<td style=\"height: 46px;\">Resolu\u00e7\u00e3o<\/td>\n<td style=\"height: 46px;\">4<\/td>\n<td style=\"height: 46px;\">2022<\/td>\n<td style=\"height: 46px;\"><a href=\"https:\/\/goias.gov.br\/social\/wp-content\/uploads\/sites\/24\/2024\/08\/SEI_202210319001013.pdf\">Aprova o Plano de A\u00e7\u00e3o e Aplica\u00e7\u00e3o de Recursos \u2013 SUAS \u2013 2022 com recursos federais alocados no Fundo Estadual de Assist\u00eancia Social\/FEAS.<\/a><\/td>\n<\/tr>\n<tr style=\"height: 46px;\">\n<td style=\"height: 46px;\">Resolu\u00e7\u00e3o<\/td>\n<td style=\"height: 46px;\">3<\/td>\n<td style=\"height: 46px;\">2022<\/td>\n<td style=\"height: 46px;\"><a href=\"https:\/\/goias.gov.br\/social\/wp-content\/uploads\/sites\/24\/2024\/08\/Res._3__Prorrogacao_do_Plano_de_Acao_e__Aplicacao_2021.pdf\">Prorroga o prazo de vig\u00eancia do Plano de A\u00e7\u00e3o e Aplica\u00e7\u00e3o dos recursos federais alocados no Fundo Estadual de Assist\u00eancia Social\/FEAS.<\/a><\/td>\n<\/tr>\n<tr style=\"height: 46px;\">\n<td style=\"height: 46px;\">Resolu\u00e7\u00e3o<\/td>\n<td style=\"height: 46px;\">1<\/td>\n<td style=\"height: 46px;\">2022<\/td>\n<td style=\"height: 46px;\"><a href=\"https:\/\/goias.gov.br\/social\/wp-content\/uploads\/sites\/24\/2024\/08\/resolucao_2023_n01.pdf\">Define a Comiss\u00e3o Organizadora da XIV Confer\u00eancia de Assist\u00eancia Social do Estado de Goi\u00e1s.<\/a><\/td>\n<\/tr>\n<tr style=\"height: 23px;\">\n<td style=\"height: 23px;\" colspan=\"4\"><a href=\"https:\/\/goias.gov.br\/social\/wp-content\/uploads\/sites\/24\/2024\/08\/RESOLUCOES_CEAS_01_A_12_2024.pdf\" target=\"_blank\" rel=\"noopener\">Resolu\u00e7\u00f5es 1 a 12\/2024<\/a><\/td>\n<\/tr>\n<\/tbody>\n<\/table>\n<p><strong>Informa\u00e7\u00f5es Confer\u00eancias 2025:<\/strong><\/p>\n<ul>\n<li><a href=\"https:\/\/goias.gov.br\/social\/wp-content\/uploads\/sites\/24\/2025\/05\/INFORMATIVO-CEAS-001-2025.pdf\" target=\"_blank\" rel=\"noopener\">Informativo CEAS<\/a>\u00a0<\/li>\n<li><a href=\"https:\/\/goias.gov.br\/social\/wp-content\/uploads\/sites\/24\/2025\/05\/ANEXO-I-_-MODELO-PORTARIA-CONJUNTA.pdf\" target=\"_blank\" rel=\"noopener\">Anexo 1 &#8211; Modelo Portaria Conjunta<\/a>\u00a0\u00a0<\/li>\n<li><a href=\"https:\/\/goias.gov.br\/social\/wp-content\/uploads\/sites\/24\/2025\/05\/ANEXO-II_MINUTA-REGIMENTO-CONFERENCIA-1.pdf\" target=\"_blank\" rel=\"noopener\">Anexo 2 Minuta Regimento Confer\u00eancia<\/a>\u00a0<\/li>\n<li><a href=\"https:\/\/goias.gov.br\/social\/wp-content\/uploads\/sites\/24\/2025\/05\/ANEXO-III_NOTA-TEC_-FNAS_No17_UTILIZ_RECURSOS.pdf\" target=\"_blank\" rel=\"noopener\">Anexo 3 Nota T\u00e9cnica Fnas N\u00ba 17<\/a><\/li>\n<li><a href=\"https:\/\/goias.gov.br\/social\/wp-content\/uploads\/sites\/24\/2025\/05\/ANEXO-IV_-Resol-CNAS-No-187-RESERVAS-DE-COTAS.pdf\" target=\"_blank\" rel=\"noopener\">Anexo 4 Resolu\u00e7\u00e3o Cnas N\u00ba 187 &#8211; Reservas de Cotas<\/a><\/li>\n<li><a href=\"https:\/\/goias.gov.br\/social\/wp-content\/uploads\/sites\/24\/2025\/05\/ANEXO-V_-RESOL_No06_2015_-PART_TRAB_CONT_SOC.pdf\" target=\"_blank\" rel=\"noopener\">Anexo 5 Resolu\u00e7\u00e3o N\u00ba 6\/2015<\/a>\u00a0<\/li>\n<li><a href=\"https:\/\/goias.gov.br\/social\/wp-content\/uploads\/sites\/24\/2025\/05\/ANEXO-V_-RESOL_No133_-PART_TRAB_CONT_SOC.pdf\" target=\"_blank\" rel=\"noopener\">Anexo 5 Resolu\u00e7\u00e3o N\u00ba 133<\/a><\/li>\n<li><a href=\"https:\/\/goias.gov.br\/social\/wp-content\/uploads\/sites\/24\/2025\/05\/ANEXO-VI_FICHA-IDENTIFICACAO-DELEGADO.pdf\" target=\"_blank\" rel=\"noopener\">Anexo 6 Ficha de Identifica\u00e7\u00e3o Delegado<\/a><\/li>\n<li><a href=\"https:\/\/goias.gov.br\/social\/wp-content\/uploads\/sites\/24\/2025\/05\/ANEXO-VII_FICHA-IDENTIFICACAO-DELEGADO_2025.pdf\" target=\"_blank\" rel=\"noopener\">Anexo 7 Ficha de Identifica\u00e7\u00e3o Delegado 2025<\/a><\/li>\n<li><a href=\"https:\/\/goias.gov.br\/social\/wp-content\/uploads\/sites\/24\/2025\/05\/Porte_Populacional_SUAS-2025-1.pdf\" target=\"_blank\" rel=\"noopener\">Porte Populacional Suas 2025<\/a>\u00a0\u00a0<\/li>\n<li><a href=\"https:\/\/www.blogcnas.com\/14%C2%AA-confer%C3%AAncia-nacional-de-as\" target=\"_blank\" rel=\"noopener\">Acesso ao Blog do Cnas com os Informativos Nacionais<\/a><\/li>\n<li><a href=\"https:\/\/drive.google.com\/drive\/folders\/1DlX8fjLnLKKDlSFsuqtIQ6IddGMo5kHo\" target=\"_blank\" rel=\"noopener\">Logomarca 14\u00ba Confer\u00eancia Nacional de Assist\u00eancia Social\u00a0<\/a><\/li>\n<\/ul>\n\n\n<p><\/p>\n","protected":false},"excerpt":{"rendered":"<p>O Conselho Estadual de Assist\u00eancia Social \u2013 CEAS, criado pela Lei estadual n\u00ba 12.729, de 21 de novembro de 1995, alterada pela Lei n\u00ba 18.185, de 01 de outubro de 2013,\u00a0 \u00e9 um \u00f3rg\u00e3o superior permanente de composi\u00e7\u00e3o parit\u00e1ria, integrado por representantes do governo e da sociedade civil. Possui car\u00e1ter consultivo, deliberativo e fiscalizador da [&hellip;]<\/p>\n","protected":false},"author":265,"featured_media":0,"comment_status":"closed","ping_status":"open","sticky":false,"template":"","format":"standard","meta":{"footnotes":""},"categories":[56],"tags":[],"class_list":["post-5850","post","type-post","status-publish","format-standard","hentry","category-orgaos-colegiados"],"rttpg_featured_image_url":null,"rttpg_author":{"display_name":"aniceliboechat","author_link":"https:\/\/goias.gov.br\/social\/author\/aniceliboechat\/"},"rttpg_comment":0,"rttpg_category":"<a href=\"https:\/\/goias.gov.br\/social\/categoria\/orgaos-colegiados\/\" rel=\"category tag\">\u00d3rg\u00e3os Colegiados<\/a>","rttpg_excerpt":"O Conselho Estadual de Assist\u00eancia Social \u2013 CEAS, criado pela Lei estadual n\u00ba 12.729, de 21 de novembro de 1995, alterada pela Lei n\u00ba 18.185, de 01 de outubro de 2013,\u00a0 \u00e9 um \u00f3rg\u00e3o superior permanente de composi\u00e7\u00e3o parit\u00e1ria, integrado por representantes do governo e da sociedade civil. Possui car\u00e1ter consultivo, deliberativo e fiscalizador da&hellip;","_links":{"self":[{"href":"https:\/\/goias.gov.br\/social\/wp-json\/wp\/v2\/posts\/5850","targetHints":{"allow":["GET"]}}],"collection":[{"href":"https:\/\/goias.gov.br\/social\/wp-json\/wp\/v2\/posts"}],"about":[{"href":"https:\/\/goias.gov.br\/social\/wp-json\/wp\/v2\/types\/post"}],"author":[{"embeddable":true,"href":"https:\/\/goias.gov.br\/social\/wp-json\/wp\/v2\/users\/265"}],"replies":[{"embeddable":true,"href":"https:\/\/goias.gov.br\/social\/wp-json\/wp\/v2\/comments?post=5850"}],"version-history":[{"count":2,"href":"https:\/\/goias.gov.br\/social\/wp-json\/wp\/v2\/posts\/5850\/revisions"}],"predecessor-version":[{"id":105873,"href":"https:\/\/goias.gov.br\/social\/wp-json\/wp\/v2\/posts\/5850\/revisions\/105873"}],"wp:attachment":[{"href":"https:\/\/goias.gov.br\/social\/wp-json\/wp\/v2\/media?parent=5850"}],"wp:term":[{"taxonomy":"category","embeddable":true,"href":"https:\/\/goias.gov.br\/social\/wp-json\/wp\/v2\/categories?post=5850"},{"taxonomy":"post_tag","embeddable":true,"href":"https:\/\/goias.gov.br\/social\/wp-json\/wp\/v2\/tags?post=5850"}],"curies":[{"name":"wp","href":"https:\/\/api.w.org\/{rel}","templated":true}]}}