

{"id":5813,"date":"2023-03-20T16:21:42","date_gmt":"2023-03-20T19:21:42","guid":{"rendered":"https:\/\/siteshom.goias.gov.br\/social\/superintendencia-da-igualdade-racial\/"},"modified":"2026-04-14T16:01:22","modified_gmt":"2026-04-14T19:01:22","slug":"superintendencia-da-igualdade-racial","status":"publish","type":"post","link":"https:\/\/goias.gov.br\/social\/superintendencia-da-igualdade-racial\/","title":{"rendered":"Superintend\u00eancia da Igualdade Racial"},"content":{"rendered":"<h3><strong>Legisla\u00e7\u00e3o<\/strong><\/h3>\n<p>&#8230;<\/p>\n<h3><strong>Principais Atividades<\/strong><\/h3>\n<p>Programa Goi\u00e1s sem Racismo &#8211; Tem como objetivo combater a viol\u00eancia, o preconceito e a discrimina\u00e7\u00e3o racial nas esferas estadual. Para isso, promove a forma\u00e7\u00e3o e capacita\u00e7\u00e3o de servidores estaduais e municipais no enfrentamento do racismo institucional. A meta \u00e9 alcan\u00e7ar dois mil servidores nos 246 munic\u00edpios goianos com as capacita\u00e7\u00f5es e, depois, replicar os conhecimentos adquiridos para os demais trabalhadores do poder p\u00fablico, al\u00e9m de alunos da rede p\u00fablica de ensino e da sociedade civil, por meio de material educativo.<\/p>\n<p>Centro de Refer\u00eancia Estadual da Igualdade (Crei) &#8211; O Centro de Refer\u00eancia Estadual da Igualdade (Crei) atua no enfrentamento de viol\u00eancia de g\u00eanero, racismo, combate a homofobia e tr\u00e1fico de pessoas. Faz atendimentos psicossocial e jur\u00eddico, presencial e on-line, por meio de uma equipe multidisciplinar, formada por psic\u00f3loga, advogada e assistente social. Desde a sua cria\u00e7\u00e3o, em 2019, realizou 1.733 atendimentos.<\/p>\n<p>Cria\u00e7\u00e3o do Conselho Estadual de Direitos Humanos, Igualdade Racial e Combate ao Preconceito, buscando acompanhar e propor novas a\u00e7\u00f5es que possibilitem um cen\u00e1rio mais igualit\u00e1rio.<\/p>\n<p>Campanhas para sensibiliza\u00e7\u00e3o e promo\u00e7\u00e3o de mudan\u00e7a cultural, com inser\u00e7\u00e3o do tema de g\u00eanero em forma\u00e7\u00f5es como \u201cGoi\u00e1s sem Racismo\u201d e \u201cGoi\u00e1s pela Diversidade\u201d<strong>.<\/strong><\/p>\n<h3><strong>Regulamento<\/strong><\/h3>\n<p>Esta superintend\u00eancia \u00e9 respons\u00e1vel pela organiza\u00e7\u00e3o, coordena\u00e7\u00e3o e supervis\u00e3o t\u00e9cnica das seguintes ger\u00eancias:<\/p>\n<p>I &#8211;\u00a0Ger\u00eancia de Pol\u00edticas para Quilombolas, Povos e Comunidades Tradicionais de Matriz Africana, Povos de Terreiros e Ciganos<br \/>\nII &#8211;\u00a0Ger\u00eancia de Pol\u00edticas de A\u00e7\u00f5es Afirmativas e Promo\u00e7\u00e3o da Igualdade Racial<br \/>\nIII\u00a0&#8211;\u00a0Ger\u00eancia de Articula\u00e7\u00e3o e Promo\u00e7\u00e3o de Direitos Ind\u00edgenas<\/p>\n<p>A estrutura completa da Superintend\u00eancia da Igualdade Racial, bem como suas compet\u00eancias, podem ser conferidas no Regulamento da Seds 2020 (<a href=\"https:\/\/legisla.casacivil.go.gov.br\/pesquisa_legislacao\/72513\/decreto-9599\">Decreto N\u00ba 9.599, de 21\/01\/2020<\/a>).<\/p>\n<h3>Unidades Administrativas<\/h3>\n<p><strong>Superintend\u00eancia da Igualdade Racial<\/strong><br \/>\n<em>Rosilene Oliveira Guimar\u00e3es<\/em><br \/>\nPra\u00e7a Doutor Pedro Ludovico Teixeira, 332, bloco B, 1\u00ba andar &#8211; Setor Central<br \/>\nGoi\u00e2nia-GO &#8211; CEP: 74003-010<br \/>\nHor\u00e1rio de Funcionamento: 8h \u00e0s 18h, de segunda \u00e0 sexta-feira<br \/>\nTel.: 55 (62) 98306-0324<br \/>\nE-mail:\u00a0<a href=\"mailto:supir.seds@goias.gov.br\">supir.seds@goias.gov.br<\/a><\/p>\n<p><strong>Ger\u00eancia de Pol\u00edticas para Quilombolas, Povos e Comunidades Tradicionais de Matriz Africana, Povos de Terreiros e Ciganos<\/strong><br \/>\n<em>Mauro Lopes Damasceno\u00a0<\/em><br \/>\nPra\u00e7a Doutor Pedro Ludovico Teixeira, 332, bloco B, 1\u00ba andar &#8211; Setor Central<br \/>\nGoi\u00e2nia-GO &#8211; CEP: 74003-010<br \/>\nHor\u00e1rio de Funcionamento: 8h \u00e0s 18h, de segunda \u00e0 sexta-feira<br \/>\nTel.: 55 (62) 98306-0324<br \/>\nE-mail: <a href=\"mailto:comtrad@goias.gov.br\">comtrad@goias.gov.br<\/a><\/p>\n<p><strong>Ger\u00eancia de Pol\u00edticas de A\u00e7\u00f5es Afirmativas e Promo\u00e7\u00e3o da Igualdade Racial<\/strong><br \/>\n<em>Fernando Pereira Lobato <\/em><br \/>\nPra\u00e7a Doutor Pedro Ludovico Teixeira, 332, bloco B, 1\u00ba andar &#8211; Setor Central<br \/>\nGoi\u00e2nia-GO &#8211; CEP: 74003-010<br \/>\nHor\u00e1rio de Funcionamento: 8h \u00e0s 18h, de segunda \u00e0 sexta-feira<br \/>\nTel.: 55 (62) 98306-0324<br \/>\nE-mail: <a href=\"mailto:direitosindigenas.seds@goias.gov.br\">igualdaderacial@goias.gov.br<\/a><\/p>\n<p><strong>Ger\u00eancia de Articula\u00e7\u00e3o e Promo\u00e7\u00e3o de Direitos Ind\u00edgenas<\/strong><br \/>\n<em>Sinvaldo Wahuka Oliveira Saraiva<\/em><br \/>\nPra\u00e7a Doutor Pedro Ludovico Teixeira, 332, bloco B, 1\u00ba andar &#8211; Setor Central<br \/>\nGoi\u00e2nia-GO &#8211; CEP: 74003-010<br \/>\nHor\u00e1rio de Funcionamento: 8h \u00e0s 18h, de segunda \u00e0 sexta-feira<br \/>\nTel.: 55 (62) 98306-0324<br \/>\nE-mail: <a href=\"mailto:direitosindigenas.seds@goias.gov.br\">direitosindigenas.seds@goias.gov.br<\/a><\/p>\n<p><strong>Secretaria de Estado de Desenvolvimento Social &#8211; Governo de Goi\u00e1s<\/strong><\/p>\n","protected":false},"excerpt":{"rendered":"<p>Legisla\u00e7\u00e3o &#8230; Principais Atividades Programa Goi\u00e1s sem Racismo &#8211; Tem como objetivo combater a viol\u00eancia, o preconceito e a discrimina\u00e7\u00e3o racial nas esferas estadual. Para isso, promove a forma\u00e7\u00e3o e capacita\u00e7\u00e3o de servidores estaduais e municipais no enfrentamento do racismo institucional. A meta \u00e9 alcan\u00e7ar dois mil servidores nos 246 munic\u00edpios goianos com as capacita\u00e7\u00f5es [&hellip;]<\/p>\n","protected":false},"author":2,"featured_media":0,"comment_status":"closed","ping_status":"open","sticky":false,"template":"","format":"standard","meta":{"footnotes":""},"categories":[54],"tags":[],"class_list":["post-5813","post","type-post","status-publish","format-standard","hentry","category-institucional"],"rttpg_featured_image_url":null,"rttpg_author":{"display_name":"rogerioduarte","author_link":"https:\/\/goias.gov.br\/social\/author\/rogerioduarte\/"},"rttpg_comment":0,"rttpg_category":"<a href=\"https:\/\/goias.gov.br\/social\/categoria\/institucional\/\" rel=\"category tag\">Institucional<\/a>","rttpg_excerpt":"Legisla\u00e7\u00e3o &#8230; Principais Atividades Programa Goi\u00e1s sem Racismo &#8211; Tem como objetivo combater a viol\u00eancia, o preconceito e a discrimina\u00e7\u00e3o racial nas esferas estadual. Para isso, promove a forma\u00e7\u00e3o e capacita\u00e7\u00e3o de servidores estaduais e municipais no enfrentamento do racismo institucional. A meta \u00e9 alcan\u00e7ar dois mil servidores nos 246 munic\u00edpios goianos com as capacita\u00e7\u00f5es&hellip;","_links":{"self":[{"href":"https:\/\/goias.gov.br\/social\/wp-json\/wp\/v2\/posts\/5813","targetHints":{"allow":["GET"]}}],"collection":[{"href":"https:\/\/goias.gov.br\/social\/wp-json\/wp\/v2\/posts"}],"about":[{"href":"https:\/\/goias.gov.br\/social\/wp-json\/wp\/v2\/types\/post"}],"author":[{"embeddable":true,"href":"https:\/\/goias.gov.br\/social\/wp-json\/wp\/v2\/users\/2"}],"replies":[{"embeddable":true,"href":"https:\/\/goias.gov.br\/social\/wp-json\/wp\/v2\/comments?post=5813"}],"version-history":[{"count":2,"href":"https:\/\/goias.gov.br\/social\/wp-json\/wp\/v2\/posts\/5813\/revisions"}],"predecessor-version":[{"id":105744,"href":"https:\/\/goias.gov.br\/social\/wp-json\/wp\/v2\/posts\/5813\/revisions\/105744"}],"wp:attachment":[{"href":"https:\/\/goias.gov.br\/social\/wp-json\/wp\/v2\/media?parent=5813"}],"wp:term":[{"taxonomy":"category","embeddable":true,"href":"https:\/\/goias.gov.br\/social\/wp-json\/wp\/v2\/categories?post=5813"},{"taxonomy":"post_tag","embeddable":true,"href":"https:\/\/goias.gov.br\/social\/wp-json\/wp\/v2\/tags?post=5813"}],"curies":[{"name":"wp","href":"https:\/\/api.w.org\/{rel}","templated":true}]}}