

{"id":5357,"date":"2022-05-09T09:03:39","date_gmt":"2022-05-09T12:03:39","guid":{"rendered":"https:\/\/siteshom.goias.gov.br\/social\/vigilancia-socioassistencial\/"},"modified":"2025-12-09T09:14:02","modified_gmt":"2025-12-09T12:14:02","slug":"vigilancia-socioassistencial","status":"publish","type":"post","link":"https:\/\/goias.gov.br\/social\/vigilancia-socioassistencial\/","title":{"rendered":"Vigil\u00e2ncia Socioassistencial"},"content":{"rendered":"\n<p><strong>O que \u00e9 a Vigil\u00e2ncia Socioassistencial?<br><\/strong>A Vigil\u00e2ncia Socioassistencial \u00e9 uma fun\u00e7\u00e3o da pol\u00edtica de Assist\u00eancia Social voltada para a produ\u00e7\u00e3o, sistematiza\u00e7\u00e3o e an\u00e1lise de informa\u00e7\u00f5es sobre as caracter\u00edsticas e demandas da popula\u00e7\u00e3o em situa\u00e7\u00e3o de vulnerabilidade social. Sendo uma fun\u00e7\u00e3o estrat\u00e9gica, \u00e9 recomend\u00e1vel que seja formalizada como uma \u00e1rea espec\u00edfica, com profissionais qualificados e estrutura adequada para o desenvolvimento de suas atribui\u00e7\u00f5es.<\/p>\n\n\n\n<p><strong>Qual o objetivo da Vigil\u00e2ncia Socioassistencial?<br><\/strong>O objetivo \u00e9 apoiar a tomada de decis\u00f5es, o planejamento e a realiza\u00e7\u00e3o de servi\u00e7os, programas e benef\u00edcios assistenciais, com base em dados que permitam identificar riscos sociais, como pobreza, viol\u00eancia, exclus\u00e3o e viola\u00e7\u00f5es de direitos. Ela tamb\u00e9m monitora a oferta e qualidade dos servi\u00e7os prestados, garantindo que as a\u00e7\u00f5es sejam eficazes e atinjam quem mais necessita.<\/p>\n\n\n\n<p><strong>A qual \u00f3rg\u00e3o\/setor a Vigil\u00e2ncia Sociossistencial deve estar vinculada?<br><\/strong>A \u00e1rea de Vigil\u00e2ncia Socioassistencial deve estar vinculada \u00e0 Gest\u00e3o do Sistema \u00danico de Assist\u00eancia Social (Suas), especificamente nas Secretarias de Assist\u00eancia Social nos n\u00edveis municipal, estadual e federal. Isso garante que as informa\u00e7\u00f5es coletadas e analisadas sejam diretamente utilizadas para o planejamento, monitoramento e avalia\u00e7\u00e3o da pol\u00edtica p\u00fablica de Assist\u00eancia Social.<br><\/p>\n\n\n\n<p><strong>Quais profissionais devem compor a equipe da Vigil\u00e2ncia Socioassistencial?<br><\/strong>A equipe da Vigil\u00e2ncia Socioassistencial deve ser composta por profissionais com forma\u00e7\u00e3o e qualifica\u00e7\u00e3o nas diversas \u00e1reas previstas na Norma Operacional B\u00e1sica do Suas (NOB-RH\/Suas), para garantir uma atua\u00e7\u00e3o interdisciplinar e eficiente na coleta, an\u00e1lise e interpreta\u00e7\u00e3o de dados. Os principais trabalhadores que devem integrar essa equipe s\u00e3o: assistentes sociais, psic\u00f3logos, soci\u00f3logos e cientistas sociais, estat\u00edsticos, ge\u00f3grafos ou especialistas em geoprocessamento e t\u00e9cnicos de inform\u00e1tica ou especialistas em sistemas de informa\u00e7\u00e3o.<\/p>\n\n\n\n<p><strong>Quais passos para implanta\u00e7\u00e3o e implementa\u00e7\u00e3o da Vigil\u00e2ncia Socioassistencial?<\/strong><\/p>\n\n\n\n<p>A seguir apresentamos os passos necess\u00e1rios para implantar e implementar essa \u00e1rea:<\/p>\n\n\n\n<p>1. An\u00e1lise da Legisla\u00e7\u00e3o<\/p>\n\n\n\n<ul class=\"wp-block-list\">\n<li>Analisar a legisla\u00e7\u00e3o municipal (a Vigil\u00e2ncia Socioassistencial deve estar prevista na lei municipal de assist\u00eancia social para assegurar sua legitima\u00e7\u00e3o e funcionamento adequado)<\/li>\n\n\n\n<li>Identificar os artigos que abordam a vigil\u00e2ncia e verificar a conformidade com as diretrizes do Sistema \u00danico de Assist\u00eancia Social (Suas) e as normas t\u00e9cnicas pertinentes.<\/li>\n<\/ul>\n\n\n\n<p>2. Planejamento<\/p>\n\n\n\n<ul class=\"wp-block-list\">\n<li>Definir os objetivos da \u00e1rea\/setor<br><\/li>\n\n\n\n<li>Criar um plano de trabalho.<br><\/li>\n<\/ul>\n\n\n\n<p>3. Estrutura\u00e7\u00e3o<br>Contratar e capacitar os profissionais envolvidos.<br><\/p>\n\n\n\n<p>4. Implementa\u00e7\u00e3o das A\u00e7\u00f5es<\/p>\n\n\n\n<ul class=\"wp-block-list\">\n<li>Executar o plano de trabalho<br><\/li>\n\n\n\n<li>Realizar o registro e a documenta\u00e7\u00e3o das atividades realizadas.<\/li>\n<\/ul>\n\n\n\n<p><\/p>\n\n\n\n<ul class=\"wp-block-list\">\n<li>5. Avalia\u00e7\u00e3o e Ajustes<\/li>\n<\/ul>\n\n\n\n<p><\/p>\n\n\n\n<ul class=\"wp-block-list\">\n<li>Realizar avalia\u00e7\u00e3o cont\u00ednua das a\u00e7\u00f5es.<br><\/li>\n\n\n\n<li>Fazer os ajustes necess\u00e1rios com base no monitoramento.<br><\/li>\n<\/ul>\n\n\n\n<p>6. Transpar\u00eancia<\/p>\n\n\n\n<ul class=\"wp-block-list\">\n<li>Fomentar o controle social, garantindo que a comunidade esteja informada e engajada nas pol\u00edticas sociais<\/li>\n\n\n\n<li>Divulgar os resultados obtidos. <br><\/li>\n<\/ul>\n\n\n\n<p><strong>Qual recurso utilizado para estrutura\u00e7\u00e3o e manuten\u00e7\u00e3o da Vigil\u00e2ncia Socioassistencial e com o que ele pode ser gasto?<\/strong><\/p>\n\n\n\n<p>Para estrutura\u00e7\u00e3o e manuten\u00e7\u00e3o da \u00e1rea Vigil\u00e2ncia Socioassistencial o Secret\u00e1rio Municipal de Assist\u00eancia Social poder\u00e1 utilizar o recurso do \u00cdndice de Gest\u00e3o Descentralizada do Suas (IGD-Suas). O recurso pode ser gasto com aquisi\u00e7\u00e3o de mobili\u00e1rios, equipamentos de inform\u00e1tica, internet e ainda com despesas de custeio, como materiais de expediente, di\u00e1rias, dentre outras.<\/p>\n\n\n\n<p><strong>Onde buscar dados e informa\u00e7\u00f5es para a Vigil\u00e2ncia Socioassistencial?<\/strong><\/p>\n\n\n\n<p>Para que as a\u00e7\u00f5es de vigil\u00e2ncia sejam efetivas, \u00e9 essencial a coleta e an\u00e1lise de dados precisos e abrangentes. Nesse contexto, \u00e9 importante destacar diversas fontes de dados que podem ser utilizadas para fortalecer a Vigil\u00e2ncia Socioassistencial, abrangendo tanto informa\u00e7\u00f5es sobre a assist\u00eancia social quanto dados intersetoriais. Esses dados, provenientes de diferentes sistemas e institui\u00e7\u00f5es, contribuem para uma compreens\u00e3o mais ampla da realidade social e das condi\u00e7\u00f5es de vida da popula\u00e7\u00e3o atendida. A seguir, apresentamos as principais fontes de dados e informa\u00e7\u00f5es que podem ser utilizadas para essa finalidade:<\/p>\n\n\n\n<ul class=\"wp-block-list\">\n<li>Censo Suas<br><\/li>\n\n\n\n<li>Sistema de Autoriza\u00e7\u00e3o e Autentica\u00e7\u00e3o &#8211; SAA e todos os subsistemas a ele integrados como: SuasWeb, Cadastro Nacional do Suas &#8211; CadSuas, Registro Mensal de Atendimento &#8211; RMA, Sistema de Informa\u00e7\u00e3o do Servi\u00e7o de Conviv\u00eancia e Fortalecimento de V\u00ednculos &#8211; Sisc, Cadastro Nacional de Entidades de Assist\u00eancia Social &#8211; Cneas, dentre outros.<br><\/li>\n\n\n\n<li>Sistema de Condicionalidades (Sicon)<br><\/li>\n\n\n\n<li>Consulta, Sele\u00e7\u00e3o e Extra\u00e7\u00e3o de Informa\u00e7\u00f5es do Cadastro \u00danico (Cecad)<br><\/li>\n\n\n\n<li>Instituto Brasileiro de Geografia e Estat\u00edstica (IBGE)<br><\/li>\n\n\n\n<li>Sistema de Informa\u00e7\u00e3o de Agravos de Notifica\u00e7\u00e3o (Sinan\/DataSUS)<br><\/li>\n\n\n\n<li>Disque 100<br><\/li>\n\n\n\n<li>Pesquisa Nacional por Amostra de Domic\u00edlios (Pnad)<br><\/li>\n\n\n\n<li>Relat\u00f3rio de Informa\u00e7\u00f5es Sociais (RI)<br><\/li>\n\n\n\n<li>Observat\u00f3rio do Cadastro \u00danico<br><\/li>\n\n\n\n<li>Visualizador de Dados de Programas Sociais (Visdata)<br><\/li>\n\n\n\n<li>Mapa de Oportunidades e de Servi\u00e7os P\u00fablicos (Mops)<\/li>\n<\/ul>\n\n\n\n<p><strong>Mais informa\u00e7\u00f5es:<\/strong><\/p>\n\n\n\n<p><strong>Site: <\/strong>goias.gov.br\/social\/vigilancia-socioassistencial<strong><br><\/strong><strong>Telefones:<\/strong> (62) 3270-9637 ou (62) 98306-0164<\/p>\n\n\n\n<p><strong>E-mail: <\/strong>vigilanciasocial.seds@goias.gov.br<br><strong>Endere\u00e7o: <\/strong>Seds &#8211;<strong> <\/strong>Pra\u00e7a Dr. Pedro Ludovico Teixeira, n\u00ba 332, Blocos C, 2\u00ba Andar \u2013 Centro, Goi\u00e2nia \/ GO. CEP: 74003-010<\/p>\n\n\n\n<p><strong>D\u00daVIDAS FREQUENTES<\/strong><\/p>\n\n\n\n<p>Formul\u00e1rios VigiSUAS Goi\u00e1s<\/p>\n\n\n\n<ul class=\"wp-block-list\">\n<li><a href=\"https:\/\/goias.gov.br\/social\/wp-content\/uploads\/sites\/24\/2022\/05\/VIGISUAS.pdf\" target=\"_blank\" rel=\"noreferrer noopener\">Resolu\u00e7\u00e3o CIB N\u00ba 02\/2024<\/a><\/li>\n\n\n\n<li><a href=\"https:\/\/goias.gov.br\/social\/wp-content\/uploads\/sites\/24\/2022\/05\/VigiSUAS-Links-Alterado.pdf\" target=\"_blank\" rel=\"noreferrer noopener\">Formul\u00e1rios VigiSUAS Goi\u00e1s<\/a><\/li>\n\n\n\n<li><a href=\"https:\/\/goias.gov.br\/social\/wp-content\/uploads\/sites\/24\/2022\/05\/Orientacoes_para_o_preenchimento_dos_formularios_VIGISUAS_GO.pdf\" target=\"_blank\" rel=\"noreferrer noopener\">Orienta\u00e7\u00e3o para o preenchimento dos Formul\u00e1rios VigiSUAS Goi\u00e1s<\/a><\/li>\n<\/ul>\n\n\n\n<p>Cadastro Nacional do SUAS \u2013 CadSUAS<\/p>\n\n\n\n<ul class=\"wp-block-list\">\n<li><a href=\"http:\/\/goias.gov.br\/social\/wp-content\/uploads\/sites\/24\/2022\/05\/CADSUAS-a9c.pdf\" target=\"_blank\" rel=\"noreferrer noopener\">Como proceder com a atualiza\u00e7\u00e3o de alguns dados de pessoa f\u00edsica inseridas no CadSUAS?<\/a><\/li>\n<\/ul>\n\n\n\n<p>Censo SUAS<\/p>\n\n\n\n<ul class=\"wp-block-list\">\n<li><a href=\"http:\/\/goias.gov.br\/social\/wp-content\/uploads\/sites\/24\/2022\/05\/QuestionarioCENSOSUAS-31f.pdf\" target=\"_blank\" rel=\"noreferrer noopener\">\u00c9 obrigat\u00f3rio preencher os question\u00e1rio do Censo&nbsp;SUAS?&nbsp;<\/a><\/li>\n\n\n\n<li><a href=\"http:\/\/goias.gov.br\/social\/wp-content\/uploads\/sites\/24\/2022\/05\/TutorialparaacessoaoCensoSUAS-fae.pdf\" target=\"_blank\" rel=\"noreferrer noopener\">Como acessar o Censo&nbsp;SUAS para preenchimento dos question\u00e1rios?<\/a><\/li>\n\n\n\n<li><a href=\"http:\/\/goias.gov.br\/social\/wp-content\/uploads\/sites\/24\/2022\/05\/SCFV-RMA-7cf.pdf\" target=\"_blank\" rel=\"noreferrer noopener\">Em qual question\u00e1rio do Censo SUAS devo inserir informa\u00e7\u00f5es sobre o Servi\u00e7o de Conviv\u00eancia e Fortalecimento de V\u00ednculos (SCFV)?<\/a><\/li>\n\n\n\n<li><a href=\"http:\/\/goias.gov.br\/social\/wp-content\/uploads\/sites\/24\/2022\/05\/crasoucentrodeconvivencia-5a4.pdf\" target=\"_blank\" rel=\"noreferrer noopener\">No question\u00e1rio CRAS ou Centro de Conviv\u00eancia?<\/a><\/li>\n<\/ul>\n\n\n\n<p>Registro Mensal de Atendimento \u2013 RMA<\/p>\n\n\n\n<ul class=\"wp-block-list\">\n<li><a href=\"http:\/\/goias.gov.br\/social\/wp-content\/uploads\/sites\/24\/2022\/05\/RMA-ACOMPANHAMENTOEATENDIMENTO-409.pdf\" target=\"_blank\" rel=\"noreferrer noopener\">Ao realizar o preenchimento do RMA tendo d\u00favidas em rela\u00e7\u00e3o aos Blocos que tratam sobre o acompanhamento e atendimento?<\/a><\/li>\n\n\n\n<li><a href=\"http:\/\/goias.gov.br\/social\/wp-content\/uploads\/sites\/24\/2022\/05\/LIMPEZABANCODEDADOSRMA-db7.pdf\" target=\"_blank\" rel=\"noreferrer noopener\">Como funciona a limpeza de banco do banco de dados do RMA e quais s\u00e3o os crit\u00e9rios utilizados?<\/a><\/li>\n<\/ul>\n\n\n\n<p><strong>NOT\u00cdCIAS DA VIGIL\u00c2NCIA SOCIOASSISTENCIAL<\/strong><\/p>\n\n\n\n<ul class=\"wp-block-list\">\n<li><a href=\"https:\/\/app.powerbi.com\/view?r=eyJrIjoiMjUxNzA0ZTYtYjYzYS00ODAyLWI2ZmYtMjcwMjM5YjBiNjI4IiwidCI6IjY3ZmQ0MzFjLWIyYWQtNDg2Ny04MWJjLWQ3NTYyMjBiNTZkNCJ9\" target=\"_blank\" rel=\"noreferrer noopener\">Acesse o Link do Aplicativo Power BI&nbsp;(Perfil dos Trabalhadores da Assist\u00eancia Social em Goi\u00e1s)<\/a><\/li>\n\n\n\n<li><a href=\"https:\/\/goias.gov.br\/social\/seds-capacita-45-municipios-para-receber-recursos-de-assistencia-social\/\" target=\"_blank\" rel=\"noreferrer noopener\">SEDS capacita 45 munic\u00edpios para receber recursos de Assistencia Social<\/a><\/li>\n\n\n\n<li><a href=\"https:\/\/goias.gov.br\/social\/governo-de-goias-orienta-municipios-a-se-cadastrarem-no-cad-suas\/\" target=\"_blank\" rel=\"noreferrer noopener\">Governo de Goi\u00e1s orienta municipios a se cadastrarem no cad suas<\/a><\/li>\n\n\n\n<li><a href=\"https:\/\/goias.gov.br\/social\/censo-suas-2020\/\" target=\"_blank\" rel=\"noreferrer noopener\">Censo SUAS 2020<\/a><\/li>\n\n\n\n<li><a href=\"https:\/\/goias.gov.br\/social\/monitoramento-referente-ao-preenchimento-plano-de-acao-covid-19\/\" target=\"_blank\" rel=\"noreferrer noopener\">Monitoramento referente ao preenchimento plano de a\u00e7\u00e3o<\/a><\/li>\n\n\n\n<li><a href=\"https:\/\/goias.gov.br\/social\/requerimento-segunda-parcela-epi\/\" target=\"_blank\" rel=\"noreferrer noopener\">Requerimento segunda parcela EPI<\/a><\/li>\n\n\n\n<li><a href=\"https:\/\/goias.gov.br\/social\/plano-de-acao-execucao-das-acoes-socioassistenciais-da-portaria-mc-369-2020-covid-19\/\" target=\"_blank\" rel=\"noreferrer noopener\">Plano de a\u00e7\u00e3o \u2013 Execu\u00e7\u00e3o das a\u00e7\u00f5es socio assistenciais da Portaria MC 369\/2020 \u2013 Covid-19<\/a><\/li>\n\n\n\n<li><a href=\"https:\/\/goias.gov.br\/social\/monitoramento-termo-de-aceite-portaria-n-369-de-29-de-abril-de-2021\/\" target=\"_blank\" rel=\"noreferrer noopener\">Monitoramento termo de aceite (Portaria N\u00ba 369, de 29 de Abril de 2020)<\/a><\/li>\n\n\n\n<li><a href=\"https:\/\/goias.gov.br\/social\/recursos-federais-para-a-execucao-de-acoes-socioassistenciais-e-estruturacao-da-rede-devido-a-situacao-de-emergencia-covid-19-portaria-369-2020\/\" target=\"_blank\" rel=\"noreferrer noopener\">Recursos federais para a execu\u00e7\u00e3o de a\u00e7\u00f5es socioassistenciais e estrutura\u00e7\u00e3o da rede devido \u00e0 situa\u00e7\u00e3o de Emergencia de Covid-19 (Portaria 369\/2020)<\/a><\/li>\n\n\n\n<li><a href=\"https:\/\/goias.gov.br\/social\/orientacoes-sobre-o-preenchimento-do-rma-e-sisc-frente-a-pandemia-da-covid-19\/\" target=\"_blank\" rel=\"noreferrer noopener\">Orienta\u00e7\u00f5es sobre o preenchimento do RMA e SISC frente a pandemia da Covid-19<\/a><\/li>\n\n\n\n<li><a href=\"https:\/\/goias.gov.br\/social\/monitoramento-termo-de-aceite-portaria-no-369-de-29-de-abril-de-2020\/\" target=\"_blank\" rel=\"noreferrer noopener\">Monitoramento termo de aceite (Portaria N\u00ba 369, de 29 de Abril de 2020)<\/a><\/li>\n\n\n\n<li><a href=\"https:\/\/goias.gov.br\/social\/registro-mensal-de-atendimento-para-cras-creas-e-centro-pop-permanecem-abertos-para-preenchimento\/\" target=\"_blank\" rel=\"noreferrer noopener\">Registro Mensal de atendimento para CRAS<\/a><\/li>\n\n\n\n<li><a href=\"https:\/\/goias.gov.br\/social\/assistencia-social-post\/\" target=\"_blank\" rel=\"noreferrer noopener\">Assistencia Social<\/a><\/li>\n\n\n\n<li><a href=\"https:\/\/goias.gov.br\/social\/legislacao-aplicavel\/\" target=\"_blank\" rel=\"noreferrer noopener\">Legisla\u00e7\u00e3o Aplic\u00e1vel<\/a><\/li>\n<\/ul>\n\n\n\n<p><strong>INFORMATIVOS<\/strong><\/p>\n\n\n\n<ul class=\"wp-block-list\">\n<li><a href=\"http:\/\/goias.gov.br\/social\/wp-content\/uploads\/sites\/24\/2022\/05\/BOLETIMIDCRAS2019-85d.pdf\" target=\"_blank\" rel=\"noreferrer noopener\">Boletim Id Cras 2019<\/a><\/li>\n\n\n\n<li><a href=\"https:\/\/goias.gov.br\/social\/wp-content\/uploads\/sites\/24\/2025\/12\/SECRETARIA-DE-DESENVOLVIMENTO-SOCIAL-PMAS.pdf\" data-type=\"link\" data-id=\"https:\/\/goias.gov.br\/social\/wp-content\/uploads\/sites\/24\/2025\/12\/SECRETARIA-DE-DESENVOLVIMENTO-SOCIAL-PMAS.pdf\" target=\"_blank\" rel=\"noreferrer noopener\">Orienta\u00e7\u00f5es para Elabora\u00e7\u00e3o do Plano Municipal de Assist\u00eancia Social ( 2026-2029)<\/a><\/li>\n\n\n\n<li><a href=\"http:\/\/goias.gov.br\/social\/wp-content\/uploads\/sites\/24\/2022\/05\/quilombola2306-9fb.pdf\" target=\"_blank\" rel=\"noreferrer noopener\">Situa\u00e7\u00e3o da Popula\u00e7\u00e3o Quilombola no Estado de Goi\u00e1s &nbsp;\u2013 (Mar\u00e7o \u2013 2018\/1)<\/a><\/li>\n\n\n\n<li><a href=\"http:\/\/goias.gov.br\/social\/wp-content\/uploads\/sites\/24\/2022\/05\/relatorioid-543.pdf\" target=\"_blank\" rel=\"noreferrer noopener\">Monitoramento ID (Conselho\/Goi\u00e1s (2014 \u00e0 2018)<\/a><\/li>\n\n\n\n<li><a href=\"http:\/\/goias.gov.br\/social\/wp-content\/uploads\/sites\/24\/2022\/05\/SAA-921.pdf\" target=\"_blank\" rel=\"noreferrer noopener\">Manual Instrutivo sobre o Sistema de Autoriza\u00e7\u00e3o e Autentifica\u00e7\u00e3o (SAA)<\/a><\/li>\n\n\n\n<li><a href=\"http:\/\/goias.gov.br\/social\/wp-content\/uploads\/sites\/24\/2022\/05\/Tutorial-633.pdf\" target=\"_blank\" rel=\"noreferrer noopener\">Tutorial recupera\u00e7\u00e3o de senha do gov.br<\/a><\/li>\n\n\n\n<li><a href=\"http:\/\/goias.gov.br\/social\/wp-content\/uploads\/sites\/24\/2022\/05\/Monografia-b99.pdf\" target=\"_blank\" rel=\"noreferrer noopener\">Monografia: A Vigil\u00e2ncia Socioassistencial e sua rela\u00e7\u00e3o com o SUAS no Estado de Goi\u00e1s<\/a><\/li>\n\n\n\n<li><a href=\"http:\/\/goias.gov.br\/social\/wp-content\/uploads\/sites\/24\/2022\/05\/Planodeacao-6ae.pdf\" target=\"_blank\" rel=\"noreferrer noopener\">Plano de A\u00e7\u00e3o 2022<\/a><\/li>\n\n\n\n<li><a href=\"http:\/\/goias.gov.br\/social\/wp-content\/uploads\/sites\/24\/2022\/05\/Manualplanodeacao-0c5.pdf\" target=\"_blank\" rel=\"noreferrer noopener\">Manual Plano de A\u00e7\u00e3o 2022<\/a><\/li>\n<\/ul>\n\n\n\n<p><strong>LINKS IMPORTANTES<\/strong><\/p>\n\n\n\n<ul class=\"wp-block-list\">\n<li><a href=\"http:\/\/goias.gov.br\/social\/wp-content\/uploads\/sites\/24\/2019\/08\/Orientacoes_Vigilancia-089.pdf\" target=\"_blank\" rel=\"noreferrer noopener\">Orienta\u00e7\u00f5es t\u00e9cnicas sobre a Vigil\u00e2ncia Socioassistencial<\/a><\/li>\n\n\n\n<li><a href=\"https:\/\/aplicacoes.mds.gov.br\/sagi\/atendimento\/auth\/index.php\" target=\"_blank\" rel=\"noreferrer noopener\">Sistema de Registro Mensal de Atendimentos \u2013 RMA<\/a><\/li>\n\n\n\n<li><a href=\"https:\/\/aplicacoes.mds.gov.br\/sagi\/RIv3\/geral\/index.php\" target=\"_blank\" rel=\"noreferrer noopener\">Relat\u00f3rios de Informa\u00e7\u00f5es Sociais (RI)<\/a><\/li>\n\n\n\n<li><a href=\"http:\/\/aplicacoes.mds.gov.br\/cadsuas\/visualizarConsultaExterna.html;jsessionid=1BF7A3BD07BF7798B9232C2C6EB9601A\" target=\"_blank\" rel=\"noreferrer noopener\">Cadastro Nacional do Sistema \u00danico de Assist\u00eancia Social (CADSUAS)<\/a><\/li>\n\n\n\n<li><a href=\"https:\/\/cecad.cidadania.gov.br\/painel03.php\" target=\"_blank\" rel=\"noreferrer noopener\">Cadastro \u00danico (CECAD)<\/a><\/li>\n\n\n\n<li><a href=\"http:\/\/goias.gov.br\/social\/wp-content\/uploads\/sites\/24\/2022\/05\/CapacitaSUAS_Caderno_31-49c.pdf\" target=\"_blank\" rel=\"noreferrer noopener\">Caderno Capacita SUAS<\/a><\/li>\n\n\n\n<li><a href=\"https:\/\/aplicacoes.mds.gov.br\/sagi\/vis\/data3\/data-explorer.php\" target=\"_blank\" rel=\"noreferrer noopener\">VIS DATA<\/a><\/li>\n\n\n\n<li><a href=\"http:\/\/blog.mds.gov.br\/redesuas\/\" target=\"_blank\" rel=\"noreferrer noopener\">Blog Rede Suas<\/a><\/li>\n<\/ul>\n\n\n\n<p><strong>TELECONFER\u00caNCIAS<\/strong><\/p>\n\n\n\n<ul class=\"wp-block-list\">\n<li><a href=\"https:\/\/drive.google.com\/file\/d\/1BA7bRkHhC_9YZMrdfb1P64PEbRiX5cyB\/view?usp=sharing\" target=\"_blank\" rel=\"noreferrer noopener\">Apresenta\u00e7\u00e3o sobre a Vigil\u00e2ncia Socioassistencial (Parte 1)<\/a><\/li>\n\n\n\n<li><a href=\"https:\/\/drive.google.com\/file\/d\/1zbYalZP6yvIyT4N0nNc8_VRVcKbMzwzZ\/view?usp=sharing\" target=\"_blank\" rel=\"noreferrer noopener\">Apresenta\u00e7\u00e3o sobre a Vigil\u00e2ncia Socioassistencial (Parte 2)<\/a><\/li>\n\n\n\n<li><a href=\"https:\/\/www.youtube.com\/watch?v=HL69uT7wzwM\" target=\"_blank\" rel=\"noreferrer noopener\">Vigil\u00e2ncia Socioassistencial e novos desafios do SUAS s\u00e3o temas da&nbsp;teleconfer\u00eancia&nbsp;MDS<\/a><\/li>\n<\/ul>\n\n\n\n<p><strong>EQUIPE ESTADUAL DA COORDENA\u00c7\u00c3O DE VIGIL\u00c2NCIA SOCIOASSISTENCIAL<\/strong><\/p>\n\n\n\n<p><strong>Coordena\u00e7\u00e3o:&nbsp;<\/strong>Cristiane Maria Cruvinel Le\u00e3o e Silva<\/p>\n\n\n\n<p><strong>Equipe Administrativa:&nbsp;<\/strong><\/p>\n\n\n\n<p>Al\u00e9ssio Assis de Oliveira \u2013 T\u00e9cnico em Gest\u00e3o P\u00fablica<br>Saulo de Tarso Fernandes Lobo \u2013 Assistente Operacional Social<br>Jade Cristina Alves Vilarindo \u2013 Auxiliar Administrativo<br>Nathalia Ribeiro Silva \u2013 Estagi\u00e1ria de Psicologia<\/p>\n\n\n\n<p>Ger\u00eancia de Gest\u00e3o do Sistema \u00danico de Assist\u00eancia Social \u2013 GGSUAS<br>Superintend\u00eancia de Desenvolvimento e Assist\u00eancia Social \u2013 SEDAS<br>Secretaria de Estado de Desenvolvimento Social \u2013 SEDS<br>Minist\u00e9rio do Desenvolvimento e Assist\u00eancia Social, Fam\u00edlia e Combate \u00e0 Fome \u2013 MDS<\/p>\n\n\n\n<p><strong>Contato:&nbsp;<\/strong><br><strong><em>Telefone:&nbsp;<\/em><\/strong><em>(62) 3270-9637 \/&nbsp;<\/em>(62) 9 8306-0164<br><strong><em>E-mail:&nbsp;<\/em><\/strong><a href=\"mailto:vigilanciasocial.seds@goias.gov.br\" target=\"_blank\" rel=\"noreferrer noopener\">vigilanciasocial.seds@goias.gov.br<\/a><\/p>\n\n\n\n<p><strong>Secretaria de Estado de Desenvolvimento Social &#8211; Governo de Goi\u00e1s <\/strong><\/p>\n\n\n\n<p><\/p>\n","protected":false},"excerpt":{"rendered":"<p>O que \u00e9 a Vigil\u00e2ncia Socioassistencial?A Vigil\u00e2ncia Socioassistencial \u00e9 uma fun\u00e7\u00e3o da pol\u00edtica de Assist\u00eancia Social voltada para a produ\u00e7\u00e3o, sistematiza\u00e7\u00e3o e an\u00e1lise de informa\u00e7\u00f5es sobre as caracter\u00edsticas e demandas da popula\u00e7\u00e3o em situa\u00e7\u00e3o de vulnerabilidade social. Sendo uma fun\u00e7\u00e3o estrat\u00e9gica, \u00e9 recomend\u00e1vel que seja formalizada como uma \u00e1rea espec\u00edfica, com profissionais qualificados e estrutura [&hellip;]<\/p>\n","protected":false},"author":265,"featured_media":0,"comment_status":"closed","ping_status":"open","sticky":false,"template":"","format":"standard","meta":{"footnotes":""},"categories":[59],"tags":[],"class_list":["post-5357","post","type-post","status-publish","format-standard","hentry","category-acoes"],"rttpg_featured_image_url":null,"rttpg_author":{"display_name":"aniceliboechat","author_link":"https:\/\/goias.gov.br\/social\/author\/aniceliboechat\/"},"rttpg_comment":0,"rttpg_category":"<a href=\"https:\/\/goias.gov.br\/social\/categoria\/acoes\/\" rel=\"category tag\">A\u00e7\u00f5es Sociais<\/a>","rttpg_excerpt":"O que \u00e9 a Vigil\u00e2ncia Socioassistencial?A Vigil\u00e2ncia Socioassistencial \u00e9 uma fun\u00e7\u00e3o da pol\u00edtica de Assist\u00eancia Social voltada para a produ\u00e7\u00e3o, sistematiza\u00e7\u00e3o e an\u00e1lise de informa\u00e7\u00f5es sobre as caracter\u00edsticas e demandas da popula\u00e7\u00e3o em situa\u00e7\u00e3o de vulnerabilidade social. Sendo uma fun\u00e7\u00e3o estrat\u00e9gica, \u00e9 recomend\u00e1vel que seja formalizada como uma \u00e1rea espec\u00edfica, com profissionais qualificados e estrutura&hellip;","_links":{"self":[{"href":"https:\/\/goias.gov.br\/social\/wp-json\/wp\/v2\/posts\/5357","targetHints":{"allow":["GET"]}}],"collection":[{"href":"https:\/\/goias.gov.br\/social\/wp-json\/wp\/v2\/posts"}],"about":[{"href":"https:\/\/goias.gov.br\/social\/wp-json\/wp\/v2\/types\/post"}],"author":[{"embeddable":true,"href":"https:\/\/goias.gov.br\/social\/wp-json\/wp\/v2\/users\/265"}],"replies":[{"embeddable":true,"href":"https:\/\/goias.gov.br\/social\/wp-json\/wp\/v2\/comments?post=5357"}],"version-history":[{"count":2,"href":"https:\/\/goias.gov.br\/social\/wp-json\/wp\/v2\/posts\/5357\/revisions"}],"predecessor-version":[{"id":93248,"href":"https:\/\/goias.gov.br\/social\/wp-json\/wp\/v2\/posts\/5357\/revisions\/93248"}],"wp:attachment":[{"href":"https:\/\/goias.gov.br\/social\/wp-json\/wp\/v2\/media?parent=5357"}],"wp:term":[{"taxonomy":"category","embeddable":true,"href":"https:\/\/goias.gov.br\/social\/wp-json\/wp\/v2\/categories?post=5357"},{"taxonomy":"post_tag","embeddable":true,"href":"https:\/\/goias.gov.br\/social\/wp-json\/wp\/v2\/tags?post=5357"}],"curies":[{"name":"wp","href":"https:\/\/api.w.org\/{rel}","templated":true}]}}