

{"id":5139,"date":"2021-12-22T08:51:10","date_gmt":"2021-12-22T11:51:10","guid":{"rendered":"https:\/\/siteshom.goias.gov.br\/social\/programa-aprendiz-do-futuro\/"},"modified":"2026-03-24T19:26:34","modified_gmt":"2026-03-24T22:26:34","slug":"programa-aprendiz-do-futuro","status":"publish","type":"post","link":"https:\/\/goias.gov.br\/social\/programa-aprendiz-do-futuro\/","title":{"rendered":"Programa Aprendiz do Futuro"},"content":{"rendered":"\n<p>Edital <a href=\"https:\/\/goias.gov.br\/social\/wp-content\/uploads\/sites\/24\/2026\/02\/EDITAL-APRENDIZ-DO-FUTURO-001.2026.pdf\" data-type=\"link\" data-id=\"https:\/\/goias.gov.br\/social\/wp-content\/uploads\/sites\/24\/2026\/02\/EDITAL-APRENDIZ-DO-FUTURO-001.2026.pdf\" target=\"_blank\" rel=\"noreferrer noopener\">001\/2026<\/a> &#8211; Divulga\u00e7\u00e3o do Resultado <\/p>\n\n\n\n<p>Resultado Final do Cadastro Reserva &#8211; Edital <a href=\"https:\/\/goias.gov.br\/social\/wp-content\/uploads\/sites\/24\/2026\/02\/EDITAL-APRENDIZ-DO-FUTURO-001.2026.pdf\" data-type=\"link\" data-id=\"https:\/\/goias.gov.br\/social\/wp-content\/uploads\/sites\/24\/2026\/02\/EDITAL-APRENDIZ-DO-FUTURO-001.2026.pdf\" target=\"_blank\" rel=\"noreferrer noopener\">001\/2026<\/a> &#8211; Clique <a href=\"https:\/\/goias.gov.br\/social\/wp-content\/uploads\/sites\/24\/2026\/03\/Resultado-Final-PAF-N.001-2026-1.pdf\" data-type=\"link\" data-id=\"https:\/\/goias.gov.br\/social\/wp-content\/uploads\/sites\/24\/2026\/03\/Resultado-Final-PAF-N.001-2026-1.pdf\" target=\"_blank\" rel=\"noreferrer noopener\">AQUI <\/a><\/p>\n\n\n\n<p>Resultado Final do Cadastro Reserva &#8211; Edital <a href=\"https:\/\/goias.gov.br\/social\/wp-content\/uploads\/sites\/24\/2026\/02\/EDITAL-APRENDIZ-DO-FUTURO-001.2026.pdf\" data-type=\"link\" data-id=\"https:\/\/goias.gov.br\/social\/wp-content\/uploads\/sites\/24\/2026\/02\/EDITAL-APRENDIZ-DO-FUTURO-001.2026.pdf\" target=\"_blank\" rel=\"noreferrer noopener\">001\/2026<\/a> &#8211; Cota PCD &#8211; Clique <a href=\"https:\/\/goias.gov.br\/social\/wp-content\/uploads\/sites\/24\/2026\/03\/Resultado-Final-PAF-N.001-2026-COTA-PCD-1.pdf\" data-type=\"link\" data-id=\"https:\/\/goias.gov.br\/social\/wp-content\/uploads\/sites\/24\/2026\/03\/Resultado-Final-PAF-N.001-2026-COTA-PCD-1.pdf\" target=\"_blank\" rel=\"noreferrer noopener\">AQUI <\/a><\/p>\n\n\n\n<p>Homologa\u00e7\u00e3o do Resultado Final do Processo Seletivo &#8211; Edital  <a href=\"https:\/\/goias.gov.br\/social\/wp-content\/uploads\/sites\/24\/2026\/02\/EDITAL-APRENDIZ-DO-FUTURO-001.2026.pdf\" data-type=\"link\" data-id=\"https:\/\/goias.gov.br\/social\/wp-content\/uploads\/sites\/24\/2026\/02\/EDITAL-APRENDIZ-DO-FUTURO-001.2026.pdf\" target=\"_blank\" rel=\"noreferrer noopener\">001\/2026<\/a>  &#8211; Clique <a href=\"https:\/\/goias.gov.br\/social\/wp-content\/uploads\/sites\/24\/2026\/03\/SEI_88125270_Homologacao_de_Conclusao.pdf\" data-type=\"link\" data-id=\"https:\/\/goias.gov.br\/social\/wp-content\/uploads\/sites\/24\/2026\/03\/SEI_88125270_Homologacao_de_Conclusao.pdf\" target=\"_blank\" rel=\"noreferrer noopener\">AQUI<\/a> <\/p>\n\n\n\n<p><strong>Classifica\u00e7\u00e3o Preliminar: <\/strong><\/p>\n\n\n\n<p>Resultado Preliminar Cadastro Reserva &#8211; Clique <a href=\"https:\/\/goias.gov.br\/social\/wp-content\/uploads\/sites\/24\/2026\/03\/Resultado-Final-PAF-N.001-2026.pdf\" data-type=\"link\" data-id=\"https:\/\/goias.gov.br\/social\/wp-content\/uploads\/sites\/24\/2026\/03\/Resultado-Final-PAF-N.001-2026.pdf\" target=\"_blank\" rel=\"noreferrer noopener\">AQUI <\/a><\/p>\n\n\n\n<p>Resultado Preliminar Cadastro Reserva Cota PCD &#8211; Clique <a href=\"https:\/\/goias.gov.br\/social\/wp-content\/uploads\/sites\/24\/2026\/03\/Resultado-Final-PAF-N.001-2026-COTA-PCD.pdf\" data-type=\"link\" data-id=\"https:\/\/goias.gov.br\/social\/wp-content\/uploads\/sites\/24\/2026\/03\/Resultado-Final-PAF-N.001-2026-COTA-PCD.pdf\" target=\"_blank\" rel=\"noreferrer noopener\">AQUI<\/a> <\/p>\n\n\n\n<p>Ao jovem que n\u00e3o est\u00e1 com o seu nome nesta lista, acesse o site <a href=\"http:\/\/Aprendizdofuturo.org.br\" data-type=\"link\" data-id=\"Aprendizdofuturo.org.br\" target=\"_blank\" rel=\"noreferrer noopener\">Aprendizdofuturo.org.br<\/a> e consulte o seu CPF para mais informa\u00e7\u00f5es e recursos. <\/p>\n\n\n\n<p><strong>O que \u00e9 o Aprendiz do Futuro<\/strong><\/p>\n\n\n\n<p>O&nbsp;<strong>Aprendiz do Futuro<\/strong>&nbsp;\u00e9 uma iniciativa do Governo de Goi\u00e1s, por meio do Goi\u00e1s Social, e tem o objetivo de inserir adolescentes e jovens no mercado de trabalho, para promover profissionaliza\u00e7\u00e3o, inclus\u00e3o social e cidadania, combater a evas\u00e3o escolar e o desemprego.<\/p>\n\n\n\n<p>O maior programa de socioaprendizagem do Brasil tem foco em tecnologia, alta performance e impacto social na vida dos jovens em situa\u00e7\u00e3o de vulnerabilidade.<\/p>\n\n\n\n<p>Os integrantes do Aprendiz do Futuro desempenham tarefas administrativas, de inform\u00e1tica e de apoio no atendimento ao p\u00fablico em secretarias estaduais, f\u00f3runs, tribunais, col\u00e9gios e outros \u00f3rg\u00e3os p\u00fablicos parceiros.<\/p>\n\n\n\n<p><strong>Pr\u00e9-requisitos para participa\u00e7\u00e3o:<\/strong><\/p>\n\n\n\n<p><strong>1.&nbsp;<\/strong>Estar cursando o ensino fundamental ou m\u00e9dio (ou j\u00e1 ter conclu\u00eddo o ensino m\u00e9dio);&nbsp;<\/p>\n\n\n\n<p><strong>2. Idade:&nbsp;<\/strong>Ter entre 14 (quatorze) anos e 16 (dezesseis) anos incompletos (15 anos e 10 meses).<\/p>\n\n\n\n<p>&nbsp;<strong>*A idade m\u00e1xima n\u00e3o se aplica a aprendizes com defici\u00eancia<\/strong><\/p>\n\n\n\n<p><strong>3.&nbsp;<\/strong>Em vulnerabilidade econ\u00f4mico-social;&nbsp;<\/p>\n\n\n\n<p><strong>4.&nbsp;<\/strong>Ser Estudante da rede p\u00fablica de ensino ou 100% bolsista na rede particular;&nbsp;<\/p>\n\n\n\n<p><strong>5.&nbsp;<\/strong>Com renda familiar de at\u00e9 2 (dois) sal\u00e1rios m\u00ednimos ou \u00bd Sal\u00e1rio \u2013 per capita;<\/p>\n\n\n\n<p><strong>6.&nbsp;<\/strong>Que esteja inscrito no link da <strong> <a href=\"https:\/\/cadastro.edoo.com.br\/aprendiz-do-futuro\/cadastro?vaga=9e297bdec501a24667c9ba9c21aba6b4\">plataforma de cadastro<\/a><\/strong> \u2013 aprendizdofuturo.org.br;<\/p>\n\n\n\n<p><strong>7.&nbsp;<\/strong>Fam\u00edlia estar inscrita no Cadastro \u00danico do Governo Federal \u2013 Cad\u00danico (a apresenta\u00e7\u00e3o desse item se torna obrigat\u00f3ria apenas na fase de Contrata\u00e7\u00e3o).&nbsp;<a href=\"https:\/\/goias.gov.br\/social\/cadastro-unico-e-programa-bolsa-familia\/\" target=\"_blank\" rel=\"noreferrer noopener\">Mais informa\u00e7\u00f5es sobre o Cad\u00danico<\/a>.<\/p>\n\n\n\n<p><strong>Cotas:<\/strong><\/p>\n\n\n\n<p>\u2013 <strong>Pessoa com defici\u00eancia \u2013 PCD (sem limite de idade) \u2013 5% a 10% do total de vagas;<\/strong><\/p>\n\n\n\n<p><strong>Prioridades:<\/strong><\/p>\n\n\n\n<p>\u2013&nbsp;Ser membro de etnia tradicional, como ind\u00edgena, quilombola, cigano ou afrodescendente;<\/p>\n\n\n\n<p>\u2013&nbsp;Pertencer a uma fam\u00edlia que possua mulher v\u00edtima de viol\u00eancia dom\u00e9stica em sua composi\u00e7\u00e3o, com medida protetiva ativa;<\/p>\n\n\n\n<p>\u2013&nbsp;Estar sujeito a medidas socioeducativas ou de prote\u00e7\u00e3o;<\/p>\n\n\n\n<p>\u2013&nbsp;\u00d3rf\u00e3os, cujos pais ou respons\u00e1veis legais faleceram em decorr\u00eancia da pandemia de Covid-19. (Per\u00edodo de 02\/2020 a 22\/04\/2023);<\/p>\n\n\n\n<p><strong>Crit\u00e9rios de desempate:<\/strong><\/p>\n\n\n\n<p>\u2013&nbsp;Maior idade (ano\/ m\u00eas \/ Dia), menor renda familiar, melhor desempenho escolar, ordem de inscri\u00e7\u00e3o;<\/p>\n\n\n\n<p><strong>Benef\u00edcios<\/strong><\/p>\n\n\n\n<ul class=\"wp-block-list\">\n<li>Sal\u00e1rio R$ 761,55<\/li>\n\n\n\n<li>Aux\u00edlio Alimenta\u00e7\u00e3o R$ 150,00<\/li>\n\n\n\n<li>Vale Transporte (para o munic\u00edpio que tiver transporte p\u00fablico)<\/li>\n\n\n\n<li>F\u00e9rias<\/li>\n\n\n\n<li>13\u00b0 Sal\u00e1rio<\/li>\n\n\n\n<li>Fundo de Garantia do Tempo de Servi\u00e7o (FGTS) <\/li>\n\n\n\n<li>Seguro de Vida<\/li>\n\n\n\n<li>Uniforme e Crach\u00e1<\/li>\n<\/ul>\n\n\n\n<p><strong>ATEN\u00c7\u00c3O!<\/strong><\/p>\n\n\n\n<ul class=\"wp-block-list\">\n<li>O acesso ao benef\u00edcio de aux\u00edlio-alimenta\u00e7\u00e3o foi alterado para o Inttegra Social;<\/li>\n\n\n\n<li>Todos os jovens admitidos no programa do Goi\u00e1s&nbsp;Social t\u00eam direito a R$150 mensais;<\/li>\n\n\n\n<li>O primeiro benef\u00edcio ser\u00e1 disponibilizado em at\u00e9 45&nbsp;dias ap\u00f3s a admiss\u00e3o;<\/li>\n\n\n\n<li>Baixe o aplicativo Integra Social no seu celular;&nbsp;&nbsp;<\/li>\n\n\n\n<li>Em caso de d\u00favidas, entre em contato pelo telefone 0800 226 3000;<\/li>\n<\/ul>\n\n\n\n<p><strong>Inscri\u00e7\u00f5es<\/strong><\/p>\n\n\n\n<p>As inscri\u00e7\u00f5es devem ser realizadas do dia 03\/02\/2026 a 28\/02\/2026 pelo site&nbsp;<a href=\"https:\/\/aprendizdofuturo.org.br\/\">aprendizdofuturo.org.br<\/a>&nbsp;.<\/p>\n\n\n\n<p><strong>Documentos Necess\u00e1rios<\/strong><\/p>\n\n\n\n<p>RG, CPF, Comprovante de endere\u00e7o, comprovante de escolaridade, inscri\u00e7\u00e3o no Cad\u00fanico.<\/p>\n\n\n\n<p><strong>Divulga\u00e7\u00e3o e Homologa\u00e7\u00e3o \u2013 Classifica\u00e7\u00e3o Final \u2013 Cadastro Reserva \u2013 Edital N\u00b0 001\/2026<\/strong><\/p>\n\n\n\n<ul class=\"wp-block-list\">\n<li>10\/03\/2026 \u2013 Divulga\u00e7\u00e3o da classifica\u00e7\u00e3o preliminar;<\/li>\n\n\n\n<li>11 a 15\/03\/2026 \u2013 Prazo para recurso contra a classifica\u00e7\u00e3o preliminar;<\/li>\n\n\n\n<li>24\/03\/2026 \u2013 Divulga\u00e7\u00e3o e homologa\u00e7\u00e3o da classifica\u00e7\u00e3o final;<\/li>\n<\/ul>\n\n\n\n<p><strong>INFORMA\u00c7\u00d5ES IMPORTANTES <\/strong><\/p>\n\n\n\n<ul class=\"wp-block-list\">\n<li>O cadastro reserva do Edital 001\/2025 permanece v\u00e1lido;<\/li>\n\n\n\n<li>Nos munic\u00edpios em que ainda existam candidatos aguardando na lista de espera referente ao Edital N\u00ba 001\/2025, o resultado deste novo processo n\u00e3o ir\u00e1 sobrepor ou alterar a ordem vigente;<\/li>\n\n\n\n<li>O jovem que participou do processo seletivo de 2025, foi convocado e optou por n\u00e3o assumir a vaga (declinou da contrata\u00e7\u00e3o), dever\u00e1 realizar nova inscri\u00e7\u00e3o para compor o Cadastro de Reserva deste edital;<\/li>\n\n\n\n<li>Para consultar sua situa\u00e7\u00e3o no Edital 2025, acesse o link de inscri\u00e7\u00e3o e leia atentamente a mensagem informada: <a href=\"http:\/\/aprendizdofuturo.org.br\">aprendizdofuturo.org.br<\/a><\/li>\n<\/ul>\n\n\n\n<p><strong>Mais informa\u00e7\u00f5es<\/strong><\/p>\n\n\n<p><span style=\"color: #000000\"><strong>Site:<\/strong><\/span> <a href=\"https:\/\/aprendizdofuturo.org.br\/\">aprendizdofuturo.org.br<\/a><\/p>\n<p><span style=\"color: #000000\"><strong>Telefone: <\/strong><\/span>(62) 3270-9624 \/ (62) 3270-9626\u00a0<\/p>\n\n\n<p><strong>Endere\u00e7o:<\/strong> Superintend\u00eancia da Crian\u00e7a, Adolescente e Juventude &#8211; Pra\u00e7a Dr. Pedro Ludovico Teixeira, N 332, Setor Central, Goi\u00e2nia\u2013GO, Cep 74083-010<\/p>\n\n\n<p>Para mais informa\u00e7\u00f5es, acesse a p\u00e1gina do <a href=\"https:\/\/aprendizdofuturo.org.br\/\" target=\"_blank\" rel=\"noopener\">Programa Aprendiz do Futuro<\/a>.<\/p>\n<h3><strong>Divulga\u00e7\u00e3o e Homologa\u00e7\u00e3o &#8211; Classifica\u00e7\u00e3o Final 2025<\/strong><\/h3>\n<p>Est\u00e1 dispon\u00edvel o resultado final do cadastro de reserva do Programa Aprendiz do Futuro &#8211; <a href=\"https:\/\/goias.gov.br\/social\/wp-content\/uploads\/sites\/24\/2026\/02\/EDITAL-APRENDIZ-DO-FUTURO-001.2025.pdf\" target=\"_blank\" rel=\"noopener\">Edital n\u00b0 001\/2025.<\/a><\/p>\n<p><a href=\"https:\/\/goias.gov.br\/social\/wp-content\/uploads\/sites\/24\/2026\/02\/EDITAL-APRENDIZ-DO-FUTURO-RETIFICADO-CRONOGRAMA.pdf\" target=\"_blank\" rel=\"noopener\">Edital 001\/2025 &#8211; Aprendiz do Futuro Cronograma Retificado\u00a0<\/a><\/p>\n<p>Verifique se voc\u00ea foi selecionado para o cadastro de reserva n\u00b0 001\/2025.\u00a0<\/p>\n<p>Consulte pelo seu CPF em: <a href=\"http:\/\/aprendizdofuturo.org.br\" target=\"_blank\" rel=\"noopener\">aprendizdofuturo.org.br<\/a> para saber se voc\u00ea foi selecionado.<\/p>\n<h4>Confira as listas abaixo:<\/h4>\n<p>Resultado final cadastro reserva &#8211; Clique <a href=\"https:\/\/goias.gov.br\/social\/wp-content\/uploads\/sites\/24\/2026\/02\/Resultado-Final-PAF-N.001-2025.pdf\" target=\"_blank\" rel=\"noopener\">AQUI<\/a><\/p>\n<p>Resultado Final cadastro reserva &#8211; Cota PCD &#8211; Clique <a href=\"https:\/\/goias.gov.br\/social\/wp-content\/uploads\/sites\/24\/2026\/02\/Resultado-Final-PAF-N.001-2025-COTA-PCD.pdf\" target=\"_blank\" rel=\"noopener\">AQUI<\/a><\/p>\n<p>Homologa\u00e7\u00e3o do Resultado Final &#8211; Clique <a href=\"https:\/\/goias.gov.br\/social\/wp-content\/uploads\/sites\/24\/2026\/02\/9.-Homologacao-Edital-N.001.2025.pdf\" target=\"_blank\" rel=\"noopener\">AQUI<\/a><\/p>\n<p>Prorroga\u00e7\u00e3o Resultado Final do Processo Seletivo\u00a0 &#8211; Clique <a href=\"https:\/\/goias.gov.br\/social\/wp-content\/uploads\/sites\/24\/2026\/02\/Prorrogacao-de-Resultado-Final-do-Processo-Seletivo-Edital-N.-001.2025-1.pdf\" target=\"_blank\" rel=\"noopener\">AQUI<\/a><\/p>\n<p><strong>Secretaria de Estado de Desenvolvimento Social \u2013 Governo de Goi\u00e1s<\/strong><\/p>\n\n\n<p><\/p>\n\n\n\n<p><\/p>\n\n\n\n<p><\/p>\n","protected":false},"excerpt":{"rendered":"<p>Edital 001\/2026 &#8211; Divulga\u00e7\u00e3o do Resultado Resultado Final do Cadastro Reserva &#8211; Edital 001\/2026 &#8211; Clique AQUI Resultado Final do Cadastro Reserva &#8211; Edital 001\/2026 &#8211; Cota PCD &#8211; Clique AQUI Homologa\u00e7\u00e3o do Resultado Final do Processo Seletivo &#8211; Edital 001\/2026 &#8211; Clique AQUI Classifica\u00e7\u00e3o Preliminar: Resultado Preliminar Cadastro Reserva &#8211; Clique AQUI Resultado Preliminar [&hellip;]<\/p>\n","protected":false},"author":264,"featured_media":0,"comment_status":"closed","ping_status":"open","sticky":false,"template":"","format":"standard","meta":{"footnotes":""},"categories":[54],"tags":[],"class_list":["post-5139","post","type-post","status-publish","format-standard","hentry","category-institucional"],"rttpg_featured_image_url":null,"rttpg_author":{"display_name":"","author_link":"https:\/\/goias.gov.br\/social\/author\/"},"rttpg_comment":0,"rttpg_category":"<a href=\"https:\/\/goias.gov.br\/social\/categoria\/institucional\/\" rel=\"category tag\">Institucional<\/a>","rttpg_excerpt":"Edital 001\/2026 &#8211; Divulga\u00e7\u00e3o do Resultado Resultado Final do Cadastro Reserva &#8211; Edital 001\/2026 &#8211; Clique AQUI Resultado Final do Cadastro Reserva &#8211; Edital 001\/2026 &#8211; Cota PCD &#8211; Clique AQUI Homologa\u00e7\u00e3o do Resultado Final do Processo Seletivo &#8211; Edital 001\/2026 &#8211; Clique AQUI Classifica\u00e7\u00e3o Preliminar: Resultado Preliminar Cadastro Reserva &#8211; Clique AQUI Resultado Preliminar&hellip;","_links":{"self":[{"href":"https:\/\/goias.gov.br\/social\/wp-json\/wp\/v2\/posts\/5139","targetHints":{"allow":["GET"]}}],"collection":[{"href":"https:\/\/goias.gov.br\/social\/wp-json\/wp\/v2\/posts"}],"about":[{"href":"https:\/\/goias.gov.br\/social\/wp-json\/wp\/v2\/types\/post"}],"author":[{"embeddable":true,"href":"https:\/\/goias.gov.br\/social\/wp-json\/wp\/v2\/users\/264"}],"replies":[{"embeddable":true,"href":"https:\/\/goias.gov.br\/social\/wp-json\/wp\/v2\/comments?post=5139"}],"version-history":[{"count":2,"href":"https:\/\/goias.gov.br\/social\/wp-json\/wp\/v2\/posts\/5139\/revisions"}],"predecessor-version":[{"id":104283,"href":"https:\/\/goias.gov.br\/social\/wp-json\/wp\/v2\/posts\/5139\/revisions\/104283"}],"wp:attachment":[{"href":"https:\/\/goias.gov.br\/social\/wp-json\/wp\/v2\/media?parent=5139"}],"wp:term":[{"taxonomy":"category","embeddable":true,"href":"https:\/\/goias.gov.br\/social\/wp-json\/wp\/v2\/categories?post=5139"},{"taxonomy":"post_tag","embeddable":true,"href":"https:\/\/goias.gov.br\/social\/wp-json\/wp\/v2\/tags?post=5139"}],"curies":[{"name":"wp","href":"https:\/\/api.w.org\/{rel}","templated":true}]}}