

{"id":4881,"date":"2021-06-16T08:50:47","date_gmt":"2021-06-16T11:50:47","guid":{"rendered":"https:\/\/siteshom.goias.gov.br\/social\/governo-do-estado-lanca-programa-goias-social\/"},"modified":"2021-06-16T08:50:47","modified_gmt":"2021-06-16T11:50:47","slug":"governo-do-estado-lanca-programa-goias-social","status":"publish","type":"post","link":"https:\/\/goias.gov.br\/social\/governo-do-estado-lanca-programa-goias-social\/","title":{"rendered":"Governo do Estado lan\u00e7a programa Goi\u00e1s Social"},"content":{"rendered":"<img fetchpriority=\"high\" decoding=\"async\" class=\" size-full wp-image-4880\" src=\"http:\/\/goias.gov.br\/social\/wp-content\/uploads\/sites\/24\/2021\/06\/goias-social-2021-db6.jpeg\" alt=\"\u200b\u200bCart\u00e3o do programa Goi\u00e1s Social\" class=\"caption\" title=\"\u200b\u200bCart\u00e3o do programa Goi\u00e1s Social, lan\u00e7ado pelo Governo de Goi\u00e1s nesta ter\u00e7a-feira (15\/06), na cidade de Americano do Brasil\" width=\"1220\" height=\"926\" srcset=\"https:\/\/goias.gov.br\/social\/wp-content\/uploads\/sites\/24\/2021\/06\/goias-social-2021-db6.jpeg 1220w, https:\/\/goias.gov.br\/social\/wp-content\/uploads\/sites\/24\/2021\/06\/goias-social-2021-db6-300x228.jpeg 300w, https:\/\/goias.gov.br\/social\/wp-content\/uploads\/sites\/24\/2021\/06\/goias-social-2021-db6-1024x777.jpeg 1024w, https:\/\/goias.gov.br\/social\/wp-content\/uploads\/sites\/24\/2021\/06\/goias-social-2021-db6-768x583.jpeg 768w\" sizes=\"(max-width: 1220px) 100vw, 1220px\" \/>\n<p>O Programa ajuda fam&iacute;lias em situa&ccedil;&atilde;o de vulnerabilidade em todas regi&otilde;es do Estado e engloba atividades como: constru&ccedil;&atilde;o e reforma de moradias, capacita&ccedil;&atilde;o profissional, cr&eacute;dito para microempreendedor e alfabetiza&ccedil;&atilde;o de jovens adultos, entre outras<\/p>\n<p><!--more--><\/p>\n<dl>\n<dt>O governador Ronaldo Caiado e a presidente de honra da Organiza&ccedil;&atilde;o das Volunt&aacute;rias de Goi&aacute;s (OVG) e coordenadora do Gabinete de Pol&iacute;ticas Sociais (GPS), primeira-dama Gracinha Caiado, lan&ccedil;aram, nesta ter&ccedil;a-feira (15\/06), em Americano do Brasil, no Centro do Estado, o programa Goi&aacute;s Social. A iniciativa re&uacute;ne diversas &aacute;reas do governo em prol da supera&ccedil;&atilde;o de car&ecirc;ncias e uma sa&iacute;da sustent&aacute;vel da pobreza.<\/dt>\n<\/dl>\n<p>&ldquo;Nosso governo n&atilde;o &eacute; de outdoor, &eacute; governo de fato. Devemos a lideran&ccedil;a e a montagem do Goi&aacute;s Social &agrave; nossa primeira-dama e ao engajamento dos secret&aacute;rios. Todos participam de um processo de recupera&ccedil;&atilde;o do Estado. Cada um colocou um tijolo. &Eacute; o Goi&aacute;s do cora&ccedil;&atilde;o, que tem amor pelo seu povo. Eu sempre briguei por Goi&aacute;s. Sou apaixonado por essa terra&rdquo;, declarou o governador.<\/p>\n<p>Gerenciado pelo Gabinete de Pol&iacute;ticas Sociais (GPS), em parceria com a Organiza&ccedil;&atilde;o das Volunt&aacute;rias de Goi&aacute;s (OVG), o programa envolve a&ccedil;&otilde;es de secretarias estaduais e municipais, e est&aacute; em fase de implanta&ccedil;&atilde;o nos minic&iacute;pios de Cavalcante, Edeia, Monte Alegre, Morro Agudo e Nova Am&eacute;rica.<\/p>\n<p>No evento de lan&ccedil;amento, o governador ressaltou o compromisso de sua gest&atilde;o de estender a m&atilde;o do Poder Executivo &agrave;s pessoas que mais necessitam e de levar dignidade para todos os cantos do Estado.<\/p>\n<p>&ldquo;A coisa que mais quero &eacute; concluir nosso governo de uma maneira que as pessoas se sintam orgulhosas dele. O trabalho do Goi&aacute;s Social d&aacute; orgulho para todos n&oacute;s. Cada pedacinho disso aqui tem um secret&aacute;rio doando sua alma, seu tempo, se dedicando para que o cidad&atilde;o seja atendido&rdquo;, explicou Caiado.<\/p>\n<p>A entrega desta ter&ccedil;a-feira (15\/06) &eacute; fruto de um extenso trabalho iniciado em fevereiro deste ano, quando analistas sociais visitaram 131 fam&iacute;lias em vulnerabilidade social, em Americano do Brasil. O Goi&aacute;s Social chega aos munic&iacute;pios do Estado e seus locais mais vulner&aacute;veis por meio dos crit&eacute;rios estabelecidos pelo &Iacute;ndice Multidimensional de Car&ecirc;ncia das Fam&iacute;lias Goianas (IMCF), que leva em considera&ccedil;&atilde;o informa&ccedil;&otilde;es como renda, educa&ccedil;&atilde;o e moradia. O c&aacute;lculo do &iacute;ndice &eacute; realizado pelo Instituto Mauro Borges (IMB), juntando dados do Cadastro &Uacute;nico para Programas Sociais do Governo Federal (Cad&Uacute;nico).<\/p>\n<p>Na primeira visita dos analistas, a OVG entrega benef&iacute;cios de acordo com as necessidades espec&iacute;ficas das fam&iacute;lias. S&atilde;o doados andadores, brinquedos, cadeiras de rodas, colch&otilde;es caixa de ovo, enxovais para beb&ecirc;s, filtros de barro, fraldas descart&aacute;veis geri&aacute;tricas e infantis, leites especiais para beb&ecirc;s, malhas compressivas para pessoas v&iacute;timas de queimaduras e muletas.&nbsp;<\/p>\n<p>Ap&oacute;s essa visita inicial, as secretarias do Estado iniciam o trabalho junto &agrave;s fam&iacute;lias com programas que incentivam a educa&ccedil;&atilde;o e qualifica&ccedil;&atilde;o profissional para gera&ccedil;&atilde;o de emprego e renda, reforma de casas com custo zero para a fam&iacute;lia beneficiada e ainda o Cr&eacute;dito Social, programa de transfer&ecirc;ncia de renda que beneficia pessoas com interesse em empreender e que passaram pelas capacita&ccedil;&otilde;es.<\/p>\n<p>A primeira-dama do Estado e presidente de honra da OVG, Gracinha Caiado, que tamb&eacute;m &eacute; coordenadora do GPS, enalteceu, al&eacute;m das medidas imediatas do Goi&aacute;s Social, como a entrega de benef&iacute;cios e materiais &agrave; popula&ccedil;&atilde;o, a&ccedil;&otilde;es de m&eacute;dio e longo prazo, como a reforma e constru&ccedil;&atilde;o de 94 casas a serem doadas, a custo zero, para habitantes de Americano do Brasil. J&aacute; nesta ter&ccedil;a-feira (15\/06), 30 delas foram entregues.<\/p>\n<p>&ldquo;Quero dizer que cuidar das pessoas &eacute; muito mais do que um desafio, &eacute; um ato de amor, &eacute; o resultado de um governo respons&aacute;vel. Desde que o governador Ronaldo Caiado chegou ao governo, n&oacute;s sempre tivemos a certeza de que s&oacute; valeria a pena se o governo mudasse vidas. Estamos mudando, estamos cuidando. Nos preocupamos todos os dias se podemos fazer mais e fazer melhor para melhorar a vida de todos que mais precisam&rdquo;, refor&ccedil;ou Gracinha Caiado.<\/p>\n<p>A primeira-dama fez quest&atilde;o de frisar que o Goi&aacute;s Social &ldquo;n&atilde;o &eacute; um slogan&rdquo;, mas sim um caminho de travessia com integra&ccedil;&atilde;o para tirar as fam&iacute;lias vulner&aacute;veis da exclus&atilde;o na sociedade. &ldquo;O projeto uniu todas as secretarias e &oacute;rg&atilde;os para que a vida das fam&iacute;lias possa, de fato, melhorar. Goi&aacute;s est&aacute; enfrentando a falta de amor pelos mais pobres. Est&aacute; no caminho certo. O senhor, governador, fez a op&ccedil;&atilde;o correta, que &eacute; amar seu povo, e com uni&atilde;o e trabalho, mostrar na pr&aacute;tica, resultados e com verdade que a vida pode e ser&aacute; diferente&rdquo;, destacou ela.<\/p>\n<p>&ldquo;N&oacute;s estamos devolvendo Goi&aacute;s para os goianos. Isso n&atilde;o &eacute; um ditado. Devolver &eacute; empregar o recurso para restaurar estrada, para gerar emprego, para gerar mudan&ccedil;a na vida das pessoas, como deveria ser desde o come&ccedil;o. Estamos vindo de um modelo de gest&atilde;o que n&atilde;o tem mais futuro no Pa&iacute;s. O modelo de gest&atilde;o que n&oacute;s estamos implantando hoje olha para a popula&ccedil;&atilde;o&rdquo;, ressaltou o vice-governador de Goi&aacute;s, Lincoln Tejota.<\/p>\n<p>O prefeito de Americano do Brasil, Moretson da Silva Borges, o Morete, foi enf&aacute;tico ao dizer que, em todos os seus anos no Executivo do Munic&iacute;pio, nunca viu tantas frentes de trabalho na cidade. &ldquo;Tenho quatro mandatos de prefeito e nunca vi nenhum governador como esse, eu nunca vi uma primeira-dama como essa. Essa primeira-dama est&aacute; transformando o social do nosso Estado. Qual &eacute; a diferen&ccedil;a? Ela gosta do povo, ela est&aacute; no meio do povo, ela n&atilde;o &eacute; primeira-dama de gabinete, ela &eacute; a primeira-dama do Estado, do trabalho. Este projeto vai ser refer&ecirc;ncia no Pa&iacute;s&rdquo;, relatou Moretson.<\/p>\n<p><strong>Trabalho conjunto<\/strong><\/p>\n<p>A partir de agora, o Goi&aacute;s Social vai estender os benef&iacute;cios do programa para todos os munic&iacute;pios do Estado, promovendo parcerias entre as diferentes esferas do Poder P&uacute;blico, tanto Estadual, quanto nas cidades. O Governo de Goi&aacute;s ter&aacute; a&ccedil;&otilde;es ligadas ao programa dentro de seus &oacute;rg&atilde;os subordinados.&nbsp;<\/p>\n<p>Por meio de recursos do Fundo de Prote&ccedil;&atilde;o Social do Estado de Goi&aacute;s (Fundo Protege), a Ag&ecirc;ncia Goiana de Habita&ccedil;&atilde;o (Agehab) vai investir R$ 90 milh&otilde;es para a reforma de cinco mil moradias no Estado. Cada uma delas com investimentos em torno de R$ 18 mil e R$ 25 mil.<\/p>\n<p>Nesta ter&ccedil;a-feira (15\/06), em Americano do Brasil, foi firmado o projeto piloto, que entregar&aacute; 94 casas, de forma gratuita, para fam&iacute;lias em situa&ccedil;&atilde;o de vulnerabilidade. Na &aacute;rea de regulariza&ccedil;&atilde;o fundi&aacute;ria, ser&atilde;o investidos R$ 10 milh&otilde;es, oriundos do Fundo Protege, para a regulariza&ccedil;&atilde;o de &aacute;reas urbanas pertencentes ao Estado.<\/p>\n<p>A Ag&ecirc;ncia de Fomento de Goi&aacute;s S.A. (Goi&aacute;sFomento) funcionar&aacute; como agente financeiro das medidas inclu&iacute;das no Goi&aacute;s Social. Ela ser&aacute; respons&aacute;vel pela promo&ccedil;&atilde;o do desembolso do Cr&eacute;dito Social, benef&iacute;cio dado aos micro e pequenos empreendedores inscritos no programa para aquisi&ccedil;&atilde;o de produtos.<\/p>\n<p>A ag&ecirc;ncia realiza tamb&eacute;m a entrega dos cart&otilde;es do Aux&iacute;lio Alimenta&ccedil;&atilde;o, no valor de R$ 250, para participantes de cursos de capacita&ccedil;&atilde;o. O repasse &eacute; feito gra&ccedil;as a uma parceria com a empresa GeoLab e o dinheiro s&oacute; pode ser utilizado no munic&iacute;pio de resid&ecirc;ncia de quem recebe o benef&iacute;cio, em estabelecimentos cadastrados.<\/p>\n<p>Criada para auxiliar no retorno &agrave;s atividades e aperfei&ccedil;oamento de m&atilde;o de obra durante a pandemia de Covid-19, a Secretaria de Estado da Retomada (SER) forneceu cursos de capacita&ccedil;&atilde;o profissional nas &aacute;reas de auxiliar administrativo, produ&ccedil;&atilde;o aliment&iacute;cia e servi&ccedil;os de beleza. 30 pessoas j&aacute; conclu&iacute;ram. Ainda est&aacute; em andamento o curso de corte e costura. Todos foram realizados por meio do Col&eacute;gio Tecnol&oacute;gico do Estado de Goi&aacute;s (Cotec Goi&aacute;s).<\/p>\n<p>Sobre benef&iacute;cios, 10 pessoas receberam vales de R$ 2.330 no curso de produ&ccedil;&atilde;o aliment&iacute;cia e outras 17 receberam R$ 1.640 no curso de servi&ccedil;os de beleza. A pasta ainda montou tendas de atendimento da Goi&aacute;sFomento e do Servi&ccedil;o Brasileiro de Apoio &agrave;s Micro e Pequenas Empresas (Sebrae) para dar orienta&ccedil;&atilde;o financeira e de planejamento a quem se interessar, via programa Mais Empregos.<\/p>\n<p>A Secretaria de Estado da Agricultura, Pecu&aacute;ria e Abastecimento (Seapa) realizou dois cursos de olericultura\/horticultura e um de avicultura, e organizou iniciativas voltadas para a melhoria do trabalho no campo. As a&ccedil;&otilde;es contaram com parcerias da Ag&ecirc;ncia Goiana de Assist&ecirc;ncia T&eacute;cnica, Extens&atilde;o Rural e Pesquisa Agropecu&aacute;ria (Emater) e do Servi&ccedil;o Nacional de Aprendizagem Rural de Goi&aacute;s (Senar Goi&aacute;s),&nbsp;<\/p>\n<p>A pasta forneceu cr&eacute;dito social para cinco pessoas no valor de R$ 1.962 no curso de avicultura e para seis pessoas no valor de R$ 804,72 no curso de olericultura\/horticultura. Ao todo, 37 pessoas participaram dos cursos, sendo 22 no de olericultura\/horticultura e 15 no de avicultura.<\/p>\n<p>A Secretaria de Estado de Desenvolvimento Social (SEDS) disponibilizar&aacute; &agrave;s fam&iacute;lias atendidas pelo Goi&aacute;s Social R$ 20 milh&otilde;es para o aux&iacute;lio na recupera&ccedil;&atilde;o econ&ocirc;mica em fun&ccedil;&atilde;o da pandemia de Covid-19. Apenas em Americano do Brasil, j&aacute; foram investidos R$ 62.246,88.<\/p>\n<p>A pasta tamb&eacute;m oferece a confec&ccedil;&atilde;o do Passaporte do Idoso, da Carteirinha de Identifica&ccedil;&atilde;o do Autista e do Passe Livre da Pessoa com Defici&ecirc;ncia, realiza o cadastro no Bolsa Fam&iacute;lia, faz o Registro Civil (RG) de quem precisa e fornece orienta&ccedil;&otilde;es sobre o Benef&iacute;cio de Presta&ccedil;&atilde;o Continuada de Assist&ecirc;ncia Social (BPC).<\/p>\n<p>Em Americano do Brasil, a Secretaria de Estado da Educa&ccedil;&atilde;o (Seduc) atende 35 alunos, distribu&iacute;dos em oito turmas, do projeto Alfabetiza&ccedil;&atilde;o e Fam&iacute;lia, que visa combater o analfabetismo em jovens e adultos, em Goi&aacute;s. A previs&atilde;o de formatura dos estudantes &eacute; para setembro de 2021.<\/p>\n<p>Com o objetivo de promover a inclus&atilde;o social por meio da educa&ccedil;&atilde;o, o Alfabetiza&ccedil;&atilde;o e Fam&iacute;lia est&aacute; sendo desenvolvido em nove munic&iacute;pios goianos. S&atilde;o 14 turmas em andamento e 180 alunos matriculados, sendo que 30 j&aacute; foram alfabetizados e est&atilde;o aptos a pegar o Certificado de Conclus&atilde;o.<\/p>\n<p>Americano do Brasil ser&aacute; um dos n&uacute;cleos da parceria do Governo de Goi&aacute;s com a LaLiga, entidade que organiza a primeira e a segunda divis&otilde;es do Campeonato Espanhol, para realiza&ccedil;&atilde;o de projetos, eventos e palestras que incentivem a pr&aacute;tica esportiva e a troca de conhecimento.<\/p>\n<p>M&atilde;e de dois filhos e moradora de Americano do Brasil, Raquel Martins Oliveira, de 30 anos, se emocionou ao falar sobre a chegada do Goi&aacute;s Social na cidade e diretamente em sua realidade. Ela ser&aacute; beneficiada com uma casa. &ldquo;Quem me conhece sabe que sou mulher de muita f&eacute;. Sempre que fa&ccedil;o minhas ora&ccedil;&otilde;es, costumo escrever como se fosse uma carta. Jamais poderia imaginar que a resposta seria t&atilde;o r&aacute;pida. Est&aacute; sendo maravilhoso ver tanta gente trabalhando, estudando. Nunca na minha hist&oacute;ria tinha visto algo assim. Um governo que se preocupasse tanto com o povo&rdquo;, contou Raquel.<\/p>\n<p>Tamb&eacute;m participaram do evento os secret&aacute;rios de Estado C&eacute;sar Moura (Retomada), Lucas Fernandes (Agehab), Andr&eacute;a Vulcanis (Semad), Wellington Matos de Lima (Seds), Cristiane Schmidt (Economia), coronel Luiz Carlos de Alencar (Casa Militar), Adriano da Rocha Lima (SGG), M&aacute;rcio C&eacute;sar (Sedi), Tiago Mendon&ccedil;a (Seapa), Henderson Rodrigues (Seel); os presidentes Pedro Sales (Goinfra), Marcos Roberto Silva (Detran Goi&aacute;s), Rivael Aguiar (Goi&aacute;sFomento), Pedro Leonardo (Emater), Reginaldo J&uacute;nior (ABC), Jos&eacute; Essado (Agrodefesa), Lineu Ol&iacute;mpio (Ceasa), Diego Oliveira (Goi&aacute;s Parcerias), Gilvan C&acirc;ndido (Goi&aacute;sPrev), H&eacute;lio Jos&eacute; Alves (Ipasgo) e Hip&oacute;lito Prado dos Santos (Goi&aacute;s Telecom); o diretor-geral de Administra&ccedil;&atilde;o Penitenci&aacute;ria, tenente-coronel Franz Augusto Marlus Rasmussem Rodrigues; o controlador-geral do Estado, Henrique Ziller; o chefe de gabinete Alex Godinho; a diretora-geral da Organiza&ccedil;&atilde;o das Volunt&aacute;rias de Goi&aacute;s (OVG), Adryanna Melo Caiado; o presidente da Ag&ecirc;ncia Brasil Central (ABC), Reginaldo J&uacute;nior; o ex-senador da Rep&uacute;blica Wilder Morais, o deputado federal Glaustin da Fokus e o deputado estadual Rubens Marques;<\/p>\n<p>Ainda o vice-presidente da Agehab, Luiz Gustavo Rosa Sampaio; o diretor-superintendente do Sebrae Goi&aacute;s, Ant&ocirc;nio Carlos de Souza Lima Neto; o superintendente do Servi&ccedil;o Nacional de Aprendizagem Rural em Goi&aacute;s (Senar Goi&aacute;s), Dirceu Borges; o presidente do Instituto Espinha&ccedil;o, Luiz Oliveira; os prefeitos Paulinho do Barreir&atilde;o (Anicuns), &Aacute;tila R&uacute;bia de Deus (Buriti de Goi&aacute;s), Aderson Liberato Gouvea (Cidade de Goi&aacute;s), Murilo Cesar da Silva (C&oacute;rrego do Ouro), Carl&atilde;o (Goianira), Ubirajara Antonio Duarte J&uacute;nior (S&atilde;o Jo&atilde;o da Para&uacute;na), Jos&eacute; Airton (Firmin&oacute;polis), Wilson Tavares (Gameleira), Rita de C&aacute;ssia (Itabera&iacute;), Fernando Ara&uacute;jo (Itaguaru), Clayton Pereira de Melo (Itau&ccedil;u), Dr. J&uacute;nior (Ivol&acirc;ndia), Adel&iacute;cia Moura (Israel&acirc;ndia), Franc Elvis Vaz (Palmin&oacute;polis), Z&eacute; Wilson (Moipor&aacute;), Paulo Vitor Avelar (Jaragu&aacute;), Paulinho do Luzitana (Para&uacute;na), Ferrugem (Naz&aacute;rio), Job Martins de Jesus (Santa B&aacute;rbara), Rafael Pereira (Varj&atilde;o), Fausto Mariano (Turv&acirc;nia) e Ney Canela (Uruana); o comandante-geral do Corpo de Bombeiros Militar do Estado de Goi&aacute;s (CBMGO), coronel Esmeraldino Jacinto de Lemos; o comandante do Batalh&atilde;o Bombeiro Militar, coronel Moura; o comandante do 1&deg; Batalh&atilde;o de Pol&iacute;cia Militar Ambiental, tenente-coronel Geraldo Pascoal Soares Neto; o reitor da Universidade Estadual de Goi&aacute;s (UEG), Valter Campos; a primeira-dama de Americano do Brasil, Mara Regina Borges; o promotor de Justi&ccedil;a, Cristiano Mota Silva; o delegado da Pol&iacute;cia Civil do Estado de Goi&aacute;s, Gylson Mariano; o vice-prefeito de S&atilde;o Lu&iacute;s de Montes Belos, J&uacute;nior da Receita; o presidente da C&acirc;mara Municipal de Sanclerl&acirc;ndia, vereador Jo&atilde;o Paulo; a senhora Adinair, m&atilde;e do prefeito de Adel&acirc;ndia, Edinho do Latic&iacute;nio; o p&aacute;roco de Anicuns, padre Dionivaldo Rosa Pires; o pastor William Moreira, representando o pastor Oziel Justo, da Assembleia de Deus de Americano do Brasil; a presidente da C&acirc;mara de Vereadores de Americano do Brasil, Mar&iacute;zia Lemes, e os vereadores do munic&iacute;pio, C&eacute;zar Ad&atilde;o, Laricy Oliveira, S&eacute;rgio Oliveira, Willian Moreira e Willian Nunes; o coordenador regional de educa&ccedil;&atilde;o de Itabera&iacute;, Vin&iacute;cius &Aacute;tila de Carvalho; o representante da LaLiga, Albert Castello, al&eacute;m de demais autoridades pol&iacute;ticas e lideran&ccedil;as comunit&aacute;rias.<\/p>\n<p>&nbsp;<\/p>\n<p><strong>Fonte: Secretaria de Comunica&ccedil;&atilde;o &#8211; Governo de Goi&aacute;s<\/strong><\/p>\n","protected":false},"excerpt":{"rendered":"<p>O Programa ajuda fam&iacute;lias em situa&ccedil;&atilde;o de vulnerabilidade em todas regi&otilde;es do Estado e engloba atividades como: constru&ccedil;&atilde;o e reforma de moradias, capacita&ccedil;&atilde;o profissional, cr&eacute;dito para microempreendedor e alfabetiza&ccedil;&atilde;o de jovens adultos, entre outras<\/p>\n","protected":false},"author":264,"featured_media":4880,"comment_status":"closed","ping_status":"open","sticky":false,"template":"","format":"standard","meta":{"footnotes":""},"categories":[55],"tags":[87,88,89,90],"class_list":["post-4881","post","type-post","status-publish","format-standard","has-post-thumbnail","hentry","category-noticias","tag-goias-social","tag-governo-de-goias","tag-ovg","tag-secretaria-de-estado-de-desenvolvimento-social"],"rttpg_featured_image_url":{"full":["https:\/\/goias.gov.br\/social\/wp-content\/uploads\/sites\/24\/2021\/06\/goias-social-2021-db6.jpeg",1220,926,false],"landscape":["https:\/\/goias.gov.br\/social\/wp-content\/uploads\/sites\/24\/2021\/06\/goias-social-2021-db6.jpeg",1220,926,false],"portraits":["https:\/\/goias.gov.br\/social\/wp-content\/uploads\/sites\/24\/2021\/06\/goias-social-2021-db6.jpeg",1220,926,false],"thumbnail":["https:\/\/goias.gov.br\/social\/wp-content\/uploads\/sites\/24\/2021\/06\/goias-social-2021-db6-150x150.jpeg",150,150,true],"medium":["https:\/\/goias.gov.br\/social\/wp-content\/uploads\/sites\/24\/2021\/06\/goias-social-2021-db6-300x228.jpeg",300,228,true],"large":["https:\/\/goias.gov.br\/social\/wp-content\/uploads\/sites\/24\/2021\/06\/goias-social-2021-db6-1024x777.jpeg",1024,777,true],"1536x1536":["https:\/\/goias.gov.br\/social\/wp-content\/uploads\/sites\/24\/2021\/06\/goias-social-2021-db6.jpeg",1220,926,false],"2048x2048":["https:\/\/goias.gov.br\/social\/wp-content\/uploads\/sites\/24\/2021\/06\/goias-social-2021-db6.jpeg",1220,926,false]},"rttpg_author":{"display_name":"","author_link":"https:\/\/goias.gov.br\/social\/author\/"},"rttpg_comment":0,"rttpg_category":"<a href=\"https:\/\/goias.gov.br\/social\/categoria\/noticias\/\" rel=\"category tag\">Not\u00edcias<\/a>","rttpg_excerpt":"O Programa ajuda fam&iacute;lias em situa&ccedil;&atilde;o de vulnerabilidade em todas regi&otilde;es do Estado e engloba atividades como: constru&ccedil;&atilde;o e reforma de moradias, capacita&ccedil;&atilde;o profissional, cr&eacute;dito para microempreendedor e alfabetiza&ccedil;&atilde;o de jovens adultos, entre outras","_links":{"self":[{"href":"https:\/\/goias.gov.br\/social\/wp-json\/wp\/v2\/posts\/4881","targetHints":{"allow":["GET"]}}],"collection":[{"href":"https:\/\/goias.gov.br\/social\/wp-json\/wp\/v2\/posts"}],"about":[{"href":"https:\/\/goias.gov.br\/social\/wp-json\/wp\/v2\/types\/post"}],"author":[{"embeddable":true,"href":"https:\/\/goias.gov.br\/social\/wp-json\/wp\/v2\/users\/264"}],"replies":[{"embeddable":true,"href":"https:\/\/goias.gov.br\/social\/wp-json\/wp\/v2\/comments?post=4881"}],"version-history":[{"count":0,"href":"https:\/\/goias.gov.br\/social\/wp-json\/wp\/v2\/posts\/4881\/revisions"}],"wp:featuredmedia":[{"embeddable":true,"href":"https:\/\/goias.gov.br\/social\/wp-json\/wp\/v2\/media\/4880"}],"wp:attachment":[{"href":"https:\/\/goias.gov.br\/social\/wp-json\/wp\/v2\/media?parent=4881"}],"wp:term":[{"taxonomy":"category","embeddable":true,"href":"https:\/\/goias.gov.br\/social\/wp-json\/wp\/v2\/categories?post=4881"},{"taxonomy":"post_tag","embeddable":true,"href":"https:\/\/goias.gov.br\/social\/wp-json\/wp\/v2\/tags?post=4881"}],"curies":[{"name":"wp","href":"https:\/\/api.w.org\/{rel}","templated":true}]}}