

{"id":3574,"date":"2019-11-19T18:59:11","date_gmt":"2019-11-19T21:59:11","guid":{"rendered":"https:\/\/siteshom.goias.gov.br\/social\/lucia-vania-vai-a-oab-go-em-prol-do-pacto-pelo-fim-da-violencia\/"},"modified":"2019-11-19T18:59:11","modified_gmt":"2019-11-19T21:59:11","slug":"lucia-vania-vai-a-oab-go-em-prol-do-pacto-pelo-fim-da-violencia","status":"publish","type":"post","link":"https:\/\/goias.gov.br\/social\/lucia-vania-vai-a-oab-go-em-prol-do-pacto-pelo-fim-da-violencia\/","title":{"rendered":"L\u00facia V\u00e2nia vai \u00e0 OAB-GO em prol do Pacto pelo Fim da Viol\u00eancia"},"content":{"rendered":"<p><img fetchpriority=\"high\" decoding=\"async\" class=\" size-full wp-image-3573\" src=\"http:\/\/goias.gov.br\/social\/wp-content\/uploads\/sites\/24\/2019\/11\/delzira-5e5.jpeg\" alt=\"\" width=\"640\" height=\"427\" srcset=\"https:\/\/goias.gov.br\/social\/wp-content\/uploads\/sites\/24\/2019\/11\/delzira-5e5.jpeg 640w, https:\/\/goias.gov.br\/social\/wp-content\/uploads\/sites\/24\/2019\/11\/delzira-5e5-300x200.jpeg 300w\" sizes=\"(max-width: 640px) 100vw, 640px\" \/><\/p>\n<p>&quot;Acho que estamos num bom momento de mobilizar toda a sociedade para darmos um basta na cultura do machismo que alimenta a viol&ecirc;ncia contra a mulher&rdquo;, disse a secret&aacute;ria na reuni&atilde;o<\/p>\n<p><!--more--><\/p>\n<p>A secret&aacute;ria L&uacute;cia V&acirc;nia, titular da Secretaria de Desenvolvimento Social (Seds), esteve nesta ter&ccedil;a-feira (19) na sede da Ordem dos Advogados do Brasil em Goi&aacute;s para convidar a dire&ccedil;&atilde;o da entidade a apoiar o Pacto Goiano pelo Fim da Viol&ecirc;ncia Contra a Mulher, evento que o Governo de Goi&aacute;s lan&ccedil;a na quinta-feira (21), em Goi&acirc;nia.<\/p>\n<p>Em nome do presidente L&uacute;cio Fl&aacute;vio, a secret&aacute;ria foi recebida por Delzira Santos Menezes, secret&aacute;ria-geral adjunta da OAB-GO. Na reuni&atilde;o, L&uacute;cia V&acirc;nia chamou a aten&ccedil;&atilde;o para a import&acirc;ncia e apelo que o tema tem ganhado e os esfor&ccedil;os que o Governo de Goi&aacute;s, via Seds, vem implementando na promo&ccedil;&atilde;o de pol&iacute;ticas de prote&ccedil;&atilde;o &agrave; mulher goiana.<\/p>\n<p>&nbsp;&ldquo;Tem me impressionado positivamente a boa recep&ccedil;&atilde;o que tenho tido com as pessoas quando trato desse assunto. Acho que estamos num bom momento de mobilizar toda a sociedade para darmos um basta na cultura do machismo, que alimenta a viol&ecirc;ncia contra a mulher&rdquo;, disse a secret&aacute;ria comentando as v&aacute;rias reuni&otilde;es que tem realizado com diferentes segmentos da sociedade para divulgar o Pacto.<\/p>\n<p>Delzira Santos elogiou a secret&aacute;ria L&uacute;cia V&acirc;nia e agradeceu pelo convite. Disse que a OAB-GO sempre estar&aacute; &ldquo;de portas abertas&rdquo; a iniciativas que visem &agrave; garantia da dignidade humana. &ldquo;Somos parceiros, a senhora pode contar conosco, estamos de portas abertas agora e noutras atividades que busquem construir uma cultura de paz e na garantia de direitos e da dignidade humana&rdquo;, disse a dirigente da associa&ccedil;&atilde;o dos advogados goianos.<\/p>\n<p>L&uacute;cia V&acirc;nia foi acompanhada pelas superintendentes da Mulher e Igualdade Racial, Rosi Guimar&atilde;es, e da Crian&ccedil;a, Adolescente e Juventude, Tha&iacute;s Moraes. O Pacto Goiano pelo Fim da Viol&ecirc;ncia Contra a Mulher ser&aacute; realizado &agrave;s 9h da quinta-feira (21) no Centro Cultural Oscar Niemeyer, na capital.<\/p>\n<p><strong>Assessoria de Imprensa \/ Seds<\/strong><\/p>\n<p><strong>19\/11\/2019<\/strong><\/p>\n<p>&nbsp;<\/p>\n","protected":false},"excerpt":{"rendered":"<p>&quot;Acho que estamos num bom momento de mobilizar toda a sociedade para darmos um basta na cultura do machismo que alimenta a viol&ecirc;ncia contra a mulher&rdquo;, disse a secret&aacute;ria na reuni&atilde;o<\/p>\n","protected":false},"author":257,"featured_media":3573,"comment_status":"closed","ping_status":"open","sticky":false,"template":"","format":"standard","meta":{"footnotes":""},"categories":[55],"tags":[],"class_list":["post-3574","post","type-post","status-publish","format-standard","has-post-thumbnail","hentry","category-noticias"],"rttpg_featured_image_url":{"full":["https:\/\/goias.gov.br\/social\/wp-content\/uploads\/sites\/24\/2019\/11\/delzira-5e5.jpeg",640,427,false],"landscape":["https:\/\/goias.gov.br\/social\/wp-content\/uploads\/sites\/24\/2019\/11\/delzira-5e5.jpeg",640,427,false],"portraits":["https:\/\/goias.gov.br\/social\/wp-content\/uploads\/sites\/24\/2019\/11\/delzira-5e5.jpeg",640,427,false],"thumbnail":["https:\/\/goias.gov.br\/social\/wp-content\/uploads\/sites\/24\/2019\/11\/delzira-5e5-150x150.jpeg",150,150,true],"medium":["https:\/\/goias.gov.br\/social\/wp-content\/uploads\/sites\/24\/2019\/11\/delzira-5e5-300x200.jpeg",300,200,true],"large":["https:\/\/goias.gov.br\/social\/wp-content\/uploads\/sites\/24\/2019\/11\/delzira-5e5.jpeg",640,427,false],"1536x1536":["https:\/\/goias.gov.br\/social\/wp-content\/uploads\/sites\/24\/2019\/11\/delzira-5e5.jpeg",640,427,false],"2048x2048":["https:\/\/goias.gov.br\/social\/wp-content\/uploads\/sites\/24\/2019\/11\/delzira-5e5.jpeg",640,427,false]},"rttpg_author":{"display_name":"cassiajardim","author_link":"https:\/\/goias.gov.br\/social\/author\/cassiajardim\/"},"rttpg_comment":0,"rttpg_category":"<a href=\"https:\/\/goias.gov.br\/social\/categoria\/noticias\/\" rel=\"category tag\">Not\u00edcias<\/a>","rttpg_excerpt":"&quot;Acho que estamos num bom momento de mobilizar toda a sociedade para darmos um basta na cultura do machismo que alimenta a viol&ecirc;ncia contra a mulher&rdquo;, disse a secret&aacute;ria na reuni&atilde;o","_links":{"self":[{"href":"https:\/\/goias.gov.br\/social\/wp-json\/wp\/v2\/posts\/3574","targetHints":{"allow":["GET"]}}],"collection":[{"href":"https:\/\/goias.gov.br\/social\/wp-json\/wp\/v2\/posts"}],"about":[{"href":"https:\/\/goias.gov.br\/social\/wp-json\/wp\/v2\/types\/post"}],"author":[{"embeddable":true,"href":"https:\/\/goias.gov.br\/social\/wp-json\/wp\/v2\/users\/257"}],"replies":[{"embeddable":true,"href":"https:\/\/goias.gov.br\/social\/wp-json\/wp\/v2\/comments?post=3574"}],"version-history":[{"count":0,"href":"https:\/\/goias.gov.br\/social\/wp-json\/wp\/v2\/posts\/3574\/revisions"}],"wp:featuredmedia":[{"embeddable":true,"href":"https:\/\/goias.gov.br\/social\/wp-json\/wp\/v2\/media\/3573"}],"wp:attachment":[{"href":"https:\/\/goias.gov.br\/social\/wp-json\/wp\/v2\/media?parent=3574"}],"wp:term":[{"taxonomy":"category","embeddable":true,"href":"https:\/\/goias.gov.br\/social\/wp-json\/wp\/v2\/categories?post=3574"},{"taxonomy":"post_tag","embeddable":true,"href":"https:\/\/goias.gov.br\/social\/wp-json\/wp\/v2\/tags?post=3574"}],"curies":[{"name":"wp","href":"https:\/\/api.w.org\/{rel}","templated":true}]}}