

{"id":3572,"date":"2019-11-14T18:43:25","date_gmt":"2019-11-14T21:43:25","guid":{"rendered":"https:\/\/siteshom.goias.gov.br\/social\/lucia-vania-acompanha-comitivas-estrangeiras-em-visita-ao-crianca-feliz\/"},"modified":"2019-11-14T18:43:25","modified_gmt":"2019-11-14T21:43:25","slug":"lucia-vania-acompanha-comitivas-estrangeiras-em-visita-ao-crianca-feliz","status":"publish","type":"post","link":"https:\/\/goias.gov.br\/social\/lucia-vania-acompanha-comitivas-estrangeiras-em-visita-ao-crianca-feliz\/","title":{"rendered":"L\u00facia V\u00e2nia acompanha comitivas estrangeiras em visita ao Crian\u00e7a Feliz"},"content":{"rendered":"<p><img fetchpriority=\"high\" decoding=\"async\" class=\" size-full wp-image-3571\" src=\"http:\/\/goias.gov.br\/social\/wp-content\/uploads\/sites\/24\/2019\/11\/Valparaiso-442.jpg\" alt=\"\" width=\"1152\" height=\"864\" srcset=\"https:\/\/goias.gov.br\/social\/wp-content\/uploads\/sites\/24\/2019\/11\/Valparaiso-442.jpg 1152w, https:\/\/goias.gov.br\/social\/wp-content\/uploads\/sites\/24\/2019\/11\/Valparaiso-442-300x225.jpg 300w, https:\/\/goias.gov.br\/social\/wp-content\/uploads\/sites\/24\/2019\/11\/Valparaiso-442-1024x768.jpg 1024w, https:\/\/goias.gov.br\/social\/wp-content\/uploads\/sites\/24\/2019\/11\/Valparaiso-442-768x576.jpg 768w, https:\/\/goias.gov.br\/social\/wp-content\/uploads\/sites\/24\/2019\/11\/Valparaiso-442-600x450.jpg 600w\" sizes=\"(max-width: 1152px) 100vw, 1152px\" \/><\/p>\n<p>Representantes da &Aacute;frica do Sul e China visitaram o programa do governo federal no Entorno do DF; Primeira-dama Michelle Bolsonaro e ministro Osmar Terra foram cicerones&nbsp;<\/p>\n<p><!--more--><\/p>\n<p>Acompanhando a primeira-dama Michelle Bolsonaro e o ministro da Cidadania Osmar Terra, a secret&aacute;ria L&uacute;cia V&acirc;nia, titular da Secretaria de Desenvolvimento Social (Seds), esteve nesta quinta-feira (14) em Valpara&iacute;so, cidade do Entorno de Bras&iacute;lia que recebeu representantes da &Aacute;frica do Sul e China em visita ao programa Crian&ccedil;a Feliz.<\/p>\n<p>A visita foi realizada no Centro de Refer&ecirc;ncia em Assist&ecirc;ncia Social (CRAS) Ipanema e contou tamb&eacute;m com a participa&ccedil;&atilde;o do prefeito P&aacute;bio Mossor&oacute;, do secret&aacute;rio municipal de Assist&ecirc;ncia Social, Francisco Ribeiro, coordenadores e fam&iacute;lias benefici&aacute;rias do Crian&ccedil;a Feliz, programa do governo federal que presta atendimento a crian&ccedil;as na primeira inf&acirc;ncia.<\/p>\n<p>A primeira-dama da &Aacute;frica do Sul, Tshepo Motsepe, liderou a comitiva de embaixadores e gestores africanos. Pela China, participou Mary Young, diretora do Centro de Desenvolvimento Infantil daquele pa&iacute;s. Nesta semana, as comitivas dos dois pa&iacute;ses conheceram o funcionamento das visitas domiciliares do programa em Valpara&iacute;so e &Aacute;guas Lindas, ambas no Entorno do Distrito Federal.<\/p>\n<p><strong>O programa<\/strong><\/p>\n<p>Coordenado pelo Minist&eacute;rio da Cidadania, por meio da Secretaria Especial do Desenvolvimento Social, o Crian&ccedil;a Feliz promove o desenvolvimento adequado na primeira inf&acirc;ncia, integrando a&ccedil;&otilde;es nas &aacute;reas de assist&ecirc;ncia social, sa&uacute;de, educa&ccedil;&atilde;o, cultura, justi&ccedil;a e direitos humanos.<\/p>\n<p>O programa est&aacute; presente em 2.620 munic&iacute;pios brasileiros e j&aacute; atendeu mais de 800 mil crian&ccedil;as e gestantes. No total, mais de 22,1 milh&otilde;es de visitas domiciliares foram realizadas por cerca de 19 mil profissionais capacitados que orientam sobre o desenvolvimento das crian&ccedil;as de at&eacute; tr&ecirc;s anos inseridas no Cadastro &Uacute;nico para programas sociais do governo e de at&eacute; seis anos &agrave;quelas cujas fam&iacute;lias recebem o Benef&iacute;cio de Presta&ccedil;&atilde;o Continuada (BPC).<\/p>\n<p><strong>Assessoria de Imprensa \/ Seds<\/strong><\/p>\n<p><strong>14\/12\/2019<\/strong><\/p>\n","protected":false},"excerpt":{"rendered":"<p>Representantes da &Aacute;frica do Sul e China visitaram o programa do governo federal no Entorno do DF; Primeira-dama Michelle Bolsonaro e ministro Osmar Terra foram cicerones&nbsp;<\/p>\n","protected":false},"author":258,"featured_media":3571,"comment_status":"closed","ping_status":"open","sticky":false,"template":"","format":"standard","meta":{"footnotes":""},"categories":[55],"tags":[],"class_list":["post-3572","post","type-post","status-publish","format-standard","has-post-thumbnail","hentry","category-noticias"],"rttpg_featured_image_url":{"full":["https:\/\/goias.gov.br\/social\/wp-content\/uploads\/sites\/24\/2019\/11\/Valparaiso-442.jpg",1152,864,false],"landscape":["https:\/\/goias.gov.br\/social\/wp-content\/uploads\/sites\/24\/2019\/11\/Valparaiso-442.jpg",1152,864,false],"portraits":["https:\/\/goias.gov.br\/social\/wp-content\/uploads\/sites\/24\/2019\/11\/Valparaiso-442.jpg",1152,864,false],"thumbnail":["https:\/\/goias.gov.br\/social\/wp-content\/uploads\/sites\/24\/2019\/11\/Valparaiso-442-150x150.jpg",150,150,true],"medium":["https:\/\/goias.gov.br\/social\/wp-content\/uploads\/sites\/24\/2019\/11\/Valparaiso-442-300x225.jpg",300,225,true],"large":["https:\/\/goias.gov.br\/social\/wp-content\/uploads\/sites\/24\/2019\/11\/Valparaiso-442-1024x768.jpg",1024,768,true],"1536x1536":["https:\/\/goias.gov.br\/social\/wp-content\/uploads\/sites\/24\/2019\/11\/Valparaiso-442.jpg",1152,864,false],"2048x2048":["https:\/\/goias.gov.br\/social\/wp-content\/uploads\/sites\/24\/2019\/11\/Valparaiso-442.jpg",1152,864,false]},"rttpg_author":{"display_name":"karenosantos","author_link":"https:\/\/goias.gov.br\/social\/author\/karenosantos\/"},"rttpg_comment":0,"rttpg_category":"<a href=\"https:\/\/goias.gov.br\/social\/categoria\/noticias\/\" rel=\"category tag\">Not\u00edcias<\/a>","rttpg_excerpt":"Representantes da &Aacute;frica do Sul e China visitaram o programa do governo federal no Entorno do DF; Primeira-dama Michelle Bolsonaro e ministro Osmar Terra foram cicerones&nbsp;","_links":{"self":[{"href":"https:\/\/goias.gov.br\/social\/wp-json\/wp\/v2\/posts\/3572","targetHints":{"allow":["GET"]}}],"collection":[{"href":"https:\/\/goias.gov.br\/social\/wp-json\/wp\/v2\/posts"}],"about":[{"href":"https:\/\/goias.gov.br\/social\/wp-json\/wp\/v2\/types\/post"}],"author":[{"embeddable":true,"href":"https:\/\/goias.gov.br\/social\/wp-json\/wp\/v2\/users\/258"}],"replies":[{"embeddable":true,"href":"https:\/\/goias.gov.br\/social\/wp-json\/wp\/v2\/comments?post=3572"}],"version-history":[{"count":0,"href":"https:\/\/goias.gov.br\/social\/wp-json\/wp\/v2\/posts\/3572\/revisions"}],"wp:featuredmedia":[{"embeddable":true,"href":"https:\/\/goias.gov.br\/social\/wp-json\/wp\/v2\/media\/3571"}],"wp:attachment":[{"href":"https:\/\/goias.gov.br\/social\/wp-json\/wp\/v2\/media?parent=3572"}],"wp:term":[{"taxonomy":"category","embeddable":true,"href":"https:\/\/goias.gov.br\/social\/wp-json\/wp\/v2\/categories?post=3572"},{"taxonomy":"post_tag","embeddable":true,"href":"https:\/\/goias.gov.br\/social\/wp-json\/wp\/v2\/tags?post=3572"}],"curies":[{"name":"wp","href":"https:\/\/api.w.org\/{rel}","templated":true}]}}