

{"id":3568,"date":"2019-11-12T19:17:58","date_gmt":"2019-11-12T22:17:58","guid":{"rendered":"https:\/\/siteshom.goias.gov.br\/social\/lucia-vania-pede-a-fieg-apoio-ao-pacto-pelo-fim-da-violencia-contra-a-mulher\/"},"modified":"2019-11-12T19:17:58","modified_gmt":"2019-11-12T22:17:58","slug":"lucia-vania-pede-a-fieg-apoio-ao-pacto-pelo-fim-da-violencia-contra-a-mulher","status":"publish","type":"post","link":"https:\/\/goias.gov.br\/social\/lucia-vania-pede-a-fieg-apoio-ao-pacto-pelo-fim-da-violencia-contra-a-mulher\/","title":{"rendered":"L\u00facia V\u00e2nia pede \u00e0 Fieg apoio ao Pacto pelo Fim da Viol\u00eancia Contra a Mulher"},"content":{"rendered":"<p><img fetchpriority=\"high\" decoding=\"async\" class=\" size-full wp-image-3567\" src=\"http:\/\/goias.gov.br\/social\/wp-content\/uploads\/sites\/24\/2019\/11\/DSC_1270-053-scaled.jpg\" alt=\"\" width=\"2560\" height=\"1708\" srcset=\"https:\/\/goias.gov.br\/social\/wp-content\/uploads\/sites\/24\/2019\/11\/DSC_1270-053-scaled.jpg 2560w, https:\/\/goias.gov.br\/social\/wp-content\/uploads\/sites\/24\/2019\/11\/DSC_1270-053-300x200.jpg 300w, https:\/\/goias.gov.br\/social\/wp-content\/uploads\/sites\/24\/2019\/11\/DSC_1270-053-1024x683.jpg 1024w, https:\/\/goias.gov.br\/social\/wp-content\/uploads\/sites\/24\/2019\/11\/DSC_1270-053-768x512.jpg 768w, https:\/\/goias.gov.br\/social\/wp-content\/uploads\/sites\/24\/2019\/11\/DSC_1270-053-1536x1025.jpg 1536w, https:\/\/goias.gov.br\/social\/wp-content\/uploads\/sites\/24\/2019\/11\/DSC_1270-053-2048x1367.jpg 2048w\" sizes=\"(max-width: 2560px) 100vw, 2560px\" \/><\/p>\n<p>Secret&aacute;ria lembra&nbsp;que a viol&ecirc;ncia contra a mulher &eacute; um mal que afeta a toda a sociedade, incluindo as empresas, que s&atilde;o impactadas sobre os aspectos sociais e econ&ocirc;micos<\/p>\n<p><!--more--><\/p>\n<p>&nbsp;secret&aacute;ria L&uacute;cia V&acirc;nia, titular da Secretaria de Desenvolvimento Social (Seds), se reuniu nesta ter&ccedil;a-feira (12\/11) com Sandro Mabel, presidente da Federa&ccedil;&atilde;o das Ind&uacute;strias do Estado de Goi&aacute;s (Fieg). No encontro, a secret&aacute;ria pediu ao dirigente apoio ao Pacto Goiano pelo Fim da Viol&ecirc;ncia Contra a Mulher, que o Governo de Goi&aacute;s lan&ccedil;a no pr&oacute;ximo dia 21, em Goi&acirc;nia.<\/p>\n<p>Na reuni&atilde;o, L&uacute;cia V&acirc;nia lembrou que a viol&ecirc;ncia contra a mulher &eacute; um mal que afeta a toda a sociedade, incluindo as empresas, que s&atilde;o impactadas sobre os aspectos sociais e econ&ocirc;micos, j&aacute; que elas sofrem com as faltas ao trabalho e queda de rendimento das funcion&aacute;rias envolvidas em casos de viol&ecirc;ncia dom&eacute;stica.<\/p>\n<blockquote>\n<p>&ldquo;Creio que nossas empresas podem nos dar uma contribui&ccedil;&atilde;o enorme nesse sentido, aderindo ao Pacto, abrindo suas portas para que possamos levar a todos os seus funcion&aacute;rios informa&ccedil;&otilde;es, reflex&atilde;o e conscientiza&ccedil;&atilde;o acerca desse problema&rdquo;, disse a secret&aacute;ria ao dirigente ao presidente da Fieg falando tamb&eacute;m do projeto que leva &agrave;s empresas orienta&ccedil;&otilde;es sobre a Lei Maria da Penha.<\/p>\n<\/blockquote>\n<p>Mabel, por sua vez, disse que a Fieg v&ecirc; com bons olhos a iniciativa e contribuir&aacute; com o pacto.<\/p>\n<blockquote>\n<p>&ldquo;Vamos n&atilde;o s&oacute; convidar nossas empresas a abrirem suas portas a este trabalho, bem como auxiliar na ampla divulga&ccedil;&atilde;o dessa id&eacute;ia&rdquo;, afirmou o dirigente empresarial na reuni&atilde;o, que foi acompanhada tamb&eacute;m pelo diretor do Senai, Paulo Vargas, Humberto Rodrigues, superintendente do Instituto Euvaldo Lodi (IEL) e a superintendente da Mulher e Igualdade Racial da Seds, Rosi Guimar&atilde;es.&nbsp; &nbsp;<\/p>\n<\/blockquote>\n<p>Al&eacute;m de solicitar apoio &agrave; pol&iacute;tica de combate &agrave; viol&ecirc;ncia contra a mulher, L&uacute;cia V&acirc;nia explicou ao presidente da Fieg as demais pol&iacute;ticas sociais que a Seds executa, destacando em especial o trabalho realizado pelo Sine, o Sistema Nacional de Emprego, coordenado em Goi&aacute;s pela Seds. Ao final, a secret&aacute;ria convidou Sandro Mabel a prestigiar o lan&ccedil;amento do Pacto Goiano pelo Fim da Viol&ecirc;ncia Contra a Mulher, agendado para 9h do pr&oacute;ximo dia 21, no Centro Cultural Oscar Niemeyer, na capital.<\/p>\n<p><strong>Assessoria de Imprensa \/ Seds<\/strong><\/p>\n<p><strong>12\/11\/019<\/strong><\/p>\n","protected":false},"excerpt":{"rendered":"<p>Secret&aacute;ria lembra&nbsp;que a viol&ecirc;ncia contra a mulher &eacute; um mal que afeta a toda a sociedade, incluindo as empresas, que s&atilde;o impactadas sobre os aspectos sociais e econ&ocirc;micos<\/p>\n","protected":false},"author":258,"featured_media":3567,"comment_status":"closed","ping_status":"open","sticky":false,"template":"","format":"standard","meta":{"footnotes":""},"categories":[55],"tags":[],"class_list":["post-3568","post","type-post","status-publish","format-standard","has-post-thumbnail","hentry","category-noticias"],"rttpg_featured_image_url":{"full":["https:\/\/goias.gov.br\/social\/wp-content\/uploads\/sites\/24\/2019\/11\/DSC_1270-053-scaled.jpg",2560,1708,false],"landscape":["https:\/\/goias.gov.br\/social\/wp-content\/uploads\/sites\/24\/2019\/11\/DSC_1270-053-scaled.jpg",2560,1708,false],"portraits":["https:\/\/goias.gov.br\/social\/wp-content\/uploads\/sites\/24\/2019\/11\/DSC_1270-053-scaled.jpg",2560,1708,false],"thumbnail":["https:\/\/goias.gov.br\/social\/wp-content\/uploads\/sites\/24\/2019\/11\/DSC_1270-053-150x150.jpg",150,150,true],"medium":["https:\/\/goias.gov.br\/social\/wp-content\/uploads\/sites\/24\/2019\/11\/DSC_1270-053-300x200.jpg",300,200,true],"large":["https:\/\/goias.gov.br\/social\/wp-content\/uploads\/sites\/24\/2019\/11\/DSC_1270-053-1024x683.jpg",1024,683,true],"1536x1536":["https:\/\/goias.gov.br\/social\/wp-content\/uploads\/sites\/24\/2019\/11\/DSC_1270-053-1536x1025.jpg",1536,1025,true],"2048x2048":["https:\/\/goias.gov.br\/social\/wp-content\/uploads\/sites\/24\/2019\/11\/DSC_1270-053-2048x1367.jpg",2048,1367,true]},"rttpg_author":{"display_name":"karenosantos","author_link":"https:\/\/goias.gov.br\/social\/author\/karenosantos\/"},"rttpg_comment":0,"rttpg_category":"<a href=\"https:\/\/goias.gov.br\/social\/categoria\/noticias\/\" rel=\"category tag\">Not\u00edcias<\/a>","rttpg_excerpt":"Secret&aacute;ria lembra&nbsp;que a viol&ecirc;ncia contra a mulher &eacute; um mal que afeta a toda a sociedade, incluindo as empresas, que s&atilde;o impactadas sobre os aspectos sociais e econ&ocirc;micos","_links":{"self":[{"href":"https:\/\/goias.gov.br\/social\/wp-json\/wp\/v2\/posts\/3568","targetHints":{"allow":["GET"]}}],"collection":[{"href":"https:\/\/goias.gov.br\/social\/wp-json\/wp\/v2\/posts"}],"about":[{"href":"https:\/\/goias.gov.br\/social\/wp-json\/wp\/v2\/types\/post"}],"author":[{"embeddable":true,"href":"https:\/\/goias.gov.br\/social\/wp-json\/wp\/v2\/users\/258"}],"replies":[{"embeddable":true,"href":"https:\/\/goias.gov.br\/social\/wp-json\/wp\/v2\/comments?post=3568"}],"version-history":[{"count":0,"href":"https:\/\/goias.gov.br\/social\/wp-json\/wp\/v2\/posts\/3568\/revisions"}],"wp:featuredmedia":[{"embeddable":true,"href":"https:\/\/goias.gov.br\/social\/wp-json\/wp\/v2\/media\/3567"}],"wp:attachment":[{"href":"https:\/\/goias.gov.br\/social\/wp-json\/wp\/v2\/media?parent=3568"}],"wp:term":[{"taxonomy":"category","embeddable":true,"href":"https:\/\/goias.gov.br\/social\/wp-json\/wp\/v2\/categories?post=3568"},{"taxonomy":"post_tag","embeddable":true,"href":"https:\/\/goias.gov.br\/social\/wp-json\/wp\/v2\/tags?post=3568"}],"curies":[{"name":"wp","href":"https:\/\/api.w.org\/{rel}","templated":true}]}}