

{"id":33996,"date":"2024-10-18T18:02:12","date_gmt":"2024-10-18T21:02:12","guid":{"rendered":"https:\/\/goias.gov.br\/social\/?p=33996"},"modified":"2024-10-21T08:37:00","modified_gmt":"2024-10-21T11:37:00","slug":"goias-social-promove-oficina-de-grafite-para-adolescentes-do-case-goiania","status":"publish","type":"post","link":"https:\/\/goias.gov.br\/social\/goias-social-promove-oficina-de-grafite-para-adolescentes-do-case-goiania\/","title":{"rendered":"Goi\u00e1s Social promove oficina de grafite para adolescentes do Case Goi\u00e2nia"},"content":{"rendered":"\n<p><em>A\u00e7\u00e3o realizada em parceria com a Secult visa a intera\u00e7\u00e3o entre os reeducandos<\/em><\/p>\n\n\n\n<figure class=\"wp-block-image size-large\"><img fetchpriority=\"high\" decoding=\"async\" width=\"1024\" height=\"682\" src=\"https:\/\/goias.gov.br\/social\/wp-content\/uploads\/sites\/24\/2024\/10\/732ccedb-ec13-4d6f-8db2-09c1a3b09eb8-1024x682.jpeg\" alt=\"\" class=\"wp-image-34058\" srcset=\"https:\/\/goias.gov.br\/social\/wp-content\/uploads\/sites\/24\/2024\/10\/732ccedb-ec13-4d6f-8db2-09c1a3b09eb8-1024x682.jpeg 1024w, https:\/\/goias.gov.br\/social\/wp-content\/uploads\/sites\/24\/2024\/10\/732ccedb-ec13-4d6f-8db2-09c1a3b09eb8-300x200.jpeg 300w, https:\/\/goias.gov.br\/social\/wp-content\/uploads\/sites\/24\/2024\/10\/732ccedb-ec13-4d6f-8db2-09c1a3b09eb8-768x511.jpeg 768w, https:\/\/goias.gov.br\/social\/wp-content\/uploads\/sites\/24\/2024\/10\/732ccedb-ec13-4d6f-8db2-09c1a3b09eb8.jpeg 1280w\" sizes=\"(max-width: 1024px) 100vw, 1024px\" \/><\/figure>\n\n\n\n<p>A Secretaria de Estado de Desenvolvimento Social (Seds) e o Goi\u00e1s Social realizaram, nesta quinta-feira (17\/10), uma oficina de grafite para os adolescentes do Centro de Atendimento Socioeducativo (Case) de Goi\u00e2nia. A iniciativa \u00e9 fruto de uma parceria com a Secretaria de Estado da Cultura (Secult) e tem o intuito de promover a intera\u00e7\u00e3o por meio da arte e da criatividade.<\/p>\n\n\n\n<p>Ministrada pela artista visual Thain\u00e1 Junger da Fonseca Alves, a a\u00e7\u00e3o contou com a participa\u00e7\u00e3o de 20 internos, com aulas te\u00f3ricas e pr\u00e1ticas, executadas nos per\u00edodos matutino e vespertino. Com uma s\u00e9rie de ferramentas que visam estimular a imagina\u00e7\u00e3o e mobilizar os jovens, o Sistema Socioeducativo possibilita a aceita\u00e7\u00e3o das diferen\u00e7as e a mudan\u00e7a na forma dos adolescentes interagirem com o mundo, assim como se enxergarem enquanto cidad\u00e3os.<\/p>\n\n\n\n<figure class=\"wp-block-image size-large\"><img decoding=\"async\" width=\"1024\" height=\"682\" src=\"https:\/\/goias.gov.br\/social\/wp-content\/uploads\/sites\/24\/2024\/10\/92ac4b03-be9a-435d-af97-55d6b88fc73e-1024x682.jpeg\" alt=\"\" class=\"wp-image-34066\" srcset=\"https:\/\/goias.gov.br\/social\/wp-content\/uploads\/sites\/24\/2024\/10\/92ac4b03-be9a-435d-af97-55d6b88fc73e-1024x682.jpeg 1024w, https:\/\/goias.gov.br\/social\/wp-content\/uploads\/sites\/24\/2024\/10\/92ac4b03-be9a-435d-af97-55d6b88fc73e-300x200.jpeg 300w, https:\/\/goias.gov.br\/social\/wp-content\/uploads\/sites\/24\/2024\/10\/92ac4b03-be9a-435d-af97-55d6b88fc73e-768x511.jpeg 768w, https:\/\/goias.gov.br\/social\/wp-content\/uploads\/sites\/24\/2024\/10\/92ac4b03-be9a-435d-af97-55d6b88fc73e.jpeg 1280w\" sizes=\"(max-width: 1024px) 100vw, 1024px\" \/><\/figure>\n\n\n\n<p>De acordo com a gerente de Ensino e Desenvolvimento Psicossocial, Ana Izabel dos Santos Cruz, a oficina \u00e9 uma forma de garantir o objetivo da socioeduca\u00e7\u00e3o, que \u00e9 a transforma\u00e7\u00e3o dos reeducandos. \u201cN\u00f3s contribu\u00edmos para que eles consigam enxergar que existem outras possibilidades, outras formas de express\u00e3o e que eles podem desenvolver talentos que, \u00e0s vezes, n\u00e3o tiveram a oportunidade de desenvolver antes\u201d, destaca.<\/p>\n\n\n\n<p><strong>Secretaria de Estado de Desenvolvimento Social \u2013 Governo de Goi\u00e1s<\/strong><\/p>\n","protected":false},"excerpt":{"rendered":"<p>A\u00e7\u00e3o realizada em parceria com a Secult visa a intera\u00e7\u00e3o entre os reeducandos A Secretaria de Estado de Desenvolvimento Social (Seds) e o Goi\u00e1s Social realizaram, nesta quinta-feira (17\/10), uma oficina de grafite para os adolescentes do Centro de Atendimento Socioeducativo (Case) de Goi\u00e2nia. A iniciativa \u00e9 fruto de uma parceria com a Secretaria de [&hellip;]<\/p>\n","protected":false},"author":540,"featured_media":34058,"comment_status":"closed","ping_status":"open","sticky":true,"template":"","format":"standard","meta":{"footnotes":""},"categories":[55],"tags":[],"class_list":["post-33996","post","type-post","status-publish","format-standard","has-post-thumbnail","hentry","category-noticias"],"rttpg_featured_image_url":{"full":["https:\/\/goias.gov.br\/social\/wp-content\/uploads\/sites\/24\/2024\/10\/732ccedb-ec13-4d6f-8db2-09c1a3b09eb8.jpeg",1280,852,false],"landscape":["https:\/\/goias.gov.br\/social\/wp-content\/uploads\/sites\/24\/2024\/10\/732ccedb-ec13-4d6f-8db2-09c1a3b09eb8.jpeg",1280,852,false],"portraits":["https:\/\/goias.gov.br\/social\/wp-content\/uploads\/sites\/24\/2024\/10\/732ccedb-ec13-4d6f-8db2-09c1a3b09eb8.jpeg",1280,852,false],"thumbnail":["https:\/\/goias.gov.br\/social\/wp-content\/uploads\/sites\/24\/2024\/10\/732ccedb-ec13-4d6f-8db2-09c1a3b09eb8-150x150.jpeg",150,150,true],"medium":["https:\/\/goias.gov.br\/social\/wp-content\/uploads\/sites\/24\/2024\/10\/732ccedb-ec13-4d6f-8db2-09c1a3b09eb8-300x200.jpeg",300,200,true],"large":["https:\/\/goias.gov.br\/social\/wp-content\/uploads\/sites\/24\/2024\/10\/732ccedb-ec13-4d6f-8db2-09c1a3b09eb8-1024x682.jpeg",1024,682,true],"1536x1536":["https:\/\/goias.gov.br\/social\/wp-content\/uploads\/sites\/24\/2024\/10\/732ccedb-ec13-4d6f-8db2-09c1a3b09eb8.jpeg",1280,852,false],"2048x2048":["https:\/\/goias.gov.br\/social\/wp-content\/uploads\/sites\/24\/2024\/10\/732ccedb-ec13-4d6f-8db2-09c1a3b09eb8.jpeg",1280,852,false]},"rttpg_author":{"display_name":"luisnascimento","author_link":"https:\/\/goias.gov.br\/social\/author\/luisnascimento\/"},"rttpg_comment":0,"rttpg_category":"<a href=\"https:\/\/goias.gov.br\/social\/categoria\/noticias\/\" rel=\"category tag\">Not\u00edcias<\/a>","rttpg_excerpt":"A\u00e7\u00e3o realizada em parceria com a Secult visa a intera\u00e7\u00e3o entre os reeducandos A Secretaria de Estado de Desenvolvimento Social (Seds) e o Goi\u00e1s Social realizaram, nesta quinta-feira (17\/10), uma oficina de grafite para os adolescentes do Centro de Atendimento Socioeducativo (Case) de Goi\u00e2nia. A iniciativa \u00e9 fruto de uma parceria com a Secretaria de&hellip;","_links":{"self":[{"href":"https:\/\/goias.gov.br\/social\/wp-json\/wp\/v2\/posts\/33996","targetHints":{"allow":["GET"]}}],"collection":[{"href":"https:\/\/goias.gov.br\/social\/wp-json\/wp\/v2\/posts"}],"about":[{"href":"https:\/\/goias.gov.br\/social\/wp-json\/wp\/v2\/types\/post"}],"author":[{"embeddable":true,"href":"https:\/\/goias.gov.br\/social\/wp-json\/wp\/v2\/users\/540"}],"replies":[{"embeddable":true,"href":"https:\/\/goias.gov.br\/social\/wp-json\/wp\/v2\/comments?post=33996"}],"version-history":[{"count":2,"href":"https:\/\/goias.gov.br\/social\/wp-json\/wp\/v2\/posts\/33996\/revisions"}],"predecessor-version":[{"id":34076,"href":"https:\/\/goias.gov.br\/social\/wp-json\/wp\/v2\/posts\/33996\/revisions\/34076"}],"wp:featuredmedia":[{"embeddable":true,"href":"https:\/\/goias.gov.br\/social\/wp-json\/wp\/v2\/media\/34058"}],"wp:attachment":[{"href":"https:\/\/goias.gov.br\/social\/wp-json\/wp\/v2\/media?parent=33996"}],"wp:term":[{"taxonomy":"category","embeddable":true,"href":"https:\/\/goias.gov.br\/social\/wp-json\/wp\/v2\/categories?post=33996"},{"taxonomy":"post_tag","embeddable":true,"href":"https:\/\/goias.gov.br\/social\/wp-json\/wp\/v2\/tags?post=33996"}],"curies":[{"name":"wp","href":"https:\/\/api.w.org\/{rel}","templated":true}]}}