

{"id":3159,"date":"2018-07-23T10:19:53","date_gmt":"2018-07-23T13:19:53","guid":{"rendered":"https:\/\/siteshom.goias.gov.br\/social\/secretaria\/"},"modified":"2025-12-30T15:00:23","modified_gmt":"2025-12-30T18:00:23","slug":"secretaria","status":"publish","type":"post","link":"https:\/\/goias.gov.br\/social\/secretaria\/","title":{"rendered":"Secret\u00e1rio"},"content":{"rendered":"<p><img fetchpriority=\"high\" decoding=\"async\" id=\"\" class=\" size-full wp-image-3158\" title=\"\" src=\"https:\/\/goias.gov.br\/social\/wp-content\/uploads\/sites\/24\/2025\/10\/foto-atual-presidente-seds.png\" alt=\"\" width=\"471\" height=\"643\" \/><\/p>\n<p><strong>Wellington Matos de Lima <\/strong><\/p>\n<p style=\"text-align: justify;\">Economista e servidor efetivo do Governo do Estado de Goi\u00e1s no cargo de Gestor de Planejamento e Or\u00e7amento. Tem experi\u00eancia na \u00e1rea de economia, com \u00eanfase em planejamento estrat\u00e9gico e governamental; elabora\u00e7\u00e3o e avalia\u00e7\u00e3o de pol\u00edticas p\u00fablicas; programas de desenvolvimento local e regional; estudos, censos industriais e pesquisas econ\u00f4micas, prospec\u00e7\u00e3o de investimentos e neg\u00f3cios.<\/p>\n<p style=\"text-align: justify;\">\u00c9 especialista em An\u00e1lise, Projeto e Ger\u00eancia de Sistemas; em Tecnologia em Gest\u00e3o do Uso do Poder de Compra; em Direitos Humanos, Responsabilidade Social e Cidadania Global. Tem MBA Executivo em Administra\u00e7\u00e3o.<\/p>\n<p style=\"text-align: justify;\">O secret\u00e1rio acumula um longo hist\u00f3rico na administra\u00e7\u00e3o estadual. Dentre os cargos que ocupou est\u00e3o o de gestor de Planejamento e Or\u00e7amento na Secretaria de Gest\u00e3o e Planejamento (Segplan), superintendente na Ind\u00fastria Qu\u00edmica do Estado de Goi\u00e1s (Iquego) e na Secretaria de Ind\u00fastria e Com\u00e9rcio (SIC), e diretor administrativo e financeiro na Organiza\u00e7\u00e3o das Volunt\u00e1rias de Goi\u00e1s (OVG).<\/p>\n<p style=\"text-align: right;\"><a href=\"https:\/\/goias.gov.br\/social\/galeria-de-secretarios\/\">Conhe\u00e7a tamb\u00e9m a Galeria de Secret\u00e1rios<\/a><\/p>\n","protected":false},"excerpt":{"rendered":"<p>Wellington Matos de Lima Economista e servidor efetivo do Governo do Estado de Goi\u00e1s no cargo de Gestor de Planejamento e Or\u00e7amento. Tem experi\u00eancia na \u00e1rea de economia, com \u00eanfase em planejamento estrat\u00e9gico e governamental; elabora\u00e7\u00e3o e avalia\u00e7\u00e3o de pol\u00edticas p\u00fablicas; programas de desenvolvimento local e regional; estudos, censos industriais e pesquisas econ\u00f4micas, prospec\u00e7\u00e3o de [&hellip;]<\/p>\n","protected":false},"author":47,"featured_media":84761,"comment_status":"closed","ping_status":"open","sticky":false,"template":"","format":"standard","meta":{"footnotes":""},"categories":[54],"tags":[],"class_list":["post-3159","post","type-post","status-publish","format-standard","has-post-thumbnail","hentry","category-institucional"],"rttpg_featured_image_url":{"full":["https:\/\/goias.gov.br\/social\/wp-content\/uploads\/sites\/24\/2018\/07\/foto-atual-presidente-seds.png",428,643,false],"landscape":["https:\/\/goias.gov.br\/social\/wp-content\/uploads\/sites\/24\/2018\/07\/foto-atual-presidente-seds.png",428,643,false],"portraits":["https:\/\/goias.gov.br\/social\/wp-content\/uploads\/sites\/24\/2018\/07\/foto-atual-presidente-seds.png",428,643,false],"thumbnail":["https:\/\/goias.gov.br\/social\/wp-content\/uploads\/sites\/24\/2018\/07\/foto-atual-presidente-seds-150x150.png",150,150,true],"medium":["https:\/\/goias.gov.br\/social\/wp-content\/uploads\/sites\/24\/2018\/07\/foto-atual-presidente-seds-200x300.png",200,300,true],"large":["https:\/\/goias.gov.br\/social\/wp-content\/uploads\/sites\/24\/2018\/07\/foto-atual-presidente-seds.png",428,643,false],"1536x1536":["https:\/\/goias.gov.br\/social\/wp-content\/uploads\/sites\/24\/2018\/07\/foto-atual-presidente-seds.png",428,643,false],"2048x2048":["https:\/\/goias.gov.br\/social\/wp-content\/uploads\/sites\/24\/2018\/07\/foto-atual-presidente-seds.png",428,643,false]},"rttpg_author":{"display_name":"carolinaam","author_link":"https:\/\/goias.gov.br\/social\/author\/carolinaam\/"},"rttpg_comment":0,"rttpg_category":"<a href=\"https:\/\/goias.gov.br\/social\/categoria\/institucional\/\" rel=\"category tag\">Institucional<\/a>","rttpg_excerpt":"Wellington Matos de Lima Economista e servidor efetivo do Governo do Estado de Goi\u00e1s no cargo de Gestor de Planejamento e Or\u00e7amento. Tem experi\u00eancia na \u00e1rea de economia, com \u00eanfase em planejamento estrat\u00e9gico e governamental; elabora\u00e7\u00e3o e avalia\u00e7\u00e3o de pol\u00edticas p\u00fablicas; programas de desenvolvimento local e regional; estudos, censos industriais e pesquisas econ\u00f4micas, prospec\u00e7\u00e3o de&hellip;","_links":{"self":[{"href":"https:\/\/goias.gov.br\/social\/wp-json\/wp\/v2\/posts\/3159","targetHints":{"allow":["GET"]}}],"collection":[{"href":"https:\/\/goias.gov.br\/social\/wp-json\/wp\/v2\/posts"}],"about":[{"href":"https:\/\/goias.gov.br\/social\/wp-json\/wp\/v2\/types\/post"}],"author":[{"embeddable":true,"href":"https:\/\/goias.gov.br\/social\/wp-json\/wp\/v2\/users\/47"}],"replies":[{"embeddable":true,"href":"https:\/\/goias.gov.br\/social\/wp-json\/wp\/v2\/comments?post=3159"}],"version-history":[{"count":2,"href":"https:\/\/goias.gov.br\/social\/wp-json\/wp\/v2\/posts\/3159\/revisions"}],"predecessor-version":[{"id":93998,"href":"https:\/\/goias.gov.br\/social\/wp-json\/wp\/v2\/posts\/3159\/revisions\/93998"}],"wp:featuredmedia":[{"embeddable":true,"href":"https:\/\/goias.gov.br\/social\/wp-json\/wp\/v2\/media\/84761"}],"wp:attachment":[{"href":"https:\/\/goias.gov.br\/social\/wp-json\/wp\/v2\/media?parent=3159"}],"wp:term":[{"taxonomy":"category","embeddable":true,"href":"https:\/\/goias.gov.br\/social\/wp-json\/wp\/v2\/categories?post=3159"},{"taxonomy":"post_tag","embeddable":true,"href":"https:\/\/goias.gov.br\/social\/wp-json\/wp\/v2\/tags?post=3159"}],"curies":[{"name":"wp","href":"https:\/\/api.w.org\/{rel}","templated":true}]}}