

{"id":28911,"date":"2024-09-19T09:49:43","date_gmt":"2024-09-19T12:49:43","guid":{"rendered":"https:\/\/goias.gov.br\/social\/?p=28911"},"modified":"2024-09-19T09:49:43","modified_gmt":"2024-09-19T12:49:43","slug":"servidores-do-socioeducativo-de-goiania-recebem-palestras-sobre-saude-mental","status":"publish","type":"post","link":"https:\/\/goias.gov.br\/social\/servidores-do-socioeducativo-de-goiania-recebem-palestras-sobre-saude-mental\/","title":{"rendered":"Servidores do Socioeducativo de Goi\u00e2nia recebem palestras sobre sa\u00fade mental"},"content":{"rendered":"\n<p><em>Com o tema \u201ccuidado e conex\u00e3o que transforma\u201d, psic\u00f3logos falaram sobre a import\u00e2ncia do equil\u00edbrio emocional no ambiente de trabalho<\/em><\/p>\n\n\n\n<figure class=\"wp-block-image size-large\"><img fetchpriority=\"high\" decoding=\"async\" width=\"1024\" height=\"606\" src=\"https:\/\/goias.gov.br\/social\/wp-content\/uploads\/sites\/24\/2024\/09\/WhatsApp-Image-2024-09-18-at-11.18.36-1024x606.jpeg\" alt=\"\" class=\"wp-image-28926\" srcset=\"https:\/\/goias.gov.br\/social\/wp-content\/uploads\/sites\/24\/2024\/09\/WhatsApp-Image-2024-09-18-at-11.18.36-1024x606.jpeg 1024w, https:\/\/goias.gov.br\/social\/wp-content\/uploads\/sites\/24\/2024\/09\/WhatsApp-Image-2024-09-18-at-11.18.36-300x177.jpeg 300w, https:\/\/goias.gov.br\/social\/wp-content\/uploads\/sites\/24\/2024\/09\/WhatsApp-Image-2024-09-18-at-11.18.36-768x454.jpeg 768w, https:\/\/goias.gov.br\/social\/wp-content\/uploads\/sites\/24\/2024\/09\/WhatsApp-Image-2024-09-18-at-11.18.36.jpeg 1280w\" sizes=\"(max-width: 1024px) 100vw, 1024px\" \/><figcaption class=\"wp-element-caption\"><em>Psic\u00f3logos Gustavo Mota e Jordana Cristine tirando d\u00favidas sobre sa\u00fade mental. Foto: Wagnas Cabral\/Seds <\/em><\/figcaption><\/figure>\n\n\n\n<p>Nesta quarta-feira (18), servidores do Centro de Atendimento Socioeducativo de Goi\u00e2nia (Case), receberam palestras sobre como manter a sa\u00fade mental em dia. Com o tema \u201cCuidado e conex\u00e3o que transforma\u201d, os psic\u00f3logos Gustavo Mota e Jordana Cristine abordaram a tem\u00e1tica com os servidores, sobre ter que cuidar do pr\u00f3ximo e \u00e0s vezes se sentir sozinhos e sem aten\u00e7\u00e3o.<\/p>\n\n\n\n<p>A campanha Setembro Amarelo, que aborda a preven\u00e7\u00e3o ao suic\u00eddio, tamb\u00e9m foi pauta do encontro.<\/p>\n\n\n\n<figure class=\"wp-block-image size-large\"><img decoding=\"async\" width=\"1024\" height=\"684\" src=\"https:\/\/goias.gov.br\/social\/wp-content\/uploads\/sites\/24\/2024\/09\/WhatsApp-Image-2024-09-18-at-11.08.34-1024x684.jpeg\" alt=\"\" class=\"wp-image-28930\" srcset=\"https:\/\/goias.gov.br\/social\/wp-content\/uploads\/sites\/24\/2024\/09\/WhatsApp-Image-2024-09-18-at-11.08.34-1024x684.jpeg 1024w, https:\/\/goias.gov.br\/social\/wp-content\/uploads\/sites\/24\/2024\/09\/WhatsApp-Image-2024-09-18-at-11.08.34-300x200.jpeg 300w, https:\/\/goias.gov.br\/social\/wp-content\/uploads\/sites\/24\/2024\/09\/WhatsApp-Image-2024-09-18-at-11.08.34-768x513.jpeg 768w, https:\/\/goias.gov.br\/social\/wp-content\/uploads\/sites\/24\/2024\/09\/WhatsApp-Image-2024-09-18-at-11.08.34.jpeg 1280w\" sizes=\"(max-width: 1024px) 100vw, 1024px\" \/><figcaption class=\"wp-element-caption\"><em>Servidor do Socioeducativo de Goi\u00e2nia. Foto: Wagnas Cabral\/Seds<\/em><\/figcaption><\/figure>\n\n\n\n<p>Os palestrantes falaram da import\u00e2ncia de manter o corpo saud\u00e1vel e como isso impacta na sa\u00fade mental. Mesmo estando em um momento ruim, certas tarefas s\u00e3o fundamentais aos cuidados humanos e que sem elas, o pr\u00f3prio corpo corresponde com v\u00e1rias rea\u00e7\u00f5es negativas como dormir mal, beber pouca \u00e1gua, falta de exposi\u00e7\u00e3o ao sol e de exerc\u00edcios f\u00edsicos.<\/p>\n\n\n\n<p><strong>Secretaria de Estado de Desenvolvimento Social &#8211; Governo de Goi\u00e1s<\/strong><\/p>\n","protected":false},"excerpt":{"rendered":"<p>Com o tema \u201ccuidado e conex\u00e3o que transforma\u201d, psic\u00f3logos falaram sobre a import\u00e2ncia do equil\u00edbrio emocional no ambiente de trabalho Nesta quarta-feira (18), servidores do Centro de Atendimento Socioeducativo de Goi\u00e2nia (Case), receberam palestras sobre como manter a sa\u00fade mental em dia. Com o tema \u201cCuidado e conex\u00e3o que transforma\u201d, os psic\u00f3logos Gustavo Mota e [&hellip;]<\/p>\n","protected":false},"author":540,"featured_media":28926,"comment_status":"closed","ping_status":"open","sticky":true,"template":"","format":"standard","meta":{"footnotes":""},"categories":[55],"tags":[],"class_list":["post-28911","post","type-post","status-publish","format-standard","has-post-thumbnail","hentry","category-noticias"],"rttpg_featured_image_url":{"full":["https:\/\/goias.gov.br\/social\/wp-content\/uploads\/sites\/24\/2024\/09\/WhatsApp-Image-2024-09-18-at-11.18.36.jpeg",1280,757,false],"landscape":["https:\/\/goias.gov.br\/social\/wp-content\/uploads\/sites\/24\/2024\/09\/WhatsApp-Image-2024-09-18-at-11.18.36.jpeg",1280,757,false],"portraits":["https:\/\/goias.gov.br\/social\/wp-content\/uploads\/sites\/24\/2024\/09\/WhatsApp-Image-2024-09-18-at-11.18.36.jpeg",1280,757,false],"thumbnail":["https:\/\/goias.gov.br\/social\/wp-content\/uploads\/sites\/24\/2024\/09\/WhatsApp-Image-2024-09-18-at-11.18.36-150x150.jpeg",150,150,true],"medium":["https:\/\/goias.gov.br\/social\/wp-content\/uploads\/sites\/24\/2024\/09\/WhatsApp-Image-2024-09-18-at-11.18.36-300x177.jpeg",300,177,true],"large":["https:\/\/goias.gov.br\/social\/wp-content\/uploads\/sites\/24\/2024\/09\/WhatsApp-Image-2024-09-18-at-11.18.36-1024x606.jpeg",1024,606,true],"1536x1536":["https:\/\/goias.gov.br\/social\/wp-content\/uploads\/sites\/24\/2024\/09\/WhatsApp-Image-2024-09-18-at-11.18.36.jpeg",1280,757,false],"2048x2048":["https:\/\/goias.gov.br\/social\/wp-content\/uploads\/sites\/24\/2024\/09\/WhatsApp-Image-2024-09-18-at-11.18.36.jpeg",1280,757,false]},"rttpg_author":{"display_name":"luisnascimento","author_link":"https:\/\/goias.gov.br\/social\/author\/luisnascimento\/"},"rttpg_comment":0,"rttpg_category":"<a href=\"https:\/\/goias.gov.br\/social\/categoria\/noticias\/\" rel=\"category tag\">Not\u00edcias<\/a>","rttpg_excerpt":"Com o tema \u201ccuidado e conex\u00e3o que transforma\u201d, psic\u00f3logos falaram sobre a import\u00e2ncia do equil\u00edbrio emocional no ambiente de trabalho Nesta quarta-feira (18), servidores do Centro de Atendimento Socioeducativo de Goi\u00e2nia (Case), receberam palestras sobre como manter a sa\u00fade mental em dia. Com o tema \u201cCuidado e conex\u00e3o que transforma\u201d, os psic\u00f3logos Gustavo Mota e&hellip;","_links":{"self":[{"href":"https:\/\/goias.gov.br\/social\/wp-json\/wp\/v2\/posts\/28911","targetHints":{"allow":["GET"]}}],"collection":[{"href":"https:\/\/goias.gov.br\/social\/wp-json\/wp\/v2\/posts"}],"about":[{"href":"https:\/\/goias.gov.br\/social\/wp-json\/wp\/v2\/types\/post"}],"author":[{"embeddable":true,"href":"https:\/\/goias.gov.br\/social\/wp-json\/wp\/v2\/users\/540"}],"replies":[{"embeddable":true,"href":"https:\/\/goias.gov.br\/social\/wp-json\/wp\/v2\/comments?post=28911"}],"version-history":[{"count":1,"href":"https:\/\/goias.gov.br\/social\/wp-json\/wp\/v2\/posts\/28911\/revisions"}],"predecessor-version":[{"id":28998,"href":"https:\/\/goias.gov.br\/social\/wp-json\/wp\/v2\/posts\/28911\/revisions\/28998"}],"wp:featuredmedia":[{"embeddable":true,"href":"https:\/\/goias.gov.br\/social\/wp-json\/wp\/v2\/media\/28926"}],"wp:attachment":[{"href":"https:\/\/goias.gov.br\/social\/wp-json\/wp\/v2\/media?parent=28911"}],"wp:term":[{"taxonomy":"category","embeddable":true,"href":"https:\/\/goias.gov.br\/social\/wp-json\/wp\/v2\/categories?post=28911"},{"taxonomy":"post_tag","embeddable":true,"href":"https:\/\/goias.gov.br\/social\/wp-json\/wp\/v2\/tags?post=28911"}],"curies":[{"name":"wp","href":"https:\/\/api.w.org\/{rel}","templated":true}]}}