

{"id":26763,"date":"2024-08-28T15:18:31","date_gmt":"2024-08-28T18:18:31","guid":{"rendered":"https:\/\/goias.gov.br\/social\/?p=26763"},"modified":"2024-08-28T15:19:33","modified_gmt":"2024-08-28T18:19:33","slug":"indisponibilidade-do-sistema-cadastro-unico-cadunico","status":"publish","type":"post","link":"https:\/\/goias.gov.br\/social\/indisponibilidade-do-sistema-cadastro-unico-cadunico\/","title":{"rendered":"Indisponibilidade do Sistema Cadastro \u00danico (Cad\u00danico)"},"content":{"rendered":"\n<figure class=\"wp-block-image size-full\"><img fetchpriority=\"high\" decoding=\"async\" width=\"960\" height=\"540\" src=\"https:\/\/goias.gov.br\/social\/wp-content\/uploads\/sites\/24\/2024\/08\/WhatsApp-Image-2024-08-28-at-15.18.45.jpeg\" alt=\"\" class=\"wp-image-26792\" srcset=\"https:\/\/goias.gov.br\/social\/wp-content\/uploads\/sites\/24\/2024\/08\/WhatsApp-Image-2024-08-28-at-15.18.45.jpeg 960w, https:\/\/goias.gov.br\/social\/wp-content\/uploads\/sites\/24\/2024\/08\/WhatsApp-Image-2024-08-28-at-15.18.45-300x169.jpeg 300w, https:\/\/goias.gov.br\/social\/wp-content\/uploads\/sites\/24\/2024\/08\/WhatsApp-Image-2024-08-28-at-15.18.45-768x432.jpeg 768w\" sizes=\"(max-width: 960px) 100vw, 960px\" \/><\/figure>\n\n\n\n<p>A Secretaria de Estado de Desenvolvimento Social (Seds) comunica a indisponibilidade do Sistema do Cadastro \u00danico, de responsabilidade do Governo Federal, pelos pr\u00f3ximos dias.<\/p>\n\n\n\n<p>O Minist\u00e9rio do Desenvolvimento e Assist\u00eancia Social, Fam\u00edlia e Combate \u00e0 Fome (MDS) informa que o sistema do Cadastro \u00danico (V7) nos munic\u00edpios estar\u00e1 indispon\u00edvel nos dias 29, 30 e 31\/8 e 1\/9.<\/p>\n\n\n\n<p>A situa\u00e7\u00e3o se justifica pela integra\u00e7\u00e3o das informa\u00e7\u00f5es de renda do Cadastro Nacional de Informa\u00e7\u00f5es Sociais (CNIS), conforme calend\u00e1rio estabelecido pelo minist\u00e9rio.<\/p>\n\n\n\n<p>A partir do dia 2\/9 o sistema volta a operacionalizar normalmente.<\/p>\n\n\n\n<figure class=\"wp-block-image size-full\"><img decoding=\"async\" width=\"703\" height=\"585\" src=\"https:\/\/goias.gov.br\/social\/wp-content\/uploads\/sites\/24\/2024\/08\/WhatsApp-Image-2024-08-28-at-13.48.46.jpeg\" alt=\"\" class=\"wp-image-26780\" srcset=\"https:\/\/goias.gov.br\/social\/wp-content\/uploads\/sites\/24\/2024\/08\/WhatsApp-Image-2024-08-28-at-13.48.46.jpeg 703w, https:\/\/goias.gov.br\/social\/wp-content\/uploads\/sites\/24\/2024\/08\/WhatsApp-Image-2024-08-28-at-13.48.46-300x250.jpeg 300w\" sizes=\"(max-width: 703px) 100vw, 703px\" \/><\/figure>\n\n\n\n<p><strong>Secretaria de Estado de Desenvolvimento Social \u2013 Governo de Goi\u00e1s<\/strong><\/p>\n","protected":false},"excerpt":{"rendered":"<p>A Secretaria de Estado de Desenvolvimento Social (Seds) comunica a indisponibilidade do Sistema do Cadastro \u00danico, de responsabilidade do Governo Federal, pelos pr\u00f3ximos dias. O Minist\u00e9rio do Desenvolvimento e Assist\u00eancia Social, Fam\u00edlia e Combate \u00e0 Fome (MDS) informa que o sistema do Cadastro \u00danico (V7) nos munic\u00edpios estar\u00e1 indispon\u00edvel nos dias 29, 30 e 31\/8 [&hellip;]<\/p>\n","protected":false},"author":540,"featured_media":26775,"comment_status":"closed","ping_status":"open","sticky":true,"template":"","format":"standard","meta":{"footnotes":""},"categories":[55],"tags":[],"class_list":["post-26763","post","type-post","status-publish","format-standard","has-post-thumbnail","hentry","category-noticias"],"rttpg_featured_image_url":{"full":["https:\/\/goias.gov.br\/social\/wp-content\/uploads\/sites\/24\/2024\/08\/WhatsApp-Image-2024-08-28-at-15.08.57-1.jpeg",960,540,false],"landscape":["https:\/\/goias.gov.br\/social\/wp-content\/uploads\/sites\/24\/2024\/08\/WhatsApp-Image-2024-08-28-at-15.08.57-1.jpeg",960,540,false],"portraits":["https:\/\/goias.gov.br\/social\/wp-content\/uploads\/sites\/24\/2024\/08\/WhatsApp-Image-2024-08-28-at-15.08.57-1.jpeg",960,540,false],"thumbnail":["https:\/\/goias.gov.br\/social\/wp-content\/uploads\/sites\/24\/2024\/08\/WhatsApp-Image-2024-08-28-at-15.08.57-1-150x150.jpeg",150,150,true],"medium":["https:\/\/goias.gov.br\/social\/wp-content\/uploads\/sites\/24\/2024\/08\/WhatsApp-Image-2024-08-28-at-15.08.57-1-300x169.jpeg",300,169,true],"large":["https:\/\/goias.gov.br\/social\/wp-content\/uploads\/sites\/24\/2024\/08\/WhatsApp-Image-2024-08-28-at-15.08.57-1.jpeg",960,540,false],"1536x1536":["https:\/\/goias.gov.br\/social\/wp-content\/uploads\/sites\/24\/2024\/08\/WhatsApp-Image-2024-08-28-at-15.08.57-1.jpeg",960,540,false],"2048x2048":["https:\/\/goias.gov.br\/social\/wp-content\/uploads\/sites\/24\/2024\/08\/WhatsApp-Image-2024-08-28-at-15.08.57-1.jpeg",960,540,false]},"rttpg_author":{"display_name":"luisnascimento","author_link":"https:\/\/goias.gov.br\/social\/author\/luisnascimento\/"},"rttpg_comment":0,"rttpg_category":"<a href=\"https:\/\/goias.gov.br\/social\/categoria\/noticias\/\" rel=\"category tag\">Not\u00edcias<\/a>","rttpg_excerpt":"A Secretaria de Estado de Desenvolvimento Social (Seds) comunica a indisponibilidade do Sistema do Cadastro \u00danico, de responsabilidade do Governo Federal, pelos pr\u00f3ximos dias. O Minist\u00e9rio do Desenvolvimento e Assist\u00eancia Social, Fam\u00edlia e Combate \u00e0 Fome (MDS) informa que o sistema do Cadastro \u00danico (V7) nos munic\u00edpios estar\u00e1 indispon\u00edvel nos dias 29, 30 e 31\/8&hellip;","_links":{"self":[{"href":"https:\/\/goias.gov.br\/social\/wp-json\/wp\/v2\/posts\/26763","targetHints":{"allow":["GET"]}}],"collection":[{"href":"https:\/\/goias.gov.br\/social\/wp-json\/wp\/v2\/posts"}],"about":[{"href":"https:\/\/goias.gov.br\/social\/wp-json\/wp\/v2\/types\/post"}],"author":[{"embeddable":true,"href":"https:\/\/goias.gov.br\/social\/wp-json\/wp\/v2\/users\/540"}],"replies":[{"embeddable":true,"href":"https:\/\/goias.gov.br\/social\/wp-json\/wp\/v2\/comments?post=26763"}],"version-history":[{"count":2,"href":"https:\/\/goias.gov.br\/social\/wp-json\/wp\/v2\/posts\/26763\/revisions"}],"predecessor-version":[{"id":26793,"href":"https:\/\/goias.gov.br\/social\/wp-json\/wp\/v2\/posts\/26763\/revisions\/26793"}],"wp:featuredmedia":[{"embeddable":true,"href":"https:\/\/goias.gov.br\/social\/wp-json\/wp\/v2\/media\/26775"}],"wp:attachment":[{"href":"https:\/\/goias.gov.br\/social\/wp-json\/wp\/v2\/media?parent=26763"}],"wp:term":[{"taxonomy":"category","embeddable":true,"href":"https:\/\/goias.gov.br\/social\/wp-json\/wp\/v2\/categories?post=26763"},{"taxonomy":"post_tag","embeddable":true,"href":"https:\/\/goias.gov.br\/social\/wp-json\/wp\/v2\/tags?post=26763"}],"curies":[{"name":"wp","href":"https:\/\/api.w.org\/{rel}","templated":true}]}}