

{"id":21873,"date":"2024-08-13T09:43:36","date_gmt":"2024-08-13T12:43:36","guid":{"rendered":"https:\/\/goias.gov.br\/social\/?p=21873"},"modified":"2025-03-27T09:20:36","modified_gmt":"2025-03-27T12:20:36","slug":"social-chamamento-publico-2024","status":"publish","type":"post","link":"https:\/\/goias.gov.br\/social\/social-chamamento-publico-2024\/","title":{"rendered":"CHAMAMENTO P\u00daBLICO &#8211; 2024"},"content":{"rendered":"<p>EDITAL DE CHAMAMENTO P\u00daBLICO N\u00ba 002\/2024 PARA EXECU\u00c7\u00c3O DO PROGRAMA DE PROTE\u00c7\u00c3O \u00c0S CRIAN\u00c7AS E ADOLESCENTES AMEA\u00c7ADOS DE MORTE &#8211; PPCAAM GOI\u00c1S<\/p>\n<p><a href=\"https:\/\/goias.gov.br\/social\/wp-content\/uploads\/sites\/24\/2025\/03\/publicacao-homologacao-do-resultado-final.pdf\" target=\"_blank\" rel=\"noopener\">RESULTADO FINAL<\/a><\/p>\n<p><a href=\"https:\/\/goias.gov.br\/social\/wp-content\/uploads\/sites\/24\/2025\/03\/DECISAO-RECURSO-RESULTADO-PRELIMINAR.pdf\" target=\"_blank\" rel=\"noreferrer noopener\" data-type=\"link\" data-id=\"https:\/\/goias.gov.br\/social\/wp-content\/uploads\/sites\/24\/2025\/03\/DECISAO-RECURSO-RESULTADO-PRELIMINAR.pdf\">DECIS\u00c3O RECURSO RESULTADO PRELIMINAR<\/a><\/p>\n<p><a href=\"https:\/\/goias.gov.br\/social\/wp-content\/uploads\/sites\/24\/2025\/02\/11.02.2025.pdf\" target=\"_blank\" rel=\"noopener\">Resultado Preliminar\u00a0<\/a><\/p>\n<p><a href=\"https:\/\/goias.gov.br\/social\/wp-content\/uploads\/sites\/24\/2025\/01\/Publicacao-30.01.2025.pdf\" target=\"_blank\" rel=\"noopener\">Prorroga\u00e7\u00e3o Resultado Final\u00a0<\/a><\/p>\n<p><a href=\"https:\/\/goias.gov.br\/social\/wp-content\/uploads\/sites\/24\/2025\/01\/WhatsApp-Image-2025-01-14-at-14.28.26.jpeg\" target=\"_blank\" rel=\"noopener\">Errata<\/a><\/p>\n<p><a href=\"https:\/\/goias.gov.br\/social\/wp-content\/uploads\/sites\/24\/2024\/11\/SEI_67428248_Errata.pdf\" target=\"_blank\" rel=\"noopener\">Errata Pre\u00e2mbulo Edital<\/a><\/p>\n<p><a href=\"https:\/\/goias.gov.br\/social\/wp-content\/uploads\/sites\/24\/2024\/11\/SEI_67806241_Adendo.pdf\" target=\"_blank\" rel=\"noopener\">Altera\u00e7\u00e3o de Cronograma e Retifica\u00e7\u00e3o do E-mail<\/a><\/p>\n<p><a href=\"https:\/\/goias.gov.br\/social\/wp-content\/uploads\/sites\/24\/2024\/11\/edital-ppcaam.pdf\">Edital<\/a><\/p>\n<p><a href=\"https:\/\/goias.gov.br\/social\/wp-content\/uploads\/sites\/24\/2024\/11\/MINUTA-TERMO-COLBORACAO-PPCAAM.pdf\">Minuta do Termo de Colabora\u00e7\u00e3o<\/a>\u00a0<\/p>\n<p><a href=\"https:\/\/goias.gov.br\/social\/wp-content\/uploads\/sites\/24\/2024\/11\/Anexo-Modelo-de-Declaracao-de-Ciencia-e-Concordancia.docx\">Anexo Modelo de Declara\u00e7\u00e3o de Ci\u00eancia e Concord\u00e2ncia<\/a><\/p>\n<p><a href=\"https:\/\/goias.gov.br\/social\/wp-content\/uploads\/sites\/24\/2024\/11\/Anexo-Modelo-Declaracao-de-Cumprimento-da-Lei-Federal-n-10.097.2000.docx\">Anexo &#8211; Modelo Declara\u00e7\u00e3o de Cumprimento da Lei Federal n 10.097.2000<\/a><\/p>\n<p><a href=\"https:\/\/goias.gov.br\/social\/wp-content\/uploads\/sites\/24\/2024\/11\/Anexo-Modelo-de-Declaracao-Experiencia-Previa.docx\">Anexo &#8211; Modelo de Declara\u00e7\u00e3o Experi\u00eancia Pr\u00e9via<\/a><\/p>\n<p><a href=\"https:\/\/goias.gov.br\/social\/wp-content\/uploads\/sites\/24\/2024\/11\/Anexo-Modelo-de-Ficha-de-Inscricao.docx\">Anexo &#8211; Modelo de Ficha de Inscri\u00e7\u00e3o<\/a><\/p>\n<p><a href=\"https:\/\/goias.gov.br\/social\/wp-content\/uploads\/sites\/24\/2024\/11\/Anexo-Modelo-do-Plano-de-Trabalho.docx\">Anexo &#8211; Modelo do Plano de Trabalho<\/a><\/p>\n<p><a href=\"https:\/\/goias.gov.br\/social\/wp-content\/uploads\/sites\/24\/2024\/11\/Anexo-Modelo-de-Autodeclaracao.docx\">Anexo &#8211; Modelo de Autodeclara\u00e7\u00e3o<\/a><\/p>\n<p><a href=\"https:\/\/goias.gov.br\/social\/wp-content\/uploads\/sites\/24\/2024\/11\/Anexo-\u2013-Modelo-de-Declaracao-de-Capacidade.docx\">Anexo \u2013 Modelo de Declara\u00e7\u00e3o de Capacidade<\/a><\/p>\n<p><a href=\"https:\/\/goias.gov.br\/social\/wp-content\/uploads\/sites\/24\/2024\/11\/Anexo-Modelo-de-Declaracao-do-Presidente.docx\">Anexo &#8211; Modelo de Declara\u00e7\u00e3o do Presidente<\/a><\/p>\n<p><a href=\"https:\/\/goias.gov.br\/social\/wp-content\/uploads\/sites\/24\/2024\/11\/Anexo-Modelo-de-Declaracao-Inciso-XXXIII-art.-7o-da-CF88.docx\">Anexo &#8211; Modelo de Declara\u00e7\u00e3o Inciso XXXIII art. 7\u00ba da CF88<\/a><\/p>\n<p><a href=\"https:\/\/goias.gov.br\/social\/wp-content\/uploads\/sites\/24\/2024\/11\/Anexo-Modelo-de-Declaracao-Lei-n.-\u00b0-13.0192014-art.-39-III.docx\">Anexo &#8211; Modelo de Declara\u00e7\u00e3o Lei n. \u00b0 13.0192014, art. 39, III<\/a><\/p>\n<p><a href=\"https:\/\/goias.gov.br\/social\/wp-content\/uploads\/sites\/24\/2024\/11\/Anexo-Modelo-de-Relacao-dos-Dirigentes-da-Entidade.docx\">Anexo &#8211; Modelo de Rela\u00e7\u00e3o dos Dirigentes da Entidade<\/a><\/p>\n<p><a href=\"https:\/\/goias.gov.br\/social\/wp-content\/uploads\/sites\/24\/2024\/11\/Anexo-Modelo-de-Termo-de-Compromisso.docx\">Anexo &#8211; Modelo de Termo de Compromisso<\/a><\/p>\n\n\n<p><a href=\"https:\/\/goias.gov.br\/social\/wp-content\/uploads\/sites\/24\/2024\/12\/Livro-Avanco-e-Desafio-do-PPCAAM.pdf\" target=\"_blank\" rel=\"noreferrer noopener\">Avan\u00e7os e desafios do programa<\/a><\/p>\n\n\n\n<p><a href=\"https:\/\/goias.gov.br\/social\/wp-content\/uploads\/sites\/24\/2024\/12\/livro-ppcaam-2c2aa-edic3a7c3a3o-2016-1.pdf\" target=\"_blank\" rel=\"noreferrer noopener\">Livro do Ppcaam<\/a><\/p>\n\n\n\n<p>A Comiss\u00e3o de Sele\u00e7\u00e3o, instru\u00edda pela <a href=\"https:\/\/goias.gov.br\/social\/wp-content\/uploads\/sites\/24\/2024\/08\/SEI_GOVERNADORIA-63480204-Portaria.pdf\">Portaria n\u00ba 150<\/a> (63480204) \u2013 SEDS, para condu\u00e7\u00e3o do Chamamento P\u00fablico, destinado \u00e0 sele\u00e7\u00e3o de entidades privadas sem fins lucrativos, que atendem diariamente crian\u00e7as, adolescentes, idosos, dependentes de subst\u00e2ncias psicoativas, doentes cr\u00f4nicos, queimados, dentre outros, bem como Hospitais e Santas Casas de Goi\u00e1s, previsto no Edital 001\/2024 \u2013 SEDS, publicado no Di\u00e1rio Oficial do Estado em 13 de agosto de 2024, s\u00edtio, segue:<\/p>\n\n\n\n<p>EDITAL DE CHAMAMENTO P\u00daBLICO N\u00ba 001\/2024<\/p>\n\n\n\n<p>O ESTADO DE GOI\u00c1S, por interm\u00e9dio da SECRETARIA DE ESTADO DE DESENVOLVIMENTO SOCIAL, torna p\u00fablico, por meio de publica\u00e7\u00f5es realizadas no Di\u00e1rio Oficial do Estado de Goi\u00e1s e em via eletr\u00f4nica, para conhecimento dos interessados, que estar\u00e1 dispon\u00edvel no s\u00edtio eletr\u00f4nico www.social.go.gov.br, o instrumento de CHAMAMENTO P\u00daBLICO n.\u00ba 001\/2024, destinado \u00e0 sele\u00e7\u00e3o de entidades privadas sem fins lucrativos, que atendem crian\u00e7as, adolescentes, pessoas idosas, pessoas com defici\u00eancia, dependentes de subst\u00e2ncias psicoativas, doentes cr\u00f4nicos, queimados, indiv\u00edduos em situa\u00e7\u00f5es de vulnerabilidade ou risco social e pessoal, na forma prevista na Lei Federal 8.742\/1993 (Lei da Assist\u00eancia Social que define a OSC sem fins lucrativos), bem como hospitais filantr\u00f3picos e Santas Casas de Goi\u00e1s. Para celebra\u00e7\u00e3o de Termo de Fomento. Objetivando o gerenciamento, a operacionaliza\u00e7\u00e3o e a execu\u00e7\u00e3o das a\u00e7\u00f5es visando o Aux\u00edlio Nutricional e\/ou Aux\u00edlio na forma de pagamento de tarifas de energia el\u00e9trica e\/ou \u00e1gua tratada e coleta de esgotamento sanit\u00e1rio, conforme condi\u00e7\u00f5es especificadas no Instrumento e seus Anexos, estando o presente chamamento e a consequente parceria, consoantes \u00e0s Leis Federais n.\u00ba 13.019\/2014 e 13.204\/2015, Resolu\u00e7\u00e3o n\u00ba 21, de 24 de novembro de 2016 do Conselho Nacional de Assist\u00eancia Social, Lei Estadual n\u00ba 14.052\/2001, Lei Estadual n\u00ba 14.023\/2001, Decretos Estaduais n\u00ba 5.565\/2002 e n\u00ba 7.623\/2012 e suas altera\u00e7\u00f5es; e Resolu\u00e7\u00e3o Normativa n.\u00ba 013\/2017 do Tribunal de Contas do Estado de Goi\u00e1s e, subsidiariamente, atendendo ao seguinte cronograma proposto.<\/p>\n\n\n\n<p><a href=\"https:\/\/goias.gov.br\/social\/wp-content\/uploads\/sites\/24\/2025\/01\/DIARIO-OFICIAL-RESULTADO-DEFINITIVO.pdf\" target=\"_blank\" data-type=\"link\" data-id=\"https:\/\/goias.gov.br\/social\/wp-content\/uploads\/sites\/24\/2025\/01\/DIARIO-OFICIAL-RESULTADO-DEFINITIVO.pdf\" rel=\"noreferrer noopener\">RESULTADO DEFINITIVO CHAMAMENTO P\u00daBLICO 001\/2024<\/a><\/p>\n\n\n\n<p><a href=\"https:\/\/goias.gov.br\/social\/wp-content\/uploads\/sites\/24\/2024\/11\/diario_oficial_2024-10-31_PRORROGACAO-CHAMAMENTO-001-2024-2.pdf\">EDITAL PRORROGADO <\/a><\/p>\n\n\n\n<p><a href=\"https:\/\/goias.gov.br\/social\/wp-content\/uploads\/sites\/24\/2024\/08\/SEI_GOVERNADORIA-63190373-Edital.pdf\">EDITAL DE CHAMAMENTO P\u00daBLICO N\u00ba 001\/2024<\/a> <\/p>\n\n\n\n<p><a href=\"https:\/\/goias.gov.br\/social\/wp-content\/uploads\/sites\/24\/2024\/08\/diario_oficial_2024-08-13_Publicacao-edital.pdf\">DI\u00c1RIO OFICIAL &#8211; AVISO DE EDITAL CHAMAMENTO P\u00daBLICO N\u00b0 001\/2024<\/a> <\/p>\n\n\n\n<p><a href=\"https:\/\/goias.gov.br\/social\/wp-content\/uploads\/sites\/24\/2024\/08\/SEI_GOVERNADORIA-63480204-Portaria.pdf\">PORTARIA N\u00ba 150, DE 09 DE AGOSTO DE 2024<\/a><\/p>\n\n\n\n<p><a href=\"https:\/\/goias.gov.br\/social\/wp-content\/uploads\/sites\/24\/2024\/08\/SEI_GOVERNADORIA-63568552-Cronograma.pdf\">CRONOGRAMA<\/a><\/p>\n\n\n\n<p><a href=\"https:\/\/goias.gov.br\/social\/wp-content\/uploads\/sites\/24\/2024\/08\/Anexo-I-Modelo-de-Ficha-de-Inscricao.docx\">ANEXO I &#8211; Ficha de Inscri\u00e7\u00e3o<\/a> <\/p>\n\n\n\n<p><a href=\"https:\/\/goias.gov.br\/social\/wp-content\/uploads\/sites\/24\/2024\/08\/Anexo-II-Modelo-de-Declaracao-do-Presidente.docx\">ANEXO II &#8211; Modelo de Declara\u00e7\u00e3o do Presidente <\/a><\/p>\n\n\n\n<p><a href=\"https:\/\/goias.gov.br\/social\/wp-content\/uploads\/sites\/24\/2024\/08\/Anexo-III-Modelo-de-Termo-de-Compromisso.docx\">ANEXO III &#8211; Modelo de Termo de Compromisso<\/a> <\/p>\n\n\n\n<p><a href=\"https:\/\/goias.gov.br\/social\/wp-content\/uploads\/sites\/24\/2024\/08\/Anexo-IV-Modelo-de-Autodeclaracao.docx\">ANEXO IV &#8211; Modelo de Autodeclara\u00e7\u00e3o<\/a> <\/p>\n\n\n\n<p><a href=\"https:\/\/goias.gov.br\/social\/wp-content\/uploads\/sites\/24\/2024\/08\/Anexo-V-Modelo-de-Declaracao-Experiencia-Previa.docx\">ANEXO V &#8211; Modelo de Declara\u00e7\u00e3o Experi\u00eancia Pr\u00e9via<\/a><\/p>\n\n\n\n<p><a href=\"https:\/\/goias.gov.br\/social\/wp-content\/uploads\/sites\/24\/2024\/08\/Anexo-VI-Modelo-de-Declaracao-de-Capacidade.docx\">ANEXO VI &#8211; Modelo de Declara\u00e7\u00e3o de Capacidade<\/a> <\/p>\n\n\n\n<p><a href=\"https:\/\/goias.gov.br\/social\/wp-content\/uploads\/sites\/24\/2024\/08\/Anexo-VII-Modelo-de-Declaracao-Inciso-XXXIII-art.-7o-da-CF88.docx\">ANEXO VII &#8211; Modelo de Declara\u00e7\u00e3o Inciso XXXIII art. 7\u00ba da CF88<\/a><\/p>\n\n\n\n<p><a href=\"https:\/\/goias.gov.br\/social\/wp-content\/uploads\/sites\/24\/2024\/08\/Anexo-VIII-Modelo-de-Declaracao-Lei-n.-\u00b0-13.0192014-art.-39-III.docx\">ANEXO VIII &#8211; Modelo de Declara\u00e7\u00e3o Lei n. \u00b0 13.0192014, art. 39, III<\/a><\/p>\n\n\n\n<p><a href=\"https:\/\/goias.gov.br\/social\/wp-content\/uploads\/sites\/24\/2024\/08\/Anexo-IX-Modelo-Plano-de-trabalho.docx\">ANEXO IX &#8211; Modelo de Plano de Trabalho<\/a> <\/p>\n\n\n\n<p><a href=\"https:\/\/goias.gov.br\/social\/wp-content\/uploads\/sites\/24\/2024\/08\/Anexo-X-Modelo-Proposta-de-Trabalho.docx\">ANEXO X &#8211; Modelo de Proposta de Trabalho<\/a><\/p>\n\n\n\n<p><a href=\"https:\/\/goias.gov.br\/social\/wp-content\/uploads\/sites\/24\/2024\/08\/Anexo-XI-Modelo-de-Relacao-dos-Dirigentes-da-Entidade.docx\">ANEXO XI &#8211; Modelo de Rela\u00e7\u00e3o dos Dirigentes da Entidade<\/a> <\/p>\n\n\n\n<p><\/p>\n","protected":false},"excerpt":{"rendered":"<p>EDITAL DE CHAMAMENTO P\u00daBLICO N\u00ba 002\/2024 PARA EXECU\u00c7\u00c3O DO PROGRAMA DE PROTE\u00c7\u00c3O \u00c0S CRIAN\u00c7AS E ADOLESCENTES AMEA\u00c7ADOS DE MORTE &#8211; PPCAAM GOI\u00c1S RESULTADO FINAL DECIS\u00c3O RECURSO RESULTADO PRELIMINAR Resultado Preliminar\u00a0 Prorroga\u00e7\u00e3o Resultado Final\u00a0 Errata Errata Pre\u00e2mbulo Edital Altera\u00e7\u00e3o de Cronograma e Retifica\u00e7\u00e3o do E-mail Edital Minuta do Termo de Colabora\u00e7\u00e3o\u00a0 Anexo Modelo de Declara\u00e7\u00e3o de [&hellip;]<\/p>\n","protected":false},"author":540,"featured_media":0,"comment_status":"closed","ping_status":"open","sticky":false,"template":"","format":"standard","meta":{"footnotes":""},"categories":[62],"tags":[],"class_list":["post-21873","post","type-post","status-publish","format-standard","hentry","category-licitacoes-e-contratos"],"rttpg_featured_image_url":null,"rttpg_author":{"display_name":"luisnascimento","author_link":"https:\/\/goias.gov.br\/social\/author\/luisnascimento\/"},"rttpg_comment":0,"rttpg_category":"<a href=\"https:\/\/goias.gov.br\/social\/categoria\/licitacoes-e-contratos\/\" rel=\"category tag\">Licita\u00e7\u00f5es e Contratos<\/a>","rttpg_excerpt":"EDITAL DE CHAMAMENTO P\u00daBLICO N\u00ba 002\/2024 PARA EXECU\u00c7\u00c3O DO PROGRAMA DE PROTE\u00c7\u00c3O \u00c0S CRIAN\u00c7AS E ADOLESCENTES AMEA\u00c7ADOS DE MORTE &#8211; PPCAAM GOI\u00c1S RESULTADO FINAL DECIS\u00c3O RECURSO RESULTADO PRELIMINAR Resultado Preliminar\u00a0 Prorroga\u00e7\u00e3o Resultado Final\u00a0 Errata Errata Pre\u00e2mbulo Edital Altera\u00e7\u00e3o de Cronograma e Retifica\u00e7\u00e3o do E-mail Edital Minuta do Termo de Colabora\u00e7\u00e3o\u00a0 Anexo Modelo de Declara\u00e7\u00e3o de&hellip;","_links":{"self":[{"href":"https:\/\/goias.gov.br\/social\/wp-json\/wp\/v2\/posts\/21873","targetHints":{"allow":["GET"]}}],"collection":[{"href":"https:\/\/goias.gov.br\/social\/wp-json\/wp\/v2\/posts"}],"about":[{"href":"https:\/\/goias.gov.br\/social\/wp-json\/wp\/v2\/types\/post"}],"author":[{"embeddable":true,"href":"https:\/\/goias.gov.br\/social\/wp-json\/wp\/v2\/users\/540"}],"replies":[{"embeddable":true,"href":"https:\/\/goias.gov.br\/social\/wp-json\/wp\/v2\/comments?post=21873"}],"version-history":[{"count":2,"href":"https:\/\/goias.gov.br\/social\/wp-json\/wp\/v2\/posts\/21873\/revisions"}],"predecessor-version":[{"id":59643,"href":"https:\/\/goias.gov.br\/social\/wp-json\/wp\/v2\/posts\/21873\/revisions\/59643"}],"wp:attachment":[{"href":"https:\/\/goias.gov.br\/social\/wp-json\/wp\/v2\/media?parent=21873"}],"wp:term":[{"taxonomy":"category","embeddable":true,"href":"https:\/\/goias.gov.br\/social\/wp-json\/wp\/v2\/categories?post=21873"},{"taxonomy":"post_tag","embeddable":true,"href":"https:\/\/goias.gov.br\/social\/wp-json\/wp\/v2\/tags?post=21873"}],"curies":[{"name":"wp","href":"https:\/\/api.w.org\/{rel}","templated":true}]}}