

{"id":105941,"date":"2026-04-17T17:17:42","date_gmt":"2026-04-17T20:17:42","guid":{"rendered":"https:\/\/goias.gov.br\/social\/?p=105941"},"modified":"2026-04-17T17:17:42","modified_gmt":"2026-04-17T20:17:42","slug":"termo-de-julgamento-e-homologacao-2","status":"publish","type":"post","link":"https:\/\/goias.gov.br\/social\/termo-de-julgamento-e-homologacao-2\/","title":{"rendered":"TERMO DE JULGAMENTO E HOMOLOGA\u00c7\u00c3O"},"content":{"rendered":"\n<p>\u00c0s 08:00 horas do dia 16\/03\/2026 , iniciou-se a sess\u00e3o p\u00fablica on-line para realiza\u00e7\u00e3o dos procedimentosrelativos \u00e0 aquisi\u00e7\u00e3o de cord\u00f5es e porta crach\u00e1s destinados \u00e0 identifi ca\u00e7\u00e3o de pessoas com Transtorno doEspectro Autista (TEA), mediante Dispensa Eletr\u00f4nica n\u00ba 16\/ 2026 , referente ao processo de contrata\u00e7\u00e3o n\u00ba 109601 e processo SEI n\u00ba 202400005037125 , quando o agente de contrata\u00e7\u00e3o direta e os membros daequipe de apoio, indicados pela Portaria de Designa\u00e7\u00e3o de Fun\u00e7\u00f5es, se reuniram em atendimento \u00e0sdisposi\u00e7\u00f5es contidas no instrumento convocat\u00f3rio, juntamente com os licitantes, e chegaram ao seguinteresultado:<\/p>\n\n\n\n<p>Clique <a href=\"https:\/\/goias.gov.br\/social\/wp-content\/uploads\/sites\/24\/2026\/04\/Termo-de-Julgamento-e-Homologacao-CORDOES-1.pdf\" data-type=\"link\" data-id=\"https:\/\/goias.gov.br\/social\/wp-content\/uploads\/sites\/24\/2026\/04\/Termo-de-Julgamento-e-Homologacao-CORDOES-1.pdf\" target=\"_blank\" rel=\"noreferrer noopener\">AQUI <\/a>para conferir o documento completo <\/p>\n\n\n\n<p><strong>Secretaria de Estado de Desenvolvimento Social &#8211; Governo de Goi\u00e1s <\/strong><\/p>\n","protected":false},"excerpt":{"rendered":"<p>\u00c0s 08:00 horas do dia 16\/03\/2026 , iniciou-se a sess\u00e3o p\u00fablica on-line para realiza\u00e7\u00e3o dos procedimentosrelativos \u00e0 aquisi\u00e7\u00e3o de cord\u00f5es e porta crach\u00e1s destinados \u00e0 identifi ca\u00e7\u00e3o de pessoas com Transtorno doEspectro Autista (TEA), mediante Dispensa Eletr\u00f4nica n\u00ba 16\/ 2026 , referente ao processo de contrata\u00e7\u00e3o n\u00ba 109601 e processo SEI n\u00ba 202400005037125 , quando [&hellip;]<\/p>\n","protected":false},"author":540,"featured_media":0,"comment_status":"closed","ping_status":"open","sticky":false,"template":"","format":"standard","meta":{"footnotes":""},"categories":[84],"tags":[],"class_list":["post-105941","post","type-post","status-publish","format-standard","hentry","category-acesso-a-informacao"],"rttpg_featured_image_url":null,"rttpg_author":{"display_name":"luisnascimento","author_link":"https:\/\/goias.gov.br\/social\/author\/luisnascimento\/"},"rttpg_comment":0,"rttpg_category":"<a href=\"https:\/\/goias.gov.br\/social\/categoria\/acesso-a-informacao\/\" rel=\"category tag\">Acesso \u00e0 Informa\u00e7\u00e3o<\/a>","rttpg_excerpt":"\u00c0s 08:00 horas do dia 16\/03\/2026 , iniciou-se a sess\u00e3o p\u00fablica on-line para realiza\u00e7\u00e3o dos procedimentosrelativos \u00e0 aquisi\u00e7\u00e3o de cord\u00f5es e porta crach\u00e1s destinados \u00e0 identifi ca\u00e7\u00e3o de pessoas com Transtorno doEspectro Autista (TEA), mediante Dispensa Eletr\u00f4nica n\u00ba 16\/ 2026 , referente ao processo de contrata\u00e7\u00e3o n\u00ba 109601 e processo SEI n\u00ba 202400005037125 , quando&hellip;","_links":{"self":[{"href":"https:\/\/goias.gov.br\/social\/wp-json\/wp\/v2\/posts\/105941","targetHints":{"allow":["GET"]}}],"collection":[{"href":"https:\/\/goias.gov.br\/social\/wp-json\/wp\/v2\/posts"}],"about":[{"href":"https:\/\/goias.gov.br\/social\/wp-json\/wp\/v2\/types\/post"}],"author":[{"embeddable":true,"href":"https:\/\/goias.gov.br\/social\/wp-json\/wp\/v2\/users\/540"}],"replies":[{"embeddable":true,"href":"https:\/\/goias.gov.br\/social\/wp-json\/wp\/v2\/comments?post=105941"}],"version-history":[{"count":1,"href":"https:\/\/goias.gov.br\/social\/wp-json\/wp\/v2\/posts\/105941\/revisions"}],"predecessor-version":[{"id":105955,"href":"https:\/\/goias.gov.br\/social\/wp-json\/wp\/v2\/posts\/105941\/revisions\/105955"}],"wp:attachment":[{"href":"https:\/\/goias.gov.br\/social\/wp-json\/wp\/v2\/media?parent=105941"}],"wp:term":[{"taxonomy":"category","embeddable":true,"href":"https:\/\/goias.gov.br\/social\/wp-json\/wp\/v2\/categories?post=105941"},{"taxonomy":"post_tag","embeddable":true,"href":"https:\/\/goias.gov.br\/social\/wp-json\/wp\/v2\/tags?post=105941"}],"curies":[{"name":"wp","href":"https:\/\/api.w.org\/{rel}","templated":true}]}}