

{"id":104070,"date":"2026-03-24T16:01:44","date_gmt":"2026-03-24T19:01:44","guid":{"rendered":"https:\/\/goias.gov.br\/social\/?p=104070"},"modified":"2026-03-24T16:01:52","modified_gmt":"2026-03-24T19:01:52","slug":"goias-social-chega-leva-varios-servicos-e-beneficios-a-senador-canedo","status":"publish","type":"post","link":"https:\/\/goias.gov.br\/social\/goias-social-chega-leva-varios-servicos-e-beneficios-a-senador-canedo\/","title":{"rendered":"Goi\u00e1s Social leva v\u00e1rios servi\u00e7os e benef\u00edcios a Senador Canedo"},"content":{"rendered":"\n<p><em>Programa do Governo de Goi\u00e1s inicia atendimentos nesta ter\u00e7a-feira (24\/3) com distribui\u00e7\u00e3o de mais de mil cart\u00f5es e oferta de servi\u00e7os gratuitos de sa\u00fade, cidadania e assist\u00eancia social \u00e0 popula\u00e7\u00e3o<\/em><\/p>\n\n\n\n<figure class=\"wp-block-image size-large\"><img fetchpriority=\"high\" decoding=\"async\" width=\"1024\" height=\"682\" src=\"https:\/\/goias.gov.br\/social\/wp-content\/uploads\/sites\/24\/2026\/03\/WhatsApp-Image-2026-03-24-at-14.27.39-1024x682.jpeg\" alt=\"\" class=\"wp-image-104118\" srcset=\"https:\/\/goias.gov.br\/social\/wp-content\/uploads\/sites\/24\/2026\/03\/WhatsApp-Image-2026-03-24-at-14.27.39-1024x682.jpeg 1024w, https:\/\/goias.gov.br\/social\/wp-content\/uploads\/sites\/24\/2026\/03\/WhatsApp-Image-2026-03-24-at-14.27.39-300x200.jpeg 300w, https:\/\/goias.gov.br\/social\/wp-content\/uploads\/sites\/24\/2026\/03\/WhatsApp-Image-2026-03-24-at-14.27.39-768x512.jpeg 768w, https:\/\/goias.gov.br\/social\/wp-content\/uploads\/sites\/24\/2026\/03\/WhatsApp-Image-2026-03-24-at-14.27.39-1536x1023.jpeg 1536w, https:\/\/goias.gov.br\/social\/wp-content\/uploads\/sites\/24\/2026\/03\/WhatsApp-Image-2026-03-24-at-14.27.39.jpeg 1600w\" sizes=\"(max-width: 1024px) 100vw, 1024px\" \/><figcaption class=\"wp-element-caption\"><em>Coordenadora do Goi\u00e1s Social comenta a amplia\u00e7\u00e3o do atendimento do programa itinerante na cidade. Foto: Carol Costa\/Seds<\/em><\/figcaption><\/figure>\n\n\n\n<p>A coordenadora do Goi\u00e1s Social, primeira-dama Gracinha Caiado, deu in\u00edcio, nesta ter\u00e7a-feira (24\/3), em Senador Canedo, aos trabalhos de mais uma edi\u00e7\u00e3o do programa. A estrutura montada em frente ao Supermercado Bretas, no Bairro Alvorada, oferta, at\u00e9 a pr\u00f3xima quinta-feira (26\/3), aos moradores servi\u00e7os gratuitos e entrega de mais de mil cart\u00f5es de benef\u00edcios do governo estadual. A programa\u00e7\u00e3o tamb\u00e9m foi ampliada em mais um dia para atender \u00e0 demanda por atendimentos nas \u00e1reas de sa\u00fade, cidadania e assist\u00eancia social.<\/p>\n\n\n\n<p>Ao fazer um balan\u00e7o do programa, Gracinha lembrou que a iniciativa foi realizada em todas as regi\u00f5es do estado. \u201cN\u00f3s trabalhamos o Goi\u00e1s Social nos 246 munic\u00edpios do Estado, sem deixar ningu\u00e9m para tr\u00e1s. Viajamos para a divisa com Tocantins, divisa com Mato Grosso, entorno de Bras\u00edlia, levando servi\u00e7os a toda a popula\u00e7\u00e3o. Esse \u00e9 um programa que criou ra\u00edzes profundas em Goi\u00e1s e que vai seguir com o compromisso de ajudar as pessoas\u201d, afirmou a primeira-dama.<\/p>\n\n\n\n<p>Esta edi\u00e7\u00e3o entregou 844 cart\u00f5es do M\u00e3es de Goi\u00e1s, 12 do Dignidade, 115 do Goi\u00e1s Por Elas e 91 do Goi\u00e1s + Inclusivo, al\u00e9m de documentos e benef\u00edcios como Carteira do Autista, Passe Livre da Pessoa com Defici\u00eancia, Passaporte da Pessoa Idosa e kits de dignidade menstrual. A Organiza\u00e7\u00e3o das Volunt\u00e1rias de Goi\u00e1s (OVG) tamb\u00e9m distribuiu donativos, incluindo cadeiras de rodas, fraldas geri\u00e1tricas e infantis, enxovais para beb\u00eas, muletas e Mix do Bem.<\/p>\n\n\n\n<p>Para o vice-governador Daniel Vilela, o Goi\u00e1s Social deixa um legado de aproxima\u00e7\u00e3o entre o poder p\u00fablico e a popula\u00e7\u00e3o. \u201cLevamos esse programa para todas as regi\u00f5es do estado, onde as pessoas tiveram a oportunidade de acessar os programas sociais do governo, fazer seus exames, emitir documentos e uma s\u00e9rie de servi\u00e7os que transformou o Goi\u00e1s Social no maior programa de erradica\u00e7\u00e3o da pobreza do pa\u00eds. Senador Canedo ainda tem a particularidade de ser uma cidade muito receptiva a migrantes, e isso torna esse evento ainda mais importante para atender as necessidades da popula\u00e7\u00e3o\u201d, afirmou.<\/p>\n\n\n\n<p>No munic\u00edpio, o Governo de Goi\u00e1s entregou 68 cart\u00f5es do Cr\u00e9dito Social, benef\u00edcio destinado a pessoas em situa\u00e7\u00e3o de vulnerabilidade social que desejam empreender. \u201cO Goi\u00e1s Social come\u00e7ou em 2021, com uma tenda em Americano do Brasil, e hoje se tornou um evento grandioso, envolvendo toda a estrutura do governo e trazendo dignidade e oportunidade para a popula\u00e7\u00e3o\u201d, afirmou o secret\u00e1rio de Desenvolvimento Social, Wellington Matos.<\/p>\n\n\n\n<p>O prefeito de Senador Canedo, Fernando Pellozo, pontuou que o Goi\u00e1s Social \u00e9 uma parceria entre o Estado e o munic\u00edpio que agiliza os atendimentos \u00e0 popula\u00e7\u00e3o. \u201cN\u00f3s recebemos aqui uma estrutura de atendimento completa com esse programa. Desde a confec\u00e7\u00e3o de documentos at\u00e9 o exame de vista com entrega de \u00f3culos, s\u00e3o a\u00e7\u00f5es que atendem tudo o que nossa popula\u00e7\u00e3o precisa\u201d, frisou.<\/p>\n\n\n\n<p>Durante os tr\u00eas dias de evento, os moradores ter\u00e3o acesso a atendimentos de sa\u00fade, como vacina\u00e7\u00e3o, exames oftalmol\u00f3gicos, papanicolau, mamografia e preven\u00e7\u00e3o de c\u00e2ncer de pele; servi\u00e7os de documenta\u00e7\u00e3o realizados pelo Vapt Vupt, com emiss\u00e3o de RG, CPF e CRLV. A Defensoria P\u00fablica e o Tribunal de Justi\u00e7a ofereceram assist\u00eancia jur\u00eddica, incluindo concilia\u00e7\u00e3o, div\u00f3rcios, guarda, pens\u00e3o aliment\u00edcia e reconhecimento de paternidade.<\/p>\n\n\n\n<p>Moradora do Jardim do Lago, em Senador Canedo, Jaqueline Oliveira Santos, de 30 anos, aproveitou a estrutura do Goi\u00e1s Social para emitir a Carteira de Identifica\u00e7\u00e3o da Pessoa com Autista (Ciptea) e a documenta\u00e7\u00e3o dos filhos. M\u00e3e de quatro crian\u00e7as, ela destacou a import\u00e2ncia da a\u00e7\u00e3o itinerante para facilitar o acesso da popula\u00e7\u00e3o aos servi\u00e7os p\u00fablicos. \u201cEssa estrutura aqui ajuda bastante, \u00e9 facilidade para a gente. Se n\u00e3o tivesse aqui, eu teria que me deslocar mais, ia dar mais trabalho. Aqui fica perto de casa e a gente resolve tudo de uma vez\u201d, ressaltou.<\/p>\n\n\n\n<p>A programa\u00e7\u00e3o no munic\u00edpio segue nesta ter\u00e7a-feira (24\/3) at\u00e9 as 17h, quarta-feira (25\/3), das 8h \u00e0s 17h e na quinta-feira (26\/3), das 8h \u00e0s 12h.<\/p>\n\n\n\n<p><strong>Programa<\/strong><br>O Goi\u00e1s Social \u00e9 uma iniciativa do Governo de Goi\u00e1s voltada ao combate da vulnerabilidade social e \u00e0 promo\u00e7\u00e3o da inclus\u00e3o de fam\u00edlias em situa\u00e7\u00e3o de pobreza ou extrema pobreza. Os eventos itinerantes do programa j\u00e1 atenderam quase 2 milh\u00f5es de goianos com a oferta de diversos servi\u00e7os de diferentes \u00f3rg\u00e3os estaduais em prol da popula\u00e7\u00e3o do estado.<\/p>\n\n\n\n<p>Al\u00e9m disso, o programa, que \u00e9 a maior pol\u00edtica social da hist\u00f3ria de Goi\u00e1s, j\u00e1 beneficiou 56 mil estudantes do Programa Universit\u00e1rio do Bem (Probem) com bolsas para o ensino superior, mais de 200 mil mulheres com o M\u00e3es de Goi\u00e1s, 90 mil fam\u00edlias com o Aluguel Social e mais de 5,1 mil pais e m\u00e3es de fam\u00edlia com as Casas a Custo Zero, entre outras iniciativas que ampliam a rede de prote\u00e7\u00e3o social no estado.<\/p>\n\n\n\n<p><strong>Secretaria de Comunica\u00e7\u00e3o &#8211; Governo de Goi\u00e1s<\/strong><\/p>\n","protected":false},"excerpt":{"rendered":"<p>Programa do Governo de Goi\u00e1s inicia atendimentos nesta ter\u00e7a-feira (24\/3) com distribui\u00e7\u00e3o de mais de mil cart\u00f5es e oferta de servi\u00e7os gratuitos de sa\u00fade, cidadania e assist\u00eancia social \u00e0 popula\u00e7\u00e3o A coordenadora do Goi\u00e1s Social, primeira-dama Gracinha Caiado, deu in\u00edcio, nesta ter\u00e7a-feira (24\/3), em Senador Canedo, aos trabalhos de mais uma edi\u00e7\u00e3o do programa. A [&hellip;]<\/p>\n","protected":false},"author":540,"featured_media":104118,"comment_status":"closed","ping_status":"open","sticky":false,"template":"","format":"standard","meta":{"footnotes":""},"categories":[55],"tags":[],"class_list":["post-104070","post","type-post","status-publish","format-standard","has-post-thumbnail","hentry","category-noticias"],"rttpg_featured_image_url":{"full":["https:\/\/goias.gov.br\/social\/wp-content\/uploads\/sites\/24\/2026\/03\/WhatsApp-Image-2026-03-24-at-14.27.39.jpeg",1600,1066,false],"landscape":["https:\/\/goias.gov.br\/social\/wp-content\/uploads\/sites\/24\/2026\/03\/WhatsApp-Image-2026-03-24-at-14.27.39.jpeg",1600,1066,false],"portraits":["https:\/\/goias.gov.br\/social\/wp-content\/uploads\/sites\/24\/2026\/03\/WhatsApp-Image-2026-03-24-at-14.27.39.jpeg",1600,1066,false],"thumbnail":["https:\/\/goias.gov.br\/social\/wp-content\/uploads\/sites\/24\/2026\/03\/WhatsApp-Image-2026-03-24-at-14.27.39-150x150.jpeg",150,150,true],"medium":["https:\/\/goias.gov.br\/social\/wp-content\/uploads\/sites\/24\/2026\/03\/WhatsApp-Image-2026-03-24-at-14.27.39-300x200.jpeg",300,200,true],"large":["https:\/\/goias.gov.br\/social\/wp-content\/uploads\/sites\/24\/2026\/03\/WhatsApp-Image-2026-03-24-at-14.27.39-1024x682.jpeg",1024,682,true],"1536x1536":["https:\/\/goias.gov.br\/social\/wp-content\/uploads\/sites\/24\/2026\/03\/WhatsApp-Image-2026-03-24-at-14.27.39-1536x1023.jpeg",1536,1023,true],"2048x2048":["https:\/\/goias.gov.br\/social\/wp-content\/uploads\/sites\/24\/2026\/03\/WhatsApp-Image-2026-03-24-at-14.27.39.jpeg",1600,1066,false]},"rttpg_author":{"display_name":"luisnascimento","author_link":"https:\/\/goias.gov.br\/social\/author\/luisnascimento\/"},"rttpg_comment":0,"rttpg_category":"<a href=\"https:\/\/goias.gov.br\/social\/categoria\/noticias\/\" rel=\"category tag\">Not\u00edcias<\/a>","rttpg_excerpt":"Programa do Governo de Goi\u00e1s inicia atendimentos nesta ter\u00e7a-feira (24\/3) com distribui\u00e7\u00e3o de mais de mil cart\u00f5es e oferta de servi\u00e7os gratuitos de sa\u00fade, cidadania e assist\u00eancia social \u00e0 popula\u00e7\u00e3o A coordenadora do Goi\u00e1s Social, primeira-dama Gracinha Caiado, deu in\u00edcio, nesta ter\u00e7a-feira (24\/3), em Senador Canedo, aos trabalhos de mais uma edi\u00e7\u00e3o do programa. A&hellip;","_links":{"self":[{"href":"https:\/\/goias.gov.br\/social\/wp-json\/wp\/v2\/posts\/104070","targetHints":{"allow":["GET"]}}],"collection":[{"href":"https:\/\/goias.gov.br\/social\/wp-json\/wp\/v2\/posts"}],"about":[{"href":"https:\/\/goias.gov.br\/social\/wp-json\/wp\/v2\/types\/post"}],"author":[{"embeddable":true,"href":"https:\/\/goias.gov.br\/social\/wp-json\/wp\/v2\/users\/540"}],"replies":[{"embeddable":true,"href":"https:\/\/goias.gov.br\/social\/wp-json\/wp\/v2\/comments?post=104070"}],"version-history":[{"count":2,"href":"https:\/\/goias.gov.br\/social\/wp-json\/wp\/v2\/posts\/104070\/revisions"}],"predecessor-version":[{"id":104136,"href":"https:\/\/goias.gov.br\/social\/wp-json\/wp\/v2\/posts\/104070\/revisions\/104136"}],"wp:featuredmedia":[{"embeddable":true,"href":"https:\/\/goias.gov.br\/social\/wp-json\/wp\/v2\/media\/104118"}],"wp:attachment":[{"href":"https:\/\/goias.gov.br\/social\/wp-json\/wp\/v2\/media?parent=104070"}],"wp:term":[{"taxonomy":"category","embeddable":true,"href":"https:\/\/goias.gov.br\/social\/wp-json\/wp\/v2\/categories?post=104070"},{"taxonomy":"post_tag","embeddable":true,"href":"https:\/\/goias.gov.br\/social\/wp-json\/wp\/v2\/tags?post=104070"}],"curies":[{"name":"wp","href":"https:\/\/api.w.org\/{rel}","templated":true}]}}