

{"id":103986,"date":"2026-03-19T16:37:41","date_gmt":"2026-03-19T19:37:41","guid":{"rendered":"https:\/\/goias.gov.br\/social\/?p=103986"},"modified":"2026-03-19T16:37:41","modified_gmt":"2026-03-19T19:37:41","slug":"seds-tribunal-de-justica-e-ministerio-publico-firmam-acordo-para-ampliar-grupos-reflexivos-a-autores-de-violencia-domestica-em-goias","status":"publish","type":"post","link":"https:\/\/goias.gov.br\/social\/seds-tribunal-de-justica-e-ministerio-publico-firmam-acordo-para-ampliar-grupos-reflexivos-a-autores-de-violencia-domestica-em-goias\/","title":{"rendered":"Seds, Tribunal de Justi\u00e7a e Minist\u00e9rio P\u00fablico firmam acordo para ampliar grupos reflexivos a autores de viol\u00eancia dom\u00e9stica em Goi\u00e1s"},"content":{"rendered":"\n<p><em>Medida visa promover o di\u00e1logo e educar os participantes para evitar a reincid\u00eancia nesse tipo de crime<\/em><\/p>\n\n\n\n<figure class=\"wp-block-image size-large\"><img fetchpriority=\"high\" decoding=\"async\" width=\"1024\" height=\"683\" src=\"https:\/\/goias.gov.br\/social\/wp-content\/uploads\/sites\/24\/2026\/03\/55152326542_e2ce45276d_k-1024x683.jpg\" alt=\"\" class=\"wp-image-103989\" srcset=\"https:\/\/goias.gov.br\/social\/wp-content\/uploads\/sites\/24\/2026\/03\/55152326542_e2ce45276d_k-1024x683.jpg 1024w, https:\/\/goias.gov.br\/social\/wp-content\/uploads\/sites\/24\/2026\/03\/55152326542_e2ce45276d_k-300x200.jpg 300w, https:\/\/goias.gov.br\/social\/wp-content\/uploads\/sites\/24\/2026\/03\/55152326542_e2ce45276d_k-768x512.jpg 768w, https:\/\/goias.gov.br\/social\/wp-content\/uploads\/sites\/24\/2026\/03\/55152326542_e2ce45276d_k-1536x1024.jpg 1536w, https:\/\/goias.gov.br\/social\/wp-content\/uploads\/sites\/24\/2026\/03\/55152326542_e2ce45276d_k.jpg 2048w\" sizes=\"(max-width: 1024px) 100vw, 1024px\" \/><figcaption class=\"wp-element-caption\"><em>Foto: Acaray Martins\/TJGO <\/em><\/figcaption><\/figure>\n\n\n\n<p>Em parceria com o Tribunal de Justi\u00e7a do Estado de Goi\u00e1s (TJGO) e com o Minist\u00e9rio P\u00fablico do Estado de Goi\u00e1s (MPGO), a Secretaria de Estado de Desenvolvimento Social (Seds) firmou, nesta ter\u00e7a-feira (17), um termo de coopera\u00e7\u00e3o para ampliar grupos reflexivos destinados a autores de viol\u00eancia dom\u00e9stica. A medida tem o objetivo levar os participantes \u00e0 reflex\u00e3o para diminuir os casos de reincid\u00eancia nesse tipo de crime e fortalecer pol\u00edticas p\u00fablicas pelo fim da viol\u00eancia contra a mulher.<\/p>\n\n\n\n<p>Secret\u00e1rio da Seds, Wellington Matos afirma que a iniciativa mais dinamicidade na quebra do ciclo da viol\u00eancia e na responsabiliza\u00e7\u00e3o dos agressores. &#8220;A cria\u00e7\u00e3o da central de recebimento e encaminhamento de autores e viol\u00eancia dom\u00e9stica trar\u00e1 mais robustez e garantir\u00e1 que o Estado n\u00e3o apenas puna, mas atue diretamente na origem do problema. Precisamos romper com a rela\u00e7\u00e3o que protege o agressor atrav\u00e9s do sil\u00eancio&#8221;, ressalta.<\/p>\n\n\n\n<figure class=\"wp-block-image size-large\"><img decoding=\"async\" width=\"1024\" height=\"683\" src=\"https:\/\/goias.gov.br\/social\/wp-content\/uploads\/sites\/24\/2026\/03\/55153224611_dddd39ec99_k-1024x683.jpg\" alt=\"\" class=\"wp-image-103994\" srcset=\"https:\/\/goias.gov.br\/social\/wp-content\/uploads\/sites\/24\/2026\/03\/55153224611_dddd39ec99_k-1024x683.jpg 1024w, https:\/\/goias.gov.br\/social\/wp-content\/uploads\/sites\/24\/2026\/03\/55153224611_dddd39ec99_k-300x200.jpg 300w, https:\/\/goias.gov.br\/social\/wp-content\/uploads\/sites\/24\/2026\/03\/55153224611_dddd39ec99_k-768x512.jpg 768w, https:\/\/goias.gov.br\/social\/wp-content\/uploads\/sites\/24\/2026\/03\/55153224611_dddd39ec99_k-1536x1024.jpg 1536w, https:\/\/goias.gov.br\/social\/wp-content\/uploads\/sites\/24\/2026\/03\/55153224611_dddd39ec99_k.jpg 2048w\" sizes=\"(max-width: 1024px) 100vw, 1024px\" \/><figcaption class=\"wp-element-caption\"><em>Foto: Acaray Martins\/TJGO <\/em><\/figcaption><\/figure>\n\n\n\n<p>Os grupos reflexivos funcionam de car\u00e1ter educativo, formativo e pedag\u00f3gico. A partir disso, \u00e9 feito o direcionamento dos supostos autores de viol\u00eancia dom\u00e9stica a encontros peri\u00f3dicos, conduzidos por profissionais habilitados, a fim de que se responsabilizem pela viol\u00eancia cometida e n\u00e3o reincidem na pr\u00e1tica.<\/p>\n\n\n\n<p>A assinatura do termo simboliza a expans\u00e3o do trabalho feito pelas equipes da Seds no combate a esse tipo de crime e refor\u00e7a a parceria com entidades e com o Judici\u00e1rio do estado.<\/p>\n","protected":false},"excerpt":{"rendered":"<p>Medida visa promover o di\u00e1logo e educar os participantes para evitar a reincid\u00eancia nesse tipo de crime Em parceria com o Tribunal de Justi\u00e7a do Estado de Goi\u00e1s (TJGO) e com o Minist\u00e9rio P\u00fablico do Estado de Goi\u00e1s (MPGO), a Secretaria de Estado de Desenvolvimento Social (Seds) firmou, nesta ter\u00e7a-feira (17), um termo de coopera\u00e7\u00e3o [&hellip;]<\/p>\n","protected":false},"author":573,"featured_media":103998,"comment_status":"closed","ping_status":"open","sticky":false,"template":"","format":"standard","meta":{"footnotes":""},"categories":[55],"tags":[],"class_list":["post-103986","post","type-post","status-publish","format-standard","has-post-thumbnail","hentry","category-noticias"],"rttpg_featured_image_url":{"full":["https:\/\/goias.gov.br\/social\/wp-content\/uploads\/sites\/24\/2026\/03\/55152326542_e2ce45276d_k-1.jpg",2048,1365,false],"landscape":["https:\/\/goias.gov.br\/social\/wp-content\/uploads\/sites\/24\/2026\/03\/55152326542_e2ce45276d_k-1.jpg",2048,1365,false],"portraits":["https:\/\/goias.gov.br\/social\/wp-content\/uploads\/sites\/24\/2026\/03\/55152326542_e2ce45276d_k-1.jpg",2048,1365,false],"thumbnail":["https:\/\/goias.gov.br\/social\/wp-content\/uploads\/sites\/24\/2026\/03\/55152326542_e2ce45276d_k-1-150x150.jpg",150,150,true],"medium":["https:\/\/goias.gov.br\/social\/wp-content\/uploads\/sites\/24\/2026\/03\/55152326542_e2ce45276d_k-1-300x200.jpg",300,200,true],"large":["https:\/\/goias.gov.br\/social\/wp-content\/uploads\/sites\/24\/2026\/03\/55152326542_e2ce45276d_k-1-1024x683.jpg",1024,683,true],"1536x1536":["https:\/\/goias.gov.br\/social\/wp-content\/uploads\/sites\/24\/2026\/03\/55152326542_e2ce45276d_k-1-1536x1024.jpg",1536,1024,true],"2048x2048":["https:\/\/goias.gov.br\/social\/wp-content\/uploads\/sites\/24\/2026\/03\/55152326542_e2ce45276d_k-1.jpg",2048,1365,false]},"rttpg_author":{"display_name":"gabriellasborges","author_link":"https:\/\/goias.gov.br\/social\/author\/gabriellasborges\/"},"rttpg_comment":0,"rttpg_category":"<a href=\"https:\/\/goias.gov.br\/social\/categoria\/noticias\/\" rel=\"category tag\">Not\u00edcias<\/a>","rttpg_excerpt":"Medida visa promover o di\u00e1logo e educar os participantes para evitar a reincid\u00eancia nesse tipo de crime Em parceria com o Tribunal de Justi\u00e7a do Estado de Goi\u00e1s (TJGO) e com o Minist\u00e9rio P\u00fablico do Estado de Goi\u00e1s (MPGO), a Secretaria de Estado de Desenvolvimento Social (Seds) firmou, nesta ter\u00e7a-feira (17), um termo de coopera\u00e7\u00e3o&hellip;","_links":{"self":[{"href":"https:\/\/goias.gov.br\/social\/wp-json\/wp\/v2\/posts\/103986","targetHints":{"allow":["GET"]}}],"collection":[{"href":"https:\/\/goias.gov.br\/social\/wp-json\/wp\/v2\/posts"}],"about":[{"href":"https:\/\/goias.gov.br\/social\/wp-json\/wp\/v2\/types\/post"}],"author":[{"embeddable":true,"href":"https:\/\/goias.gov.br\/social\/wp-json\/wp\/v2\/users\/573"}],"replies":[{"embeddable":true,"href":"https:\/\/goias.gov.br\/social\/wp-json\/wp\/v2\/comments?post=103986"}],"version-history":[{"count":1,"href":"https:\/\/goias.gov.br\/social\/wp-json\/wp\/v2\/posts\/103986\/revisions"}],"predecessor-version":[{"id":104001,"href":"https:\/\/goias.gov.br\/social\/wp-json\/wp\/v2\/posts\/103986\/revisions\/104001"}],"wp:featuredmedia":[{"embeddable":true,"href":"https:\/\/goias.gov.br\/social\/wp-json\/wp\/v2\/media\/103998"}],"wp:attachment":[{"href":"https:\/\/goias.gov.br\/social\/wp-json\/wp\/v2\/media?parent=103986"}],"wp:term":[{"taxonomy":"category","embeddable":true,"href":"https:\/\/goias.gov.br\/social\/wp-json\/wp\/v2\/categories?post=103986"},{"taxonomy":"post_tag","embeddable":true,"href":"https:\/\/goias.gov.br\/social\/wp-json\/wp\/v2\/tags?post=103986"}],"curies":[{"name":"wp","href":"https:\/\/api.w.org\/{rel}","templated":true}]}}