

{"id":250703,"date":"2026-03-31T18:07:37","date_gmt":"2026-03-31T21:07:37","guid":{"rendered":"https:\/\/goias.gov.br\/seinfra\/superintendente-de-governo-aberto-e-participacao-cidada\/"},"modified":"2026-03-31T18:07:37","modified_gmt":"2026-03-31T21:07:37","slug":"superintendente-de-governo-aberto-e-participacao-cidada","status":"publish","type":"post","link":"https:\/\/goias.gov.br\/seinfra\/superintendente-de-governo-aberto-e-participacao-cidada\/","title":{"rendered":"Superintendente de Governo Aberto e Participa\u00e7\u00e3o Cidad\u00e3"},"content":{"rendered":"<p><strong>JULIO CESAR CAMARGO<\/strong> a partir de: 06-03-2025 &#8211; <a href='https:\/\/goias.gov.br\/seinfra\/historico-do-cargo-superintendente-de-governo-aberto-e-participacao-cidada\/'>Ver Hist\u00f3rico do cargo<\/a><\/p>\n<p>Interino: Calebe Mello Cerqueira de 15-07-2024 at\u00e9 26-07-2024 &#8211; Portaria: N \u00b0 121<\/p>\n<div class=\"r34ics-ajax-container loading\" id=\"agenda-autoridades\" data-view=\"month\" data-view-is-list-style=\"0\" data-view-is-list-long=\"0\" data-args=\"e4500f5b4b6ba0e905f300512093aee74dcbe86d\" data-js-args=\"{&quot;debug&quot;:null}\">&nbsp;<\/div>\n","protected":false},"excerpt":{"rendered":"<p>JULIO CESAR CAMARGO a partir de: 06-03-2025 &#8211; Ver Hist\u00f3rico do cargo Interino: Calebe Mello Cerqueira de 15-07-2024 at\u00e9 26-07-2024 &#8211; Portaria: N \u00b0 121<\/p>\n","protected":false},"author":739,"featured_media":0,"comment_status":"closed","ping_status":"open","sticky":false,"template":"","format":"standard","meta":{"footnotes":""},"categories":[40],"tags":[],"class_list":["post-250703","post","type-post","status-publish","format-standard","hentry","category-agenda"],"rttpg_featured_image_url":null,"rttpg_author":{"display_name":"gabrieladmacedo","author_link":"https:\/\/goias.gov.br\/seinfra\/author\/gabriela-dmacedogoias-gov-br\/"},"rttpg_comment":0,"rttpg_category":"<a href=\"https:\/\/goias.gov.br\/seinfra\/categoria\/agenda\/\" rel=\"category tag\">Agenda<\/a>","rttpg_excerpt":"JULIO CESAR CAMARGO a partir de: 06-03-2025 &#8211; Ver Hist\u00f3rico do cargo Interino: Calebe Mello Cerqueira de 15-07-2024 at\u00e9 26-07-2024 &#8211; Portaria: N \u00b0 121","_links":{"self":[{"href":"https:\/\/goias.gov.br\/seinfra\/wp-json\/wp\/v2\/posts\/250703","targetHints":{"allow":["GET"]}}],"collection":[{"href":"https:\/\/goias.gov.br\/seinfra\/wp-json\/wp\/v2\/posts"}],"about":[{"href":"https:\/\/goias.gov.br\/seinfra\/wp-json\/wp\/v2\/types\/post"}],"author":[{"embeddable":true,"href":"https:\/\/goias.gov.br\/seinfra\/wp-json\/wp\/v2\/users\/739"}],"replies":[{"embeddable":true,"href":"https:\/\/goias.gov.br\/seinfra\/wp-json\/wp\/v2\/comments?post=250703"}],"version-history":[{"count":0,"href":"https:\/\/goias.gov.br\/seinfra\/wp-json\/wp\/v2\/posts\/250703\/revisions"}],"wp:attachment":[{"href":"https:\/\/goias.gov.br\/seinfra\/wp-json\/wp\/v2\/media?parent=250703"}],"wp:term":[{"taxonomy":"category","embeddable":true,"href":"https:\/\/goias.gov.br\/seinfra\/wp-json\/wp\/v2\/categories?post=250703"},{"taxonomy":"post_tag","embeddable":true,"href":"https:\/\/goias.gov.br\/seinfra\/wp-json\/wp\/v2\/tags?post=250703"}],"curies":[{"name":"wp","href":"https:\/\/api.w.org\/{rel}","templated":true}]}}