

{"id":215229,"date":"2024-11-18T08:41:59","date_gmt":"2024-11-18T11:41:59","guid":{"rendered":"https:\/\/goias.gov.br\/seinfra\/?p=215229"},"modified":"2024-11-19T12:44:19","modified_gmt":"2024-11-19T15:44:19","slug":"goinfra-e-agehab-reunem-prefeituras-goianas-para-rodada-de-negocios-nesta-segunda-18-11","status":"publish","type":"post","link":"https:\/\/goias.gov.br\/seinfra\/goinfra-e-agehab-reunem-prefeituras-goianas-para-rodada-de-negocios-nesta-segunda-18-11\/","title":{"rendered":"Goinfra e Agehab re\u00fanem prefeituras goianas para rodada de neg\u00f3cios, nesta segunda, 18"},"content":{"rendered":"\n<p><em>Edi\u00e7\u00e3o especial do Conecta Prefeitos tem por objetivo apresentar programas e fechar parcerias com gest\u00f5es municipais<\/em><\/p>\n\n\n\n<p>O Governo de Goi\u00e1s, por meio das Ag\u00eancias Goianas de Infraestrutura e Transporte (Goinfra) e de Habita\u00e7\u00e3o (Agehab), promove na segunda-feira (18\/11), em Goi\u00e2nia, uma edi\u00e7\u00e3o especial do evento Conecta Prefeitos, destinada aos 246 gestores municipais rec\u00e9m-eleitos e suas assessorias t\u00e9cnicas. O encontro tem por objetivo apresentar o portf\u00f3lio de programas e servi\u00e7os oferecidos pelas duas ag\u00eancias e fechar as parcerias mais adequadas a cada realidade municipal, estabelecendo um planejamento estrat\u00e9gico de curto, m\u00e9dio e longo prazo para todas as localidades goianas. O evento ser\u00e1 realizado no audit\u00f3rio da Associa\u00e7\u00e3o dos Magistrados de Goi\u00e1s (Asmego).<\/p>\n\n\n\n<p>O Programa Pra Ter Onde Morar \u00e9 a espinha dorsal que baliza a a\u00e7\u00e3o da Agehab em todo estado, oferecendo aos munic\u00edpios quatro eixos de atua\u00e7\u00e3o na \u00e1rea habitacional: Constru\u00e7\u00e3o (Casas a Custo Zero), Aluguel Social, Cr\u00e9dito Parceria e Escritura. O programa Casas a Custo Zero, in\u00e9dito em todo Brasil, prev\u00ea a constru\u00e7\u00e3o de moradias, que s\u00e3o entregues sem custo algum, para fam\u00edlias mais vulner\u00e1veis, que n\u00e3o podem fazer um financiamento imobili\u00e1rio e com renda de at\u00e9 1 sal\u00e1rio m\u00ednimo. O programa funciona em parceria com as prefeituras, que devem se cadastrar na plataforma digital Conecta Prefeitos com a oferta de \u00e1reas regularizadas para a constru\u00e7\u00e3o das moradias. Todo o processo pode ser feito com o apoio da equipe t\u00e9cnica da Ag\u00eancia.<\/p>\n\n\n\n<p>O Aluguel Social foi criado para reduzir o impacto desta despesa espec\u00edfica no or\u00e7amento dom\u00e9stico, tamb\u00e9m destinado a um p\u00fablico com perfil de vulnerabilidade financeira ou social, concedendo ao benefici\u00e1rio um aux\u00edlio financeiro mensal de R$ 350 por 18 meses. No eixo Cr\u00e9dito Parceria, o Governo de Goi\u00e1s oferece um subs\u00eddio de R$ 47,4 mil por unidade habitacional, facilitando o financiamento do im\u00f3vel para fam\u00edlias com renda de at\u00e9 3 sal\u00e1rios m\u00ednimos. Este montante pode ser usado para cobrir a entrada ou diminuir as presta\u00e7\u00f5es do benefici\u00e1rio.<\/p>\n\n\n\n<p>J\u00e1 no quesito da regulariza\u00e7\u00e3o fundi\u00e1ria urbana, a Agehab atua com entrega de escrituras de im\u00f3veis constru\u00eddos em \u00e1reas p\u00fablicas por meio de conv\u00eanios estabelecidos com as prefeituras. De acordo com o presidente da Ag\u00eancia, Alexandre Baldy, a rodada de neg\u00f3cios ser\u00e1 uma oportunidade \u00edmpar para consolidar parcerias com os novos gestores. \u201cO prefeito, ao tomar conhecimento, de maneira detalhada, sobre cada um dos nossos programas, vai poder iniciar a sua gest\u00e3o com foco em objetivos claros e otimizar todos os esfor\u00e7os para melhorar a vida das fam\u00edlias mais vulner\u00e1veis da sua cidade. Todos ganham\u201d, enfatiza Baldy.<\/p>\n\n\n\n<p>O Programa Goi\u00e1s em Movimento, da Goinfra, que se divide em duas vertentes \u2013 Eixo Munic\u00edpios e Patrulhas Mec\u00e2nicas Regionais &#8211; oferece \u00e0s prefeituras suporte com a execu\u00e7\u00e3o de obras e servi\u00e7os de infraestrutura municipal, como conserva\u00e7\u00e3o de vias urbanas, drenagem, sinaliza\u00e7\u00e3o, revestimento prim\u00e1rio e manuten\u00e7\u00e3o de estradas vicinais n\u00e3o pavimentadas.<\/p>\n\n\n\n<p>Segundo Pedro Sales, titular da Secretaria de Infraestrutura (Seinfra) e presidente da Goinfra, quase todas as cidades goianas j\u00e1 foram atendidas uma ou mais vezes pelos dois programas. \u201cAs frentes de servi\u00e7o da Goinfra n\u00e3o param e est\u00e3o espalhadas em todas as regi\u00f5es do Estado. O contato direto com os prefeitos vai agilizar o diagn\u00f3stico de cada situa\u00e7\u00e3o, agilizando o planejamento e execu\u00e7\u00e3o das obras\u201d.<\/p>\n\n\n\n<p><strong>Cr\u00e9dito das fotos:<\/strong> Edgard Soares e Octac\u00edlio Queiroz<\/p>\n\n\n\n<p><strong>Legenda: <\/strong>Goinfra e Agehab promovem edi\u00e7\u00e3o especial do Conecta Prefeitos com rodada de neg\u00f3cios na capital<\/p>\n\n\n\n<p><strong>Servi\u00e7o<\/strong><br>Evento: Conecta Prefeitos com Rodada de Neg\u00f3cios<br>Data: 18\/11\/2024 \u2013 segunda-feira<br><em>Hor\u00e1rio:<\/em>8h30<br>Local: Asmego \u2013 Associa\u00e7\u00e3o dos Magistrados do Estado de Goi\u00e1s<br>Endere\u00e7o: Rua 72, n\u00ba 192 \u2013 Jardim Goi\u00e1s \u2013 Goi\u00e2nia<\/p>\n\n\n\n<p><strong>Ag\u00eancia Goiana de Habita\u00e7\u00e3o (Agehab) \u2013 Governo de Goi\u00e1s<\/strong><\/p>\n","protected":false},"excerpt":{"rendered":"<p>Edi\u00e7\u00e3o especial do Conecta Prefeitos tem por objetivo apresentar programas e fechar parcerias com gest\u00f5es municipais O Governo de Goi\u00e1s, por meio das Ag\u00eancias Goianas de Infraestrutura e Transporte (Goinfra) e de Habita\u00e7\u00e3o (Agehab), promove na segunda-feira (18\/11), em Goi\u00e2nia, uma edi\u00e7\u00e3o especial do evento Conecta Prefeitos, destinada aos 246 gestores municipais rec\u00e9m-eleitos e suas [&hellip;]<\/p>\n","protected":false},"author":141,"featured_media":215244,"comment_status":"closed","ping_status":"open","sticky":false,"template":"","format":"standard","meta":{"footnotes":""},"categories":[3],"tags":[],"class_list":["post-215229","post","type-post","status-publish","format-standard","has-post-thumbnail","hentry","category-noticias"],"rttpg_featured_image_url":{"full":["https:\/\/goias.gov.br\/seinfra\/wp-content\/uploads\/sites\/6\/2024\/11\/Captura-de-tela-2024-11-18-084121.jpg",1100,738,false],"landscape":["https:\/\/goias.gov.br\/seinfra\/wp-content\/uploads\/sites\/6\/2024\/11\/Captura-de-tela-2024-11-18-084121.jpg",1100,738,false],"portraits":["https:\/\/goias.gov.br\/seinfra\/wp-content\/uploads\/sites\/6\/2024\/11\/Captura-de-tela-2024-11-18-084121.jpg",1100,738,false],"thumbnail":["https:\/\/goias.gov.br\/seinfra\/wp-content\/uploads\/sites\/6\/2024\/11\/Captura-de-tela-2024-11-18-084121-150x150.jpg",150,150,true],"medium":["https:\/\/goias.gov.br\/seinfra\/wp-content\/uploads\/sites\/6\/2024\/11\/Captura-de-tela-2024-11-18-084121-300x201.jpg",300,201,true],"large":["https:\/\/goias.gov.br\/seinfra\/wp-content\/uploads\/sites\/6\/2024\/11\/Captura-de-tela-2024-11-18-084121-1024x687.jpg",1024,687,true],"1536x1536":["https:\/\/goias.gov.br\/seinfra\/wp-content\/uploads\/sites\/6\/2024\/11\/Captura-de-tela-2024-11-18-084121.jpg",1100,738,false],"2048x2048":["https:\/\/goias.gov.br\/seinfra\/wp-content\/uploads\/sites\/6\/2024\/11\/Captura-de-tela-2024-11-18-084121.jpg",1100,738,false]},"rttpg_author":{"display_name":"thaisdutra","author_link":"https:\/\/goias.gov.br\/seinfra\/author\/thaisdutra\/"},"rttpg_comment":0,"rttpg_category":"<a href=\"https:\/\/goias.gov.br\/seinfra\/categoria\/noticias\/\" rel=\"category tag\">Not\u00edcias<\/a>","rttpg_excerpt":"Edi\u00e7\u00e3o especial do Conecta Prefeitos tem por objetivo apresentar programas e fechar parcerias com gest\u00f5es municipais O Governo de Goi\u00e1s, por meio das Ag\u00eancias Goianas de Infraestrutura e Transporte (Goinfra) e de Habita\u00e7\u00e3o (Agehab), promove na segunda-feira (18\/11), em Goi\u00e2nia, uma edi\u00e7\u00e3o especial do evento Conecta Prefeitos, destinada aos 246 gestores municipais rec\u00e9m-eleitos e suas&hellip;","_links":{"self":[{"href":"https:\/\/goias.gov.br\/seinfra\/wp-json\/wp\/v2\/posts\/215229","targetHints":{"allow":["GET"]}}],"collection":[{"href":"https:\/\/goias.gov.br\/seinfra\/wp-json\/wp\/v2\/posts"}],"about":[{"href":"https:\/\/goias.gov.br\/seinfra\/wp-json\/wp\/v2\/types\/post"}],"author":[{"embeddable":true,"href":"https:\/\/goias.gov.br\/seinfra\/wp-json\/wp\/v2\/users\/141"}],"replies":[{"embeddable":true,"href":"https:\/\/goias.gov.br\/seinfra\/wp-json\/wp\/v2\/comments?post=215229"}],"version-history":[{"count":2,"href":"https:\/\/goias.gov.br\/seinfra\/wp-json\/wp\/v2\/posts\/215229\/revisions"}],"predecessor-version":[{"id":215510,"href":"https:\/\/goias.gov.br\/seinfra\/wp-json\/wp\/v2\/posts\/215229\/revisions\/215510"}],"wp:featuredmedia":[{"embeddable":true,"href":"https:\/\/goias.gov.br\/seinfra\/wp-json\/wp\/v2\/media\/215244"}],"wp:attachment":[{"href":"https:\/\/goias.gov.br\/seinfra\/wp-json\/wp\/v2\/media?parent=215229"}],"wp:term":[{"taxonomy":"category","embeddable":true,"href":"https:\/\/goias.gov.br\/seinfra\/wp-json\/wp\/v2\/categories?post=215229"},{"taxonomy":"post_tag","embeddable":true,"href":"https:\/\/goias.gov.br\/seinfra\/wp-json\/wp\/v2\/tags?post=215229"}],"curies":[{"name":"wp","href":"https:\/\/api.w.org\/{rel}","templated":true}]}}