

{"id":200813,"date":"2023-09-25T10:08:48","date_gmt":"2023-09-25T13:08:48","guid":{"rendered":"https:\/\/siteshom.goias.gov.br\/seinfra\/?p=200813"},"modified":"2023-12-14T11:06:33","modified_gmt":"2023-12-14T14:06:33","slug":"atencao-prefeitos-cadastro-das-microrregioes","status":"publish","type":"post","link":"https:\/\/goias.gov.br\/seinfra\/atencao-prefeitos-cadastro-das-microrregioes\/","title":{"rendered":"Aten\u00e7\u00e3o, prefeitos: cadastro das microrregi\u00f5es"},"content":{"rendered":"<p>Os 246 prefeitos municipais convocados pelo Governo de Goi\u00e1s para participar do lan\u00e7amento das Microrregi\u00f5es de Saneamento B\u00e1sico (MSBs) dever\u00e3o fazer o cadastramento antes da realiza\u00e7\u00e3o do evento. Promovida\u00a0pela Secretaria de Estado da Infraestrutura (Seinfra), a cerim\u00f4nia ocorrer\u00e1 na quinta-feira (28\/09), \u00e0s 8h30, no Centro Cultural Oscar Niemeyer (CCON), em Goi\u00e2nia.<\/p>\n<p>Durante a instala\u00e7\u00e3o das Microrregi\u00f5es, ser\u00e1 promovida a 1\u00aa assembleia extraordin\u00e1ria dos colegiados das MSBs. Na ocasi\u00e3o, ser\u00e3o apreciados e votados os regimentos internos; e eleitos representantes legais das Microrregi\u00f5es, secret\u00e1rios-gerais e representantes dos munic\u00edpios nos comit\u00eas t\u00e9cnicos. <strong>O cadastramento \u00e9 necess\u00e1rio para a vota\u00e7\u00e3o, que \u00e9 por sistema eletr\u00f4nico. Isso garantir\u00e1 a operacionaliza\u00e7\u00e3o e a seguran\u00e7a do processo.\u00a0<\/strong><\/p>\n<p>Para fazer o cadastro, dever\u00e3o ser informados os dados pessoais do prefeito, cuja presen\u00e7a \u00e9 imprescind\u00edvel. Caso o gestor municipal n\u00e3o possa comparecer, o cadastro deve ser feito no nome do representante legal do munic\u00edpio, como vice-prefeito, presidente da C\u00e2mara Municipal ou procurador-geral do munic\u00edpio.<\/p>\n<p><a href=\"https:\/\/docs.google.com\/forms\/d\/e\/1FAIpQLSe4xEtkILTh19Z2mOWGUfZG27W1aHJXDTQn1lHacI7x2NBf7Q\/viewform\"><strong>Clique aqui e fa\u00e7a seu cadastro<\/strong><\/a><\/p>\n<p>Al\u00e9m disso, deve ser enviado um of\u00edcio com a indica\u00e7\u00e3o de um candidato ao comit\u00ea t\u00e9cnico para o e-mail saneamento.seinfra@goias.gov.br, <strong>at\u00e9 o dia 27 de setembro, mesma data em que encerra o prazo para cadastramento dos prefeitos.<\/strong><\/p>\n<p>Os senhores prefeitos tamb\u00e9m j\u00e1 podem acessar as minutas dos Regulamentos Internos das MSBs<strong>,\u00a0<\/strong><a href=\"https:\/\/goias.gov.br\/seinfra\/confira-as-minutas-do-regimento-interno-das-msbs\/\">clicando aqui<\/a>.<\/p>\n","protected":false},"excerpt":{"rendered":"<p>Os 246 prefeitos municipais convocados pelo Governo de Goi\u00e1s para participar do lan\u00e7amento das Microrregi\u00f5es de Saneamento B\u00e1sico (MSBs) dever\u00e3o fazer o cadastramento antes da realiza\u00e7\u00e3o do evento. Promovida\u00a0pela Secretaria de Estado da Infraestrutura (Seinfra), a cerim\u00f4nia ocorrer\u00e1 na quinta-feira (28\/09), \u00e0s 8h30, no Centro Cultural Oscar Niemeyer (CCON), em Goi\u00e2nia. Durante a instala\u00e7\u00e3o das [&hellip;]<\/p>\n","protected":false},"author":194,"featured_media":0,"comment_status":"closed","ping_status":"open","sticky":false,"template":"","format":"standard","meta":{"footnotes":""},"categories":[21],"tags":[33],"class_list":["post-200813","post","type-post","status-publish","format-standard","hentry","category-saneamento","tag-saneamento-basico"],"rttpg_featured_image_url":null,"rttpg_author":{"display_name":"danielporto","author_link":"https:\/\/goias.gov.br\/seinfra\/author\/danielporto\/"},"rttpg_comment":0,"rttpg_category":"<a href=\"https:\/\/goias.gov.br\/seinfra\/categoria\/saneamento\/\" rel=\"category tag\">Saneamento<\/a>","rttpg_excerpt":"Os 246 prefeitos municipais convocados pelo Governo de Goi\u00e1s para participar do lan\u00e7amento das Microrregi\u00f5es de Saneamento B\u00e1sico (MSBs) dever\u00e3o fazer o cadastramento antes da realiza\u00e7\u00e3o do evento. Promovida\u00a0pela Secretaria de Estado da Infraestrutura (Seinfra), a cerim\u00f4nia ocorrer\u00e1 na quinta-feira (28\/09), \u00e0s 8h30, no Centro Cultural Oscar Niemeyer (CCON), em Goi\u00e2nia. Durante a instala\u00e7\u00e3o das&hellip;","_links":{"self":[{"href":"https:\/\/goias.gov.br\/seinfra\/wp-json\/wp\/v2\/posts\/200813","targetHints":{"allow":["GET"]}}],"collection":[{"href":"https:\/\/goias.gov.br\/seinfra\/wp-json\/wp\/v2\/posts"}],"about":[{"href":"https:\/\/goias.gov.br\/seinfra\/wp-json\/wp\/v2\/types\/post"}],"author":[{"embeddable":true,"href":"https:\/\/goias.gov.br\/seinfra\/wp-json\/wp\/v2\/users\/194"}],"replies":[{"embeddable":true,"href":"https:\/\/goias.gov.br\/seinfra\/wp-json\/wp\/v2\/comments?post=200813"}],"version-history":[{"count":1,"href":"https:\/\/goias.gov.br\/seinfra\/wp-json\/wp\/v2\/posts\/200813\/revisions"}],"predecessor-version":[{"id":200886,"href":"https:\/\/goias.gov.br\/seinfra\/wp-json\/wp\/v2\/posts\/200813\/revisions\/200886"}],"wp:attachment":[{"href":"https:\/\/goias.gov.br\/seinfra\/wp-json\/wp\/v2\/media?parent=200813"}],"wp:term":[{"taxonomy":"category","embeddable":true,"href":"https:\/\/goias.gov.br\/seinfra\/wp-json\/wp\/v2\/categories?post=200813"},{"taxonomy":"post_tag","embeddable":true,"href":"https:\/\/goias.gov.br\/seinfra\/wp-json\/wp\/v2\/tags?post=200813"}],"curies":[{"name":"wp","href":"https:\/\/api.w.org\/{rel}","templated":true}]}}