

{"id":200775,"date":"2023-09-20T17:49:02","date_gmt":"2023-09-20T20:49:02","guid":{"rendered":"https:\/\/siteshom.goias.gov.br\/seinfra\/?p=200775"},"modified":"2024-08-14T12:46:03","modified_gmt":"2024-08-14T15:46:03","slug":"mbs-editais-de-convocacao","status":"publish","type":"post","link":"https:\/\/goias.gov.br\/seinfra\/mbs-editais-de-convocacao\/","title":{"rendered":"1\u00aa Assembleia Extraordin\u00e1ria dos Colegiados Microrregionais"},"content":{"rendered":"<p>O governador Ronaldo Caiado, na qualidade de representante legal das Microrregi\u00f5es de Saneamento B\u00e1sico (MSB) de Goi\u00e1s, convoca os senhores prefeitos dos munic\u00edpios goianos para a 1\u00aa Assembleia Extraordin\u00e1ria dos Colegiados Microrregionais. O evento, em que ser\u00e3o instaladas as Microrregi\u00f5es, ocorrer\u00e1 no dia 28 de setembro de 2023, a partir das 8h30, no Centro Cultural Oscar Niemeyer (CCON), em Goi\u00e2nia.\u00a0<b id=\"docs-internal-guid-3ecb7724-7fff-ddbf-a586-dc67f3a99304\"><\/b><\/p>\n<ul dir=\"ltr\">\n<li><b><\/b><a id=\"\" title=\"\" href=\"\/seinfra\/wp-content\/uploads\/sites\/6\/2023\/10\/Decreto-Convocacao-MSB-1.pdf\" target=\"\" rel=\"noopener\">Clique aqui e confira o edital na \u00edntegra<\/a><\/li>\n<\/ul>\n\n\n<h2 class=\"wp-block-heading\"><a href=\"https:\/\/goias.gov.br\/seinfra\/confira-resultados-das-assembleias-e-eleicoes-msbs\/\" data-type=\"link\" data-id=\"https:\/\/goias.gov.br\/seinfra\/confira-resultados-das-assembleias-e-eleicoes-msbs\/\">Confira resultados da 1\u00aa Assembleia Extraordin\u00e1ria dos Colegiados Microrregionais<\/a><\/h2>\n\n\n\n<p><\/p>\n","protected":false},"excerpt":{"rendered":"<p>O governador Ronaldo Caiado, na qualidade de representante legal das Microrregi\u00f5es de Saneamento B\u00e1sico (MSB) de Goi\u00e1s, convoca os senhores prefeitos dos munic\u00edpios goianos para a 1\u00aa Assembleia Extraordin\u00e1ria dos Colegiados Microrregionais. O evento, em que ser\u00e3o instaladas as Microrregi\u00f5es, ocorrer\u00e1 no dia 28 de setembro de 2023, a partir das 8h30, no Centro Cultural [&hellip;]<\/p>\n","protected":false},"author":193,"featured_media":0,"comment_status":"closed","ping_status":"open","sticky":false,"template":"","format":"standard","meta":{"footnotes":""},"categories":[21],"tags":[],"class_list":["post-200775","post","type-post","status-publish","format-standard","hentry","category-saneamento"],"rttpg_featured_image_url":null,"rttpg_author":{"display_name":"marcosvsouza","author_link":"https:\/\/goias.gov.br\/seinfra\/author\/marcosvsouza\/"},"rttpg_comment":0,"rttpg_category":"<a href=\"https:\/\/goias.gov.br\/seinfra\/categoria\/saneamento\/\" rel=\"category tag\">Saneamento<\/a>","rttpg_excerpt":"O governador Ronaldo Caiado, na qualidade de representante legal das Microrregi\u00f5es de Saneamento B\u00e1sico (MSB) de Goi\u00e1s, convoca os senhores prefeitos dos munic\u00edpios goianos para a 1\u00aa Assembleia Extraordin\u00e1ria dos Colegiados Microrregionais. O evento, em que ser\u00e3o instaladas as Microrregi\u00f5es, ocorrer\u00e1 no dia 28 de setembro de 2023, a partir das 8h30, no Centro Cultural&hellip;","_links":{"self":[{"href":"https:\/\/goias.gov.br\/seinfra\/wp-json\/wp\/v2\/posts\/200775","targetHints":{"allow":["GET"]}}],"collection":[{"href":"https:\/\/goias.gov.br\/seinfra\/wp-json\/wp\/v2\/posts"}],"about":[{"href":"https:\/\/goias.gov.br\/seinfra\/wp-json\/wp\/v2\/types\/post"}],"author":[{"embeddable":true,"href":"https:\/\/goias.gov.br\/seinfra\/wp-json\/wp\/v2\/users\/193"}],"replies":[{"embeddable":true,"href":"https:\/\/goias.gov.br\/seinfra\/wp-json\/wp\/v2\/comments?post=200775"}],"version-history":[{"count":2,"href":"https:\/\/goias.gov.br\/seinfra\/wp-json\/wp\/v2\/posts\/200775\/revisions"}],"predecessor-version":[{"id":206623,"href":"https:\/\/goias.gov.br\/seinfra\/wp-json\/wp\/v2\/posts\/200775\/revisions\/206623"}],"wp:attachment":[{"href":"https:\/\/goias.gov.br\/seinfra\/wp-json\/wp\/v2\/media?parent=200775"}],"wp:term":[{"taxonomy":"category","embeddable":true,"href":"https:\/\/goias.gov.br\/seinfra\/wp-json\/wp\/v2\/categories?post=200775"},{"taxonomy":"post_tag","embeddable":true,"href":"https:\/\/goias.gov.br\/seinfra\/wp-json\/wp\/v2\/tags?post=200775"}],"curies":[{"name":"wp","href":"https:\/\/api.w.org\/{rel}","templated":true}]}}