

{"id":95833,"date":"2024-02-28T08:38:59","date_gmt":"2024-02-28T11:38:59","guid":{"rendered":"https:\/\/www.seguranca.go.gov.br\/?p=95833"},"modified":"2024-02-28T08:38:59","modified_gmt":"2024-02-28T11:38:59","slug":"extrato-da-portaria-no-18-297-19-de-fevereiro-de-2024-pm-56876738","status":"publish","type":"post","link":"https:\/\/goias.gov.br\/seguranca\/extrato-da-portaria-no-18-297-19-de-fevereiro-de-2024-pm-56876738\/","title":{"rendered":"EXTRATO DA PORTARIA N\u00ba 18.297, 19 de fevereiro de 2024 &#8211; PM (56876738)"},"content":{"rendered":"<table width=\"546\" cellspacing=\"0\" cellpadding=\"7\">\n<tbody>\n<tr>\n<td colspan=\"2\" valign=\"top\" width=\"530\">\n<p class=\"western\" lang=\"zxx\" align=\"center\"><span style=\"color: #000000\"><span style=\"font-family: Arial, sans-serif\"><span style=\"font-size: xx-small\"><span lang=\"pt-BR\">EXTRATO DA PORTARIA N\u00ba<\/span><\/span><\/span><\/span> <span style=\"color: #000000\"><span style=\"font-family: Arial, sans-serif\"><span style=\"font-size: xx-small\"><span lang=\"pt-BR\">18.297<\/span><\/span><\/span><\/span><span style=\"color: #000000\"><span style=\"font-family: Arial, sans-serif\"><span style=\"font-size: xx-small\"><span lang=\"pt-BR\">, <\/span><\/span><\/span><\/span><span style=\"color: #000000\"><span style=\"font-family: Arial, sans-serif\"><span style=\"font-size: xx-small\"><span lang=\"pt-BR\">19<\/span><\/span><\/span><\/span><span style=\"color: #000000\"><span style=\"font-family: Arial, sans-serif\"><span style=\"font-size: xx-small\"><span lang=\"pt-BR\"> de fevereiro<\/span><\/span><\/span><\/span><span style=\"color: #000000\"><span style=\"font-family: Arial, sans-serif\"><span style=\"font-size: xx-small\"><span lang=\"pt-BR\"> de 2024 <\/span><\/span><\/span><\/span><span style=\"color: #000000\"><span style=\"font-family: Arial, sans-serif\"><span style=\"font-size: xx-small\"><span lang=\"pt-BR\">&#8211; PM (56876738)<\/span><\/span><\/span><\/span><\/p>\n<\/td>\n<\/tr>\n<tr>\n<td colspan=\"2\" valign=\"top\" width=\"530\" height=\"7\">\n<p class=\"western\" lang=\"zxx\" align=\"center\"><strong><span style=\"color: #000000\"><span style=\"font-family: Arial, sans-serif\"><span style=\"font-size: xx-small\"><span lang=\"pt-BR\">Dispensa, designa e mant\u00eam policiais militares na Comiss\u00e3o de Gest\u00e3o do Contrato P\u00fablico n\u00ba 37\/2023 (52266698), conforme especifica.<\/span><\/span><\/span><\/span><\/strong><\/p>\n<\/td>\n<\/tr>\n<tr>\n<td colspan=\"2\" valign=\"top\" width=\"530\">\n<p class=\"western\" align=\"justify\"><span style=\"font-family: Arial, sans-serif\"><span style=\"font-size: xx-small\">Art. 1\u00ba Dispensar, designar e manter na fun\u00e7\u00e3o os policiais militares de que trata esta Portaria.<\/span><\/span><\/p>\n<\/td>\n<\/tr>\n<tr valign=\"top\">\n<td rowspan=\"3\" width=\"102\">\n<p class=\"western\" lang=\"zxx\" align=\"justify\"><span style=\"font-family: Arial, sans-serif\"><span style=\"font-size: xx-small\">\u00a7 1\u00ba &#8211; Dispensar<\/span><\/span><\/p>\n<\/td>\n<td width=\"414\">\n<p class=\"western\" lang=\"zxx\" align=\"justify\"><span style=\"color: #000000\"><span style=\"font-family: Arial, sans-serif\"><span style=\"font-size: xx-small\">I &#8211; TENENTE-CORONEL PM LEANDRO RICARDO DA SILVA, CPF n\u00ba ***.611.541-**, no exerc\u00edcio da fun\u00e7\u00e3o de Membro Titular da Comiss\u00e3o de Gest\u00e3o, no \u00e2mbito do COPOM do Comando de Policiamento Rodovi\u00e1rio \u2013 CPR \/198, respons\u00e1vel pelo acompanhamento e fiscaliza\u00e7\u00e3o da execu\u00e7\u00e3o contratual, sem preju\u00edzo de suas atribui\u00e7\u00f5es; ;<\/span><\/span><\/span><\/p>\n<\/td>\n<\/tr>\n<tr valign=\"top\">\n<td width=\"414\">\n<p class=\"western\" lang=\"zxx\" align=\"justify\"><span style=\"color: #000000\"><span style=\"font-family: Arial, sans-serif\"><span style=\"font-size: xx-small\">II &#8211; 1\u00ba TENENTE PM KAMILA PARENTE CARNEIRO, CPF n\u00ba ***.876.361-**, no exerc\u00edcio da fun\u00e7\u00e3o de Membro Substituto da Comiss\u00e3o de Gest\u00e3o, no \u00e2mbito do COPOM do Comando de Policiamento Rodovi\u00e1rio \u2013 CPR \/198, respons\u00e1vel pelo acompanhamento e fiscaliza\u00e7\u00e3o da execu\u00e7\u00e3o contratual nos per\u00edodos de afastamentos e impedimentos legais do Membro Titular, sem preju\u00edzo de suas atribui\u00e7\u00f5es;<\/span><\/span><\/span><\/p>\n<\/td>\n<\/tr>\n<tr valign=\"top\">\n<td width=\"414\">\n<p class=\"western\" lang=\"zxx\" align=\"justify\"><span style=\"color: #000000\"><span style=\"font-family: Arial, sans-serif\"><span style=\"font-size: xx-small\">III \u20131\u00ba Dispensar o Capit\u00e3o PM JOS\u00c9 HUMBERTO NUNES, CPF n\u00ba ***.172.721-**, do exerc\u00edcio da fun\u00e7\u00e3o de Membro Titular da Comiss\u00e3o de Gest\u00e3o, no \u00e2mbito do COPOM do 9\u00ba CRPM\u200b.<\/span><\/span><\/span><\/p>\n<\/td>\n<\/tr>\n<tr valign=\"top\">\n<td rowspan=\"3\" width=\"102\">\n<p class=\"western\" lang=\"zxx\" align=\"justify\"><span style=\"font-family: Arial, sans-serif\"><span style=\"font-size: xx-small\">\u00a7 2\u00ba Designar:<\/span><\/span><\/p>\n<\/td>\n<td width=\"414\">\n<p class=\"western\" lang=\"zxx\" align=\"justify\"><a name=\"lnkSei531199941\"><\/a> <span style=\"color: #000000\"><span style=\"font-family: Arial, sans-serif\"><span style=\"font-size: xx-small\">I \u2013 MAJOR PM S\u00c9RGIO ALC\u00c2NTARA DE SOUZA, CPF:\u00a0***.009.841-**, para o exerc\u00edcio da fun\u00e7\u00e3o de Membro Titular da Comiss\u00e3o de Gest\u00e3o do Contrato P\u00fablico n\u00ba 37\/2023 (<\/span><\/span><\/span><span style=\"color: #0000ff\"><u><a href=\"https:\/\/sei.go.gov.br\/sei\/controlador.php?acao=protocolo_visualizar&amp;id_protocolo=53119994&amp;id_procedimento_atual=47635664&amp;infra_sistema=100000100&amp;infra_unidade_atual=15830&amp;infra_hash=5b1bdd246488b5d3beff2e90635eca18cb82b5b17ffdbdd9ceb7ab3d008cbb6d7d07d1da92ebc825e46cad595af71eff9a7e15c6cec461f8bd017bf828f28db7d43034e5c9300ceea6c9a68a01a409cc6bdbd39121a6ca3d488be155ac8dfa57\" target=\"_blank\" rel=\"noopener\"><span style=\"color: #000000\"><span style=\"font-family: Arial, sans-serif\"><span style=\"font-size: xx-small\">52266698<\/span><\/span><\/span><\/a><\/u><\/span><span style=\"color: #000000\"><span style=\"font-family: Arial, sans-serif\"><span style=\"font-size: xx-small\">), no \u00e2mbito\u00a0do\u00a0<\/span><\/span><\/span><strong><span style=\"color: #000000\"><span style=\"font-family: Arial, sans-serif\"><span style=\"font-size: xx-small\">Comando de Policiamento Rodovi\u00e1rio \u2013 CPR \/198<\/span><\/span><\/span><\/strong><span style=\"color: #000000\"><span style=\"font-family: Arial, sans-serif\"><span style=\"font-size: xx-small\">, respons\u00e1vel pelo acompanhamento e fiscaliza\u00e7\u00e3o da execu\u00e7\u00e3o contratual, sem preju\u00edzo de suas atribui\u00e7\u00f5es;<\/span><\/span><\/span><\/p>\n<\/td>\n<\/tr>\n<tr valign=\"top\">\n<td width=\"414\">\n<p class=\"western\" lang=\"zxx\" align=\"justify\"><a name=\"lnkSei531199942\"><\/a> <span style=\"color: #000000\"><span style=\"font-family: Arial, sans-serif\"><span style=\"font-size: xx-small\">II \u2013 1\u00ba TENENTE PM ELISSANDRO JOS\u00c9 ACOSTA PEREIRA, CPF:\u00a0***.956.821-**, para o exerc\u00edcio da fun\u00e7\u00e3o de Membro Substituto da Comiss\u00e3o de Gest\u00e3o do Contrato P\u00fablico n\u00ba 37\/2023 (<\/span><\/span><\/span><span style=\"color: #0000ff\"><u><a href=\"https:\/\/sei.go.gov.br\/sei\/controlador.php?acao=protocolo_visualizar&amp;id_protocolo=53119994&amp;id_procedimento_atual=47635664&amp;infra_sistema=100000100&amp;infra_unidade_atual=15830&amp;infra_hash=5b1bdd246488b5d3beff2e90635eca18cb82b5b17ffdbdd9ceb7ab3d008cbb6d7d07d1da92ebc825e46cad595af71eff9a7e15c6cec461f8bd017bf828f28db7d43034e5c9300ceea6c9a68a01a409cc6bdbd39121a6ca3d488be155ac8dfa57\" target=\"_blank\" rel=\"noopener\"><span style=\"color: #000000\"><span style=\"font-family: Arial, sans-serif\"><span style=\"font-size: xx-small\">52266698<\/span><\/span><\/span><\/a><\/u><\/span><span style=\"color: #000000\"><span style=\"font-family: Arial, sans-serif\"><span style=\"font-size: xx-small\">), no \u00e2mbito do\u00a0<\/span><\/span><\/span><strong><span style=\"color: #000000\"><span style=\"font-family: Arial, sans-serif\"><span style=\"font-size: xx-small\">Comando de Policiamento Rodovi\u00e1rio \u2013<\/span><\/span><\/span><\/strong><span style=\"color: #000000\"><span style=\"font-family: Arial, sans-serif\"><span style=\"font-size: xx-small\">\u00a0<\/span><\/span><\/span><strong><span style=\"color: #000000\"><span style=\"font-family: Arial, sans-serif\"><span style=\"font-size: xx-small\">CPR \/198<\/span><\/span><\/span><\/strong><span style=\"color: #000000\"><span style=\"font-family: Arial, sans-serif\"><span style=\"font-size: xx-small\">, respons\u00e1vel pelo acompanhamento e fiscaliza\u00e7\u00e3o da execu\u00e7\u00e3o contratual nos per\u00edodos de afastamentos e impedimentos legais do Membro Titular, sem preju\u00edzo de suas atribui\u00e7\u00f5es.<\/span><\/span><\/span><\/p>\n<\/td>\n<\/tr>\n<tr valign=\"top\">\n<td width=\"414\">\n<p class=\"western\" lang=\"zxx\" align=\"justify\"><span style=\"color: #000000\"><span style=\"font-family: Arial, sans-serif\"><span style=\"font-size: xx-small\">III \u2013 2\u00ba Designar o Major PM \u00c9MERSON FERREIRA CARAPINA, CPF n\u00ba ***.870.181-**, no exerc\u00edcio da fun\u00e7\u00e3o de Membro Titular da Comiss\u00e3o de Gest\u00e3o, no \u00e2mbito do COPOM do 9\u00ba CRPM\u200b, respons\u00e1vel pelo acompanhamento e fiscaliza\u00e7\u00e3o da execu\u00e7\u00e3o contratual, sem preju\u00edzo de suas atribui\u00e7\u00f5es. <\/span><\/span><\/span><\/p>\n<\/td>\n<\/tr>\n<tr valign=\"top\">\n<td width=\"102\">\n<p class=\"western\" lang=\"zxx\" align=\"justify\"><span style=\"font-family: Arial, sans-serif\"><span style=\"font-size: xx-small\">Refer\u00eancia: <\/span><\/span><\/p>\n<\/td>\n<td width=\"414\">\n<p class=\"western\" lang=\"zxx\" align=\"justify\"><span style=\"color: #000000\"><span style=\"font-family: Arial, sans-serif\"><span style=\"font-size: xx-small\">Processo n\u00ba <\/span><\/span><\/span><span style=\"color: #000000\"><span style=\"font-family: Arial, sans-serif\"><span style=\"font-size: xx-small\"><span lang=\"pt-BR\">202300002054574<\/span><\/span><\/span><\/span><\/p>\n<\/td>\n<\/tr>\n<\/tbody>\n<\/table>\n<p align=\"center\"><span style=\"font-family: Arial, sans-serif\"><span style=\"font-size: xx-small\">ANDR\u00c9 HENRIQUE AVELAR DE SOUSA \u2013 CORONEL PM<br \/>\n<\/span><\/span><span style=\"font-family: Arial, sans-serif\"><span style=\"font-size: xx-small\">Comandante-geral da PMGO<\/span><\/span><\/p>\n<p align=\"center\">\nARQUIVO EM PDF: <a href=\"https:\/\/goias.gov.br\/seguranca\/wp-content\/uploads\/sites\/56\/2024\/02\/diario-oficial-2024-02-23-completo.pdf\" target=\"_blank\" rel=\"noopener\">diario_oficial_2024-02-23<\/a><\/p>\n","protected":false},"excerpt":{"rendered":"<p>EXTRATO DA PORTARIA N\u00ba 18.297, 19 de fevereiro de 2024 &#8211; PM (56876738) Dispensa, designa e mant\u00eam policiais militares na Comiss\u00e3o de Gest\u00e3o do Contrato P\u00fablico n\u00ba 37\/2023 (52266698), conforme especifica. Art. 1\u00ba Dispensar, designar e manter na fun\u00e7\u00e3o os policiais militares de que trata esta Portaria. \u00a7 1\u00ba &#8211; Dispensar I &#8211; TENENTE-CORONEL PM [&hellip;]<\/p>\n","protected":false},"author":77,"featured_media":0,"comment_status":"closed","ping_status":"closed","sticky":false,"template":"","format":"standard","meta":{"footnotes":"","_links_to":"","_links_to_target":""},"categories":[13,1],"tags":[],"class_list":["post-95833","post","type-post","status-publish","format-standard","hentry","category-editais-pm","category-sem-categoria"],"rttpg_featured_image_url":null,"rttpg_author":{"display_name":"barbaragodoy","author_link":"https:\/\/goias.gov.br\/seguranca\/author\/barbaragodoy\/"},"rttpg_comment":0,"rttpg_category":"<a href=\"https:\/\/goias.gov.br\/seguranca\/categoria\/editais-pm\/\" rel=\"category tag\">Editais PM<\/a> <a href=\"https:\/\/goias.gov.br\/seguranca\/categoria\/sem-categoria\/\" rel=\"category tag\">Sem categoria<\/a>","rttpg_excerpt":"EXTRATO DA PORTARIA N\u00ba 18.297, 19 de fevereiro de 2024 &#8211; PM (56876738) Dispensa, designa e mant\u00eam policiais militares na Comiss\u00e3o de Gest\u00e3o do Contrato P\u00fablico n\u00ba 37\/2023 (52266698), conforme especifica. Art. 1\u00ba Dispensar, designar e manter na fun\u00e7\u00e3o os policiais militares de que trata esta Portaria. \u00a7 1\u00ba &#8211; Dispensar I &#8211; TENENTE-CORONEL PM&hellip;","_links":{"self":[{"href":"https:\/\/goias.gov.br\/seguranca\/wp-json\/wp\/v2\/posts\/95833","targetHints":{"allow":["GET"]}}],"collection":[{"href":"https:\/\/goias.gov.br\/seguranca\/wp-json\/wp\/v2\/posts"}],"about":[{"href":"https:\/\/goias.gov.br\/seguranca\/wp-json\/wp\/v2\/types\/post"}],"author":[{"embeddable":true,"href":"https:\/\/goias.gov.br\/seguranca\/wp-json\/wp\/v2\/users\/77"}],"replies":[{"embeddable":true,"href":"https:\/\/goias.gov.br\/seguranca\/wp-json\/wp\/v2\/comments?post=95833"}],"version-history":[{"count":0,"href":"https:\/\/goias.gov.br\/seguranca\/wp-json\/wp\/v2\/posts\/95833\/revisions"}],"wp:attachment":[{"href":"https:\/\/goias.gov.br\/seguranca\/wp-json\/wp\/v2\/media?parent=95833"}],"wp:term":[{"taxonomy":"category","embeddable":true,"href":"https:\/\/goias.gov.br\/seguranca\/wp-json\/wp\/v2\/categories?post=95833"},{"taxonomy":"post_tag","embeddable":true,"href":"https:\/\/goias.gov.br\/seguranca\/wp-json\/wp\/v2\/tags?post=95833"}],"curies":[{"name":"wp","href":"https:\/\/api.w.org\/{rel}","templated":true}]}}