

{"id":93782,"date":"2024-01-03T10:34:35","date_gmt":"2024-01-03T13:34:35","guid":{"rendered":"https:\/\/www.seguranca.go.gov.br\/?p=93782"},"modified":"2024-01-03T10:34:35","modified_gmt":"2024-01-03T13:34:35","slug":"notificacao-no-44-2023-ssp","status":"publish","type":"post","link":"https:\/\/goias.gov.br\/seguranca\/notificacao-no-44-2023-ssp\/","title":{"rendered":"NOTIFICA\u00c7\u00c3O N\u00ba 44 \/ 2023 SSP"},"content":{"rendered":"<p>NOTIFICA\u00c7\u00c3O N\u00ba 44 \/ 2023 SSP\/CFP-20836<\/p>\n<p>Sr. Jo\u00e3o Victor Magalh\u00e3es Franco e Silva, Gerente de Gest\u00e3o e Desenvolvimento de Pessoas da Superintendente de Gest\u00e3o Integrada,<\/p>\n<p>da Secretaria de Estado da Seguran\u00e7a P\u00fablica, no uso de suas atribui\u00e7\u00f5es legais<\/p>\n<p>Noti\ufb01ca o senhor Sr. AMADO RODRIGUES BATISTA, portador do CPF n\u00ba: ***.752.061-**, residente e domiciliado \u00e0 Rua das Guarirobas, Qd. 05 A, L. 12, S\/N, Residencial Aldeia do Vale, CEP 74.000-000, Goi\u00e2nia &#8211; Goi\u00e1s, que conforme a Lei n\u00ba 14.067, de 26 de dezembro de 2001, no seu artigo 10-C, dever\u00e1 devolver aos Cofres P\u00fablico os pagamentos recebido indevidamente devido a falta de recadastramento anual tendo em vista que o ultimo recadastramento referem-se ao ano de 2016, restitui\u00e7\u00e3o dos valores recebidos a partir de 1\u00ba de maio de 2017, conforme Lei 13.800 de 18 de janeiro de 2011.<\/p>\n<p>A Secretaria de Estado da Seguran\u00e7a P\u00fablica em aplicabilidade da lei 20.756 de 28 de janeiro de 2020, referente ao artigo 110 al\u00ednea (a), noti\ufb01ca o Senhor AMADO RODRIGUES BATISTA a apresentar defesa na Ger\u00eancia de Gest\u00e3o e Desenvolvimento de Pessoas, situada na Rua 17, Qd 01, Lt 01, Setor Aerovi\u00e1rio, Goi\u00e2nia-GO &#8211; CEP: 74435-300.<\/p>\n<p><strong>Fica<\/strong> <strong>cienti\ufb01cado(a),<\/strong> <strong>a apresenta\u00e7\u00e3o de defesa no prazo de 10 (dez) dias do recebimento desta, \u00e0 n\u00e3o apresenta\u00e7\u00e3o de defesa no prazo estabelecido, o processo ter\u00e1 continuidade independentemente do comparecimento do notificado.<\/strong><\/p>\n<p>GOI\u00c2NIA, 20 de dezembro de 2023.<\/p>\n<p><strong><a href=\"https:\/\/goias.gov.br\/seguranca\/wp-content\/uploads\/sites\/56\/2024\/01\/sei-202200016020364.pdf\">NOTIFICA\u00c7\u00c3O N\u00ba 44 \/ 2023 SSP\/CFP-20836<\/a><\/strong><\/p>\n<p>&nbsp;<\/p>\n","protected":false},"excerpt":{"rendered":"<p>NOTIFICA\u00c7\u00c3O N\u00ba 44 \/ 2023 SSP\/CFP-20836 Sr. Jo\u00e3o Victor Magalh\u00e3es Franco e Silva, Gerente de Gest\u00e3o e Desenvolvimento de Pessoas da Superintendente de Gest\u00e3o Integrada, da Secretaria de Estado da Seguran\u00e7a P\u00fablica, no uso de suas atribui\u00e7\u00f5es legais Noti\ufb01ca o senhor Sr. AMADO RODRIGUES BATISTA, portador do CPF n\u00ba: ***.752.061-**, residente e domiciliado \u00e0 Rua [&hellip;]<\/p>\n","protected":false},"author":3,"featured_media":0,"comment_status":"closed","ping_status":"closed","sticky":false,"template":"","format":"standard","meta":{"footnotes":"","_links_to":"","_links_to_target":""},"categories":[16,1],"tags":[],"class_list":["post-93782","post","type-post","status-publish","format-standard","hentry","category-extratos","category-sem-categoria"],"rttpg_featured_image_url":null,"rttpg_author":{"display_name":"joanaredator","author_link":"https:\/\/goias.gov.br\/seguranca\/author\/joanaredator\/"},"rttpg_comment":0,"rttpg_category":"<a href=\"https:\/\/goias.gov.br\/seguranca\/categoria\/extratos\/\" rel=\"category tag\">Extratos<\/a> <a href=\"https:\/\/goias.gov.br\/seguranca\/categoria\/sem-categoria\/\" rel=\"category tag\">Sem categoria<\/a>","rttpg_excerpt":"NOTIFICA\u00c7\u00c3O N\u00ba 44 \/ 2023 SSP\/CFP-20836 Sr. Jo\u00e3o Victor Magalh\u00e3es Franco e Silva, Gerente de Gest\u00e3o e Desenvolvimento de Pessoas da Superintendente de Gest\u00e3o Integrada, da Secretaria de Estado da Seguran\u00e7a P\u00fablica, no uso de suas atribui\u00e7\u00f5es legais Noti\ufb01ca o senhor Sr. AMADO RODRIGUES BATISTA, portador do CPF n\u00ba: ***.752.061-**, residente e domiciliado \u00e0 Rua&hellip;","_links":{"self":[{"href":"https:\/\/goias.gov.br\/seguranca\/wp-json\/wp\/v2\/posts\/93782","targetHints":{"allow":["GET"]}}],"collection":[{"href":"https:\/\/goias.gov.br\/seguranca\/wp-json\/wp\/v2\/posts"}],"about":[{"href":"https:\/\/goias.gov.br\/seguranca\/wp-json\/wp\/v2\/types\/post"}],"author":[{"embeddable":true,"href":"https:\/\/goias.gov.br\/seguranca\/wp-json\/wp\/v2\/users\/3"}],"replies":[{"embeddable":true,"href":"https:\/\/goias.gov.br\/seguranca\/wp-json\/wp\/v2\/comments?post=93782"}],"version-history":[{"count":0,"href":"https:\/\/goias.gov.br\/seguranca\/wp-json\/wp\/v2\/posts\/93782\/revisions"}],"wp:attachment":[{"href":"https:\/\/goias.gov.br\/seguranca\/wp-json\/wp\/v2\/media?parent=93782"}],"wp:term":[{"taxonomy":"category","embeddable":true,"href":"https:\/\/goias.gov.br\/seguranca\/wp-json\/wp\/v2\/categories?post=93782"},{"taxonomy":"post_tag","embeddable":true,"href":"https:\/\/goias.gov.br\/seguranca\/wp-json\/wp\/v2\/tags?post=93782"}],"curies":[{"name":"wp","href":"https:\/\/api.w.org\/{rel}","templated":true}]}}