

{"id":93407,"date":"2023-12-28T11:59:53","date_gmt":"2023-12-28T14:59:53","guid":{"rendered":"https:\/\/www.seguranca.go.gov.br\/?p=93407"},"modified":"2023-12-28T11:59:53","modified_gmt":"2023-12-28T14:59:53","slug":"6-o-termo-aditivo-ao-convenio-001-2009","status":"publish","type":"post","link":"https:\/\/goias.gov.br\/seguranca\/6-o-termo-aditivo-ao-convenio-001-2009\/","title":{"rendered":"6 \u00ba TERMO ADITIVO AO CONV\u00caNIO 001\/2009"},"content":{"rendered":"<p style=\"text-align: center\"><span style=\"text-decoration: underline\"><strong>6 \u00ba TERMO ADITIVO AO CONV\u00caNIO 001\/2009<\/strong><\/span><\/p>\n<p style=\"text-align: justify\">Processo: 201800016023705<\/p>\n<p class=\"Texto_Justificado_Esp15\"><strong>OBJETO:<\/strong><\/p>\n<p class=\"Texto_Justificado_Esp15\"><strong>1.<\/strong>\u00a0O presente Termo Aditivo tem por objeto a prorroga\u00e7\u00e3o do prazo de vig\u00eancia com efic\u00e1cia condicionada \u00e0 respectiva publica\u00e7\u00e3o no Di\u00e1rio Oficial do Estado, bem como a inclus\u00e3o dos itens 2.10 na Clausula 3.18, 3.19 e 3.20 na Cl\u00e1usula Terceira.<\/p>\n<p class=\"Texto_Justificado_Esp15\"><strong>PART\u00cdCIPES:<\/strong><\/p>\n<p class=\"Texto_Justificado_Esp15\"><strong>1.<\/strong> O Estado de Goi\u00e1s, por interm\u00e9dio da Secretaria de<br \/>\nEstado da Seguran\u00e7a P\u00fablica;<\/p>\n<p class=\"Texto_Justificado_Esp15\"><strong>2<\/strong>. Superintend\u00eancia de Pol\u00edcia T\u00e9cnico-Cient\u00edfica;<\/p>\n<p class=\"Texto_Justificado_Esp15\"><strong>3<\/strong>. Munic\u00edpio de An\u00e1polis &#8211; GO<\/p>\n<p><b>DAS ALTERA\u00c7\u00d5ES:<\/b><\/p>\n<p>&#8220;2.1. Fica prorrogado o prazo de vig\u00eancia da aven\u00e7a original por mais 05 (cinco) anos, a contar a partir da data de publica\u00e7\u00e3o no Di\u00e1rio Oficial do Estado.<\/p>\n<p>2.2 A Cl\u00e1usula Segunda \u2013 Das obriga\u00e7\u00f5es da Superintend\u00eancia da Pol\u00edcia T\u00e9cnico-Cient\u00edfica, passa a ter a\u00a0<b>inclus\u00e3o<\/b>\u00a0dos seguintes itens:<\/p>\n<p>2.10 \u2013 Analisar, gerenciar e fiscalizar projetos de constru\u00e7\u00e3o civil enviados pelo Munic\u00edpio de An\u00e1polis.<\/p>\n<p>2.3. A Cl\u00e1usula Terceira \u2013 Das Obriga\u00e7\u00f5es do Munic\u00edpio de An\u00e1polis passa a ter a\u00a0<b>inclus\u00e3o<\/b>\u00a0dos seguintes itens:<\/p>\n<p>3.18 \u2013 Realizar mediante autoriza\u00e7\u00e3o e aprova\u00e7\u00e3o de projeto pela SPTC\/SSP, obras, reformas, da infraestrutura da 10\u00aa CRPTC disponibilizada para o SVO, procedendo aos respectivos reparos e adequa\u00e7\u00f5es pertinentes, com a devida Anota\u00e7\u00e3o de Responsabilidade T\u00e9cnica (ART).<\/p>\n<p>3.19 \u2013 Adquirir, instalar e manter equipamentos e mobili\u00e1rio utilizados por ambos os setores.<\/p>\n<p>3.20 \u2013 Fornecer contrapartida de servidores e insumos mediante solicita\u00e7\u00e3o da Superintend\u00eancia de Policia T\u00e9cnico- Cient\u00edfica e disponibilidade do Munic\u00edpio de An\u00e1polis.<\/p>\n<p>Par\u00e1grafo \u00fanico &#8211; As indeniza\u00e7\u00f5es institu\u00eddas por meio da Lei Estadual n\u00b0 15.949 de 29\/12\/2006 n\u00e3o se incorpotam ao subs\u00eddio do benefici\u00e1rio, n\u00e3o integram a base de c\u00e1lculo de quaisquer vantagens pecuni\u00e1rias devida ou que vierem a ser concedidas, n\u00e3o incidindo sobre elas desconto previdenci\u00e1rio, conforme preconiza o Artigo 6\u00b0 da legisla\u00e7\u00e3o supracitada, nem tampouco h\u00e1 a incid\u00eancia de cobran\u00e7a de imposto de renda (IR), por ser considerada natureza indenizat\u00f3ria, conforme Despacho n\u00b0 914\/20250-GAB\/PGE de 01\/07\/2020, decorrente do Processo n\u00b0 202000003005007, devendo ser informado pelo Munic\u00edpio Convenente \u00e0 Receita Federal como rendimentos n\u00e3o tribut\u00e1veis.&#8221;<\/p>\n<p style=\"text-align: justify\"><strong>VIG\u00caNCIA:<\/strong> prorroga\u00e7\u00e3o por mais 05 (cinco) anos.<\/p>\n<p><strong>DATA DE ASSINATURA DO ADITIVO: <\/strong>28 de dezembro de 2023, sob a \u00e9gide da Lei n\u00ba 8.666\/93 nas disposi\u00e7\u00f5es da Lei Estadual n\u00ba 17.928.<\/p>\n<p>&nbsp;<\/p>\n<p style=\"text-align: center\">RENATA LORENA NEITZL DOS SANTOS<\/p>\n<p style=\"text-align: center\">Gerente de Conv\u00eanios &#8211; GECON\/SSP<\/p>\n","protected":false},"excerpt":{"rendered":"<p>6 \u00ba TERMO ADITIVO AO CONV\u00caNIO 001\/2009 Processo: 201800016023705 OBJETO: 1.\u00a0O presente Termo Aditivo tem por objeto a prorroga\u00e7\u00e3o do prazo de vig\u00eancia com efic\u00e1cia condicionada \u00e0 respectiva publica\u00e7\u00e3o no Di\u00e1rio Oficial do Estado, bem como a inclus\u00e3o dos itens 2.10 na Clausula 3.18, 3.19 e 3.20 na Cl\u00e1usula Terceira. PART\u00cdCIPES: 1. O Estado de [&hellip;]<\/p>\n","protected":false},"author":3,"featured_media":0,"comment_status":"closed","ping_status":"closed","sticky":false,"template":"","format":"standard","meta":{"footnotes":"","_links_to":"","_links_to_target":""},"categories":[1985],"tags":[2216,2217,2218,2219,155,814,2220],"class_list":["post-93407","post","type-post","status-publish","format-standard","hentry","category-convenios-da-ssp","tag-6-o-termo-aditivo","tag-convenio-001-2009","tag-municipio-de-anapolis-go","tag-o-estado-de-goias","tag-sptc","tag-sspgo","tag-superintendencia-de-policia-tecnico-cientifica"],"rttpg_featured_image_url":null,"rttpg_author":{"display_name":"joanaredator","author_link":"https:\/\/goias.gov.br\/seguranca\/author\/joanaredator\/"},"rttpg_comment":0,"rttpg_category":"<a href=\"https:\/\/goias.gov.br\/seguranca\/categoria\/convenios-da-ssp\/\" rel=\"category tag\">Conv\u00eanios da SSP<\/a>","rttpg_excerpt":"6 \u00ba TERMO ADITIVO AO CONV\u00caNIO 001\/2009 Processo: 201800016023705 OBJETO: 1.\u00a0O presente Termo Aditivo tem por objeto a prorroga\u00e7\u00e3o do prazo de vig\u00eancia com efic\u00e1cia condicionada \u00e0 respectiva publica\u00e7\u00e3o no Di\u00e1rio Oficial do Estado, bem como a inclus\u00e3o dos itens 2.10 na Clausula 3.18, 3.19 e 3.20 na Cl\u00e1usula Terceira. PART\u00cdCIPES: 1. O Estado de&hellip;","_links":{"self":[{"href":"https:\/\/goias.gov.br\/seguranca\/wp-json\/wp\/v2\/posts\/93407","targetHints":{"allow":["GET"]}}],"collection":[{"href":"https:\/\/goias.gov.br\/seguranca\/wp-json\/wp\/v2\/posts"}],"about":[{"href":"https:\/\/goias.gov.br\/seguranca\/wp-json\/wp\/v2\/types\/post"}],"author":[{"embeddable":true,"href":"https:\/\/goias.gov.br\/seguranca\/wp-json\/wp\/v2\/users\/3"}],"replies":[{"embeddable":true,"href":"https:\/\/goias.gov.br\/seguranca\/wp-json\/wp\/v2\/comments?post=93407"}],"version-history":[{"count":0,"href":"https:\/\/goias.gov.br\/seguranca\/wp-json\/wp\/v2\/posts\/93407\/revisions"}],"wp:attachment":[{"href":"https:\/\/goias.gov.br\/seguranca\/wp-json\/wp\/v2\/media?parent=93407"}],"wp:term":[{"taxonomy":"category","embeddable":true,"href":"https:\/\/goias.gov.br\/seguranca\/wp-json\/wp\/v2\/categories?post=93407"},{"taxonomy":"post_tag","embeddable":true,"href":"https:\/\/goias.gov.br\/seguranca\/wp-json\/wp\/v2\/tags?post=93407"}],"curies":[{"name":"wp","href":"https:\/\/api.w.org\/{rel}","templated":true}]}}