

{"id":92095,"date":"2023-11-13T07:59:49","date_gmt":"2023-11-13T10:59:49","guid":{"rendered":"https:\/\/www.seguranca.go.gov.br\/?p=92095"},"modified":"2023-11-13T07:59:49","modified_gmt":"2023-11-13T10:59:49","slug":"aviso-de-adiamento-pregao-eletronico-155-2023","status":"publish","type":"post","link":"https:\/\/goias.gov.br\/seguranca\/aviso-de-adiamento-pregao-eletronico-155-2023\/","title":{"rendered":"AVISO DE ADIAMENTO &#8211; Preg\u00e3o Eletr\u00f4nico 155\/2023"},"content":{"rendered":"<h3 style=\"text-align: center\"><u>AVISO DE ADIAMENTO <\/u><u>&#8211; <\/u><u>Preg\u00e3o Eletr\u00f4nico 155\/2023<\/u><\/h3>\n<p>Processo: 202300016021883. Solicitante: COORDENADORIA DE APOIO ADMINISTRATIVO &#8211; SPTC-GO. Objeto: Aquisi\u00e7\u00e3o de m\u00f3veis, equipamentos tecnol\u00f3gicos e de inform\u00e1tica (cadeira e mesa para escrit\u00f3rio, monitor, nobreak, scanner, lupa).<\/p>\n<p>A pregoeira respons\u00e1vel pelo procedimento em tela comunica aos interessados que a sess\u00e3o p\u00fablica definida para o dia 14\/11\/2023 foi adiada para o dia 29\/11\/2023 \u00e0s 09h, tendo em vista altera\u00e7\u00f5es no Termo de Refer\u00eancia.<\/p>\n<p><a href=\"https:\/\/goias.gov.br\/seguranca\/wp-content\/uploads\/sites\/56\/2023\/11\/sei-governadoria-53637976-edital.pdf\">SEI_GOVERNADORIA &#8211; 53637976 &#8211; Edital<\/a><\/p>\n<p><a href=\"https:\/\/goias.gov.br\/seguranca\/wp-content\/uploads\/sites\/56\/2023\/11\/sei-governadoria-53618081-termo-de-referencia.pdf\">SEI_GOVERNADORIA &#8211; 53618081 &#8211; Termo de Refer\u00eancia<\/a><\/p>\n<p style=\"text-align: center\">Amanda Fernandes da Silva &#8211; Pregoeira da SSP<\/p>\n","protected":false},"excerpt":{"rendered":"<p>AVISO DE ADIAMENTO &#8211; Preg\u00e3o Eletr\u00f4nico 155\/2023 Processo: 202300016021883. Solicitante: COORDENADORIA DE APOIO ADMINISTRATIVO &#8211; SPTC-GO. Objeto: Aquisi\u00e7\u00e3o de m\u00f3veis, equipamentos tecnol\u00f3gicos e de inform\u00e1tica (cadeira e mesa para escrit\u00f3rio, monitor, nobreak, scanner, lupa). A pregoeira respons\u00e1vel pelo procedimento em tela comunica aos interessados que a sess\u00e3o p\u00fablica definida para o dia 14\/11\/2023 foi adiada [&hellip;]<\/p>\n","protected":false},"author":3,"featured_media":0,"comment_status":"closed","ping_status":"closed","sticky":false,"template":"","format":"standard","meta":{"footnotes":"","_links_to":"","_links_to_target":""},"categories":[17,1],"tags":[49],"class_list":["post-92095","post","type-post","status-publish","format-standard","hentry","category-editais-e-licitacoes","category-sem-categoria","tag-adiamento"],"rttpg_featured_image_url":null,"rttpg_author":{"display_name":"joanaredator","author_link":"https:\/\/goias.gov.br\/seguranca\/author\/joanaredator\/"},"rttpg_comment":0,"rttpg_category":"<a href=\"https:\/\/goias.gov.br\/seguranca\/categoria\/editais-e-licitacoes\/\" rel=\"category tag\">Editais e Licita\u00e7\u00f5es<\/a> <a href=\"https:\/\/goias.gov.br\/seguranca\/categoria\/sem-categoria\/\" rel=\"category tag\">Sem categoria<\/a>","rttpg_excerpt":"AVISO DE ADIAMENTO &#8211; Preg\u00e3o Eletr\u00f4nico 155\/2023 Processo: 202300016021883. Solicitante: COORDENADORIA DE APOIO ADMINISTRATIVO &#8211; SPTC-GO. Objeto: Aquisi\u00e7\u00e3o de m\u00f3veis, equipamentos tecnol\u00f3gicos e de inform\u00e1tica (cadeira e mesa para escrit\u00f3rio, monitor, nobreak, scanner, lupa). A pregoeira respons\u00e1vel pelo procedimento em tela comunica aos interessados que a sess\u00e3o p\u00fablica definida para o dia 14\/11\/2023 foi adiada&hellip;","_links":{"self":[{"href":"https:\/\/goias.gov.br\/seguranca\/wp-json\/wp\/v2\/posts\/92095","targetHints":{"allow":["GET"]}}],"collection":[{"href":"https:\/\/goias.gov.br\/seguranca\/wp-json\/wp\/v2\/posts"}],"about":[{"href":"https:\/\/goias.gov.br\/seguranca\/wp-json\/wp\/v2\/types\/post"}],"author":[{"embeddable":true,"href":"https:\/\/goias.gov.br\/seguranca\/wp-json\/wp\/v2\/users\/3"}],"replies":[{"embeddable":true,"href":"https:\/\/goias.gov.br\/seguranca\/wp-json\/wp\/v2\/comments?post=92095"}],"version-history":[{"count":0,"href":"https:\/\/goias.gov.br\/seguranca\/wp-json\/wp\/v2\/posts\/92095\/revisions"}],"wp:attachment":[{"href":"https:\/\/goias.gov.br\/seguranca\/wp-json\/wp\/v2\/media?parent=92095"}],"wp:term":[{"taxonomy":"category","embeddable":true,"href":"https:\/\/goias.gov.br\/seguranca\/wp-json\/wp\/v2\/categories?post=92095"},{"taxonomy":"post_tag","embeddable":true,"href":"https:\/\/goias.gov.br\/seguranca\/wp-json\/wp\/v2\/tags?post=92095"}],"curies":[{"name":"wp","href":"https:\/\/api.w.org\/{rel}","templated":true}]}}